{"id":275191,"date":"2025-07-26T12:36:11","date_gmt":"2025-07-26T12:36:11","guid":{"rendered":"https:\/\/www.europesays.com\/fr\/275191\/"},"modified":"2025-07-26T12:36:11","modified_gmt":"2025-07-26T12:36:11","slug":"le-plus-petit-serpent-au-monde-apercu-a-la-barbade","status":"publish","type":"post","link":"https:\/\/www.europesays.com\/fr\/275191\/","title":{"rendered":"le plus petit serpent au monde aper\u00e7u \u00e0 la Barbade"},"content":{"rendered":"<p>Si petit qu&rsquo;on pourrait le confondre avec un ver de terre, le serpent fil de la Barbade a \u00e9t\u00e9 aper\u00e7u sur l&rsquo;\u00cele de La Barbade.<\/p>\n<p>Le serpent fil de<a href=\"https:\/\/www.bfmtv.com\/international\/ces-pays-qui-veulent-quitter-la-monarchie-britannique_VN-202305070287.html\" title=\"Ces pays qui veulent quitter la monarchie britannique\" class=\"internal_link\" rel=\"nofollow noopener\" target=\"_blank\"> la Barbade<\/a>, si petit qu&rsquo;on pourrait le confondre avec un ver de terre, a \u00e9t\u00e9 aper\u00e7u sur cette \u00eele des Cara\u00efbes, pr\u00e8s de 20 ans apr\u00e8s la derni\u00e8re observation document\u00e9e.<\/p>\n<p>D&rsquo;une longueur de huit \u00e0 dix centim\u00e8tres une fois adulte, le Tetracheilostoma carlae, de son nom latin, est le serpent le plus petit du monde.<\/p>\n<p>D\u00e9couvert apr\u00e8s plus d&rsquo;un an de recherche<\/p>\n<p>C&rsquo;est sous un caillou qu&rsquo;il a \u00e9t\u00e9 rep\u00e9r\u00e9 en mars 2025, apr\u00e8s plus d&rsquo;un an de recherche, lors d&rsquo;une mission du minist\u00e8re de l&rsquo;Environnement de la Barbade et de l&rsquo;association de protection de l&rsquo;environnement Re:wild.<\/p>\n<blockquote class=\"embed embed_quote\"><p>\u00ab\u00a0Il n&rsquo;y a eu qu&rsquo;une poign\u00e9e d&rsquo;observations depuis 1889\u00a0\u00bb, a soulign\u00e9 dans un communiqu\u00e9 Connor Blades, un agent du minist\u00e8re impliqu\u00e9 dans la mission.<\/p><\/blockquote>\n<p>Une esp\u00e8ce vuln\u00e9rable<\/p>\n<p>Le serpent fil de la Barbade est particuli\u00e8rement vuln\u00e9rable: la femelle ne pond qu&rsquo;un seul oeuf \u00e0 la fois.<\/p>\n<p>Sa red\u00e9couverte est \u00ab\u00a0un rappel, pour nous habitants de la Barbade, que les for\u00eats de la Barbade sont si particuli\u00e8res et n\u00e9cessitent d&rsquo;\u00eatre prot\u00e9g\u00e9es\u00a0\u00bb, a d\u00e9clar\u00e9 Justin Springer, de l&rsquo;ONG Re:wild. Seulement 2% de la for\u00eat primaire de cette \u00eele des Cara\u00efbes demeure intacte<\/p>\n","protected":false},"excerpt":{"rendered":"Si petit qu&rsquo;on pourrait le confondre avec un ver de terre, le serpent fil de la Barbade a&hellip;\n","protected":false},"author":2,"featured_media":275192,"comment_status":"","ping_status":"","sticky":false,"template":"","format":"standard","meta":{"footnotes":""},"categories":[1586],"tags":[11,1777,674,1779,1011,27,12,25,1778,364],"class_list":{"0":"post-275191","1":"post","2":"type-post","3":"status-publish","4":"format-standard","5":"has-post-thumbnail","7":"category-europe","8":"tag-actualites","9":"tag-eu","10":"tag-europe","11":"tag-european-union","12":"tag-fr","13":"tag-france","14":"tag-news","15":"tag-republique-francaise","16":"tag-ue","17":"tag-union-europeenne"},"share_on_mastodon":{"url":"https:\/\/pubeurope.com\/@fr\/114919570379721999","error":""},"_links":{"self":[{"href":"https:\/\/www.europesays.com\/fr\/wp-json\/wp\/v2\/posts\/275191","targetHints":{"allow":["GET"]}}],"collection":[{"href":"https:\/\/www.europesays.com\/fr\/wp-json\/wp\/v2\/posts"}],"about":[{"href":"https:\/\/www.europesays.com\/fr\/wp-json\/wp\/v2\/types\/post"}],"author":[{"embeddable":true,"href":"https:\/\/www.europesays.com\/fr\/wp-json\/wp\/v2\/users\/2"}],"replies":[{"embeddable":true,"href":"https:\/\/www.europesays.com\/fr\/wp-json\/wp\/v2\/comments?post=275191"}],"version-history":[{"count":0,"href":"https:\/\/www.europesays.com\/fr\/wp-json\/wp\/v2\/posts\/275191\/revisions"}],"wp:featuredmedia":[{"embeddable":true,"href":"https:\/\/www.europesays.com\/fr\/wp-json\/wp\/v2\/media\/275192"}],"wp:attachment":[{"href":"https:\/\/www.europesays.com\/fr\/wp-json\/wp\/v2\/media?parent=275191"}],"wp:term":[{"taxonomy":"category","embeddable":true,"href":"https:\/\/www.europesays.com\/fr\/wp-json\/wp\/v2\/categories?post=275191"},{"taxonomy":"post_tag","embeddable":true,"href":"https:\/\/www.europesays.com\/fr\/wp-json\/wp\/v2\/tags?post=275191"}],"curies":[{"name":"wp","href":"https:\/\/api.w.org\/{rel}","templated":true}]}}