{"id":275195,"date":"2025-07-26T12:38:12","date_gmt":"2025-07-26T12:38:12","guid":{"rendered":"https:\/\/www.europesays.com\/fr\/275195\/"},"modified":"2025-07-26T12:38:12","modified_gmt":"2025-07-26T12:38:12","slug":"je-ne-voulais-vraiment-pas-tricher-lenny-martinez-sexcuse-deux-jours-apres-son-bidon-colle-sur-le-tour-de-france-2025-lequipe","status":"publish","type":"post","link":"https:\/\/www.europesays.com\/fr\/275195\/","title":{"rendered":"\u00ab Je ne voulais vraiment pas tricher \u00bb : Lenny Martinez s&#039;excuse deux jours apr\u00e8s son \u00ab bidon coll\u00e9 \u00bb sur le Tour de France 2025 &#8211; L&#039;\u00c9quipe"},"content":{"rendered":"<ol>\n<li><a href=\"https:\/\/news.google.com\/rss\/articles\/CBMijAJBVV95cUxPQ3pMOVUtQVNuUnN1TS03dmpXOEtTbno2TDVSekdpMkh0b1ROMWViaEg2X3NsUjRSSW52NkU2ZmhfcjFPcFpYeWJRUVpxZnI4OFZNdUFVTTQwcXQzU1FaVUpEaHZKOUNkd1ZJRGZncUFDTTFMQzRCRE4yZzNrYWdQcEdwOEdIWER5YWhqaUJsWkRvSnV3d2JvSWZtaHBxTlNLd0EyUjZTUkFoTk1Dd054WmMtQlU5ZnhLTGNNazhJZk9fdEVaTW1oRDRTX3V0dVRVN2JqVlkxRU5weU9HaGVwU2hmMFVnTGc3blVSS3pDa3VNVExwMUN3XzF5RVZPVXplUnBGUGZ5Mkt2RlVy?oc=5\" target=\"_blank\" rel=\"nofollow noopener\">\u00ab Je ne voulais vraiment pas tricher \u00bb : Lenny Martinez s&rsquo;excuse deux jours apr\u00e8s son \u00ab bidon coll\u00e9 \u00bb sur le Tour de France 2025<\/a>&nbsp;&nbsp;L&rsquo;\u00c9quipe<\/li>\n<li><a href=\"https:\/\/news.google.com\/rss\/articles\/CBMi2gFBVV95cUxQM3RhWHF6azh1dFc3SnQxRHI2Z2ZCQUxDUjNzNlRTV29Kb2t1WFpYVDJNVXNlWlE4T2NJVzlrdmdoZGlpUHZKRWl3RVJVWHRibGVid2VsbHd2ZWo5RjNFVzEzdi1HcGNpdkN0VjRqUkFMbC14anFheUxiVlQ4RHo0ZTZrQWRsaVRhNDF0ZjFoTzlyM09mODBTWG4yMVZSbElYem51bVZ4REgxUVh1dUF5N2JwQi1MazNBU0k5c3BpX3R0aV9lNWNJWl80SHlDUG1SSmZEMXF3d3JyUdIB2AFBVV95cUxOUGVTa2JIVURBR2NoWXFTSDI5Q3UyLUpUWE5tNVRqOERUZm1iWUQtVmdHcURpRV9FX1U0anRpV0dWQVloZzdhWHpVV2gtc2RycDBSODQyUWMzSEFqa1NZOW5rRy1kOTA4c1I0cTRyM2hQQjVoMHVsTzdzMzhvOXZZbzFJUGtKU0wxc2djQlNRUk5VTzlJNUVxaUcyVnJJTWhLcFJUcGZVNV80VEY4WnRDTVByNTJ5azYzU0dBaERDME02ZnVWVURqU2JyRUt3Z0Z3OUhlYmRKeXE?oc=5\" target=\"_blank\" rel=\"nofollow noopener\">Tour de France : Martinez d\u00e9fendu par son \u00e9quipe<\/a>&nbsp;&nbsp;Orange Actualit\u00e9s | Sports<\/li>\n<li><a href=\"https:\/\/news.google.com\/rss\/articles\/CBMi4wFBVV95cUxPSmxEMVlfWDdZV2xTMjloaEw3YXptQ01nY2pLSHJiUlhkUHFxczBWRHNzS2tEQ1BEYmMydG9URjhuVGJmV2RQOGhZaEhWNTNHUTFfZVZNZDlIWVR2RndzWTA0NnR3RlJRcGhfRmEzY3lmblNxWmVKWGZDOHJNa0dEQkF2UHc0dzEySFlNWllERjA4VlpjT003Z1V5TDhoQlhBdTF3ZXByam1SYV9adUZXYXVuY1RTRm9YT0JUcWJyb0c0NEJVbVBvUjJ2UGRKRmlScFVxRHVrUVZhWno1LW5WLWtMNA?oc=5\" target=\"_blank\" rel=\"nofollow noopener\">K\u00e9vin Vauquelin \u00e9cope d\u2019une amende pour avoir utilis\u00e9 la m\u00e9thode \u00ab du bidon coll\u00e9 \u00bb<\/a>&nbsp;&nbsp;Le T\u00e9l\u00e9gramme<\/li>\n<li><a href=\"https:\/\/news.google.com\/rss\/articles\/CBMiwAFBVV95cUxQWEgzWHYwcHgzdjAxQTQ2ekFab3pmNkNrUkRxekM2anpTZEg1amU1R1poeWtuMnZLbHRMaHFYSFhyMGNTZGM5c29uc0pSbzZiUW94VG1NMW5HbFRkTTBuNWZ3US1XYVhHQlJfZFE4VkpMb0lZS0dVV3g4bHJxcnVIYXRrOUtoNHpYeDdsRXFiSm8yR1g5M05uSkJxU1Z3cnJNZ3lTYlYyOC10NXU1R1NVdjB1YW9zckFEWFdCTEhSd2E?oc=5\" target=\"_blank\" rel=\"nofollow noopener\">Tour de France 2025. Pourquoi Lenny Martinez a perdu plus que le maillot \u00e0 pois lors de la 18e \u00e9tape<\/a>&nbsp;&nbsp;Le Dauphin\u00e9 Lib\u00e9r\u00e9<\/li>\n<li><a href=\"https:\/\/news.google.com\/rss\/articles\/CBMipAJBVV95cUxPUFRFRmRicXF4Q1Z0emduelhkMmYwaHptcWRad0F3WTFUV2cydGxkZXRCb1ZFc2dJY21WeDVKOGNWSWlKaXV0N3FKczBUS3VXQ3NtR3hhOFMxUTRYR0d0OGx2eUFzMXRhQ0Y5d2lKZ09DOEZVZXFjSkFwZGhuVnJBMnhROVhIRGhOM1pfaUItTDBrTkxHajdUWFVkLXJCQWRGRS1zVWstVUppOGdWLU1fOEwwUU9OdUZUcHY0MlBXcUsxTnFFX1hzUHFTQ25rZlJrc0ZmYlo4SjZCbEtpeVFFSzBHN1RvOXZubE5NXzdINXpua1ItMzhBSkpxWG53bXN1akJpRFlQMm1kQ2cwRGY2T0N5dGZ3bnR3MmRjeG01WTRHS09E?oc=5\" target=\"_blank\" rel=\"nofollow noopener\">Tour de France 2025 : apr\u00e8s son \u00abbidon coll\u00e9\u00bb, Lenny Martinez \u00e9cope de deux amendes et se fait p\u00e9naliser au classement du meilleur grimpeur<\/a>&nbsp;&nbsp;Le Figaro<\/li>\n<\/ol>\n","protected":false},"excerpt":{"rendered":"\u00ab Je ne voulais vraiment pas tricher \u00bb : Lenny Martinez s&rsquo;excuse deux jours apr\u00e8s son \u00ab bidon&hellip;\n","protected":false},"author":2,"featured_media":275196,"comment_status":"","ping_status":"","sticky":false,"template":"","format":"standard","meta":{"footnotes":""},"categories":[2],"tags":[11,1011,27,12,25],"class_list":{"0":"post-275195","1":"post","2":"type-post","3":"status-publish","4":"format-standard","5":"has-post-thumbnail","7":"category-actualites","8":"tag-actualites","9":"tag-fr","10":"tag-france","11":"tag-news","12":"tag-republique-francaise"},"share_on_mastodon":{"url":"https:\/\/pubeurope.com\/@fr\/114919578253639158","error":""},"_links":{"self":[{"href":"https:\/\/www.europesays.com\/fr\/wp-json\/wp\/v2\/posts\/275195","targetHints":{"allow":["GET"]}}],"collection":[{"href":"https:\/\/www.europesays.com\/fr\/wp-json\/wp\/v2\/posts"}],"about":[{"href":"https:\/\/www.europesays.com\/fr\/wp-json\/wp\/v2\/types\/post"}],"author":[{"embeddable":true,"href":"https:\/\/www.europesays.com\/fr\/wp-json\/wp\/v2\/users\/2"}],"replies":[{"embeddable":true,"href":"https:\/\/www.europesays.com\/fr\/wp-json\/wp\/v2\/comments?post=275195"}],"version-history":[{"count":0,"href":"https:\/\/www.europesays.com\/fr\/wp-json\/wp\/v2\/posts\/275195\/revisions"}],"wp:featuredmedia":[{"embeddable":true,"href":"https:\/\/www.europesays.com\/fr\/wp-json\/wp\/v2\/media\/275196"}],"wp:attachment":[{"href":"https:\/\/www.europesays.com\/fr\/wp-json\/wp\/v2\/media?parent=275195"}],"wp:term":[{"taxonomy":"category","embeddable":true,"href":"https:\/\/www.europesays.com\/fr\/wp-json\/wp\/v2\/categories?post=275195"},{"taxonomy":"post_tag","embeddable":true,"href":"https:\/\/www.europesays.com\/fr\/wp-json\/wp\/v2\/tags?post=275195"}],"curies":[{"name":"wp","href":"https:\/\/api.w.org\/{rel}","templated":true}]}}