{"id":275212,"date":"2025-07-26T12:49:27","date_gmt":"2025-07-26T12:49:27","guid":{"rendered":"https:\/\/www.europesays.com\/fr\/275212\/"},"modified":"2025-07-26T12:49:27","modified_gmt":"2025-07-26T12:49:27","slug":"qui-est-julie-zitouni-elue-miss-provence-2025","status":"publish","type":"post","link":"https:\/\/www.europesays.com\/fr\/275212\/","title":{"rendered":"Qui est Julie Zitouni, \u00e9lue Miss Provence 2025 ?"},"content":{"rendered":"<p>Aisance, charisme, un visage ang\u00e9lique et une chevelure parfaite, Julie Zitouni a conquis le c\u0153ur du public et du jury. Ce vendredi 25 juillet, c\u2019est elle qui a remport\u00e9 la couronne de Miss Provence 2025. Au terme d\u2019une longue soir\u00e9e estivale dans la chaleur douce de Saint-Rapha\u00ebl, la jeune femme d\u20191,72 m s\u2019est d\u00e9marqu\u00e9e parmi les 13 autres candidates \u00e0 concourir pour l\u2019\u00e9charpe tant convoit\u00e9e. Pas de doute, avec l\u2019amour que porte la reine de beaut\u00e9 de 26 ans \u00e0 sa r\u00e9gion et \u00e0 sa ville natale, Marseille, elle portera haut et fort les couleurs de la Provence au concours national qui se tiendra en d\u00e9cembre prochain, dans un lieu encore inconnu. \u00ab\u00a0Je me suis pr\u00e9sent\u00e9e \u00e0 l&rsquo;\u00e9lection pour repr\u00e9senter avec fiert\u00e9 le Sud, me d\u00e9passer, partager ma joie de vivre. Je vais tout donner. La Provence va briller\u00a0\u00bb, a-t-elle clam\u00e9 \u00e0 peine quelques instants apr\u00e8s avoir pos\u00e9 la couronne sur sa t\u00eate. Ils \u00e9taient nombreux \u00e0 avoir fait le d\u00e9placement pour assister \u00e0 l\u2019\u00e9lection de Miss Provence 2025. Parmi eux, les proches des candidates, dont les s\u0153urs de Julie venues la soutenir avec fiert\u00e9. Des figures embl\u00e9matiques du comit\u00e9 Miss France avaient \u00e9galement r\u00e9pondu pr\u00e9sent, comme <a href=\"https:\/\/www.programme-tv.net\/biographie\/4055463-bertaud-miss-provence-2024-megane\/\" data-link-people=\"ac8e25ef-0ce0-464b-8f59-4bcaa6453d38\" rel=\"nofollow noopener\" target=\"_blank\">M\u00e9gane Bertaud, Miss Provence 2024<\/a>, ou encore <a href=\"https:\/\/www.programme-tv.net\/news\/evenement\/miss-france-miss-france\/383227-angelique-angarni-filopon-miss-france-2025-se-confie-sur-sa-vie-amoureuse-j-ai-connu-les-garcons-tres-tard\/\" data-api-deeplink=\"teleloisirs:\/\/news\/383227\" rel=\"nofollow noopener\" target=\"_blank\">Ang\u00e9lique Angarni-Filopon, Miss France 2025, qui s&rsquo;est r\u00e9cemment confi\u00e9e sur sa vie amoureuse<\/a>.<\/p>\n<p>                        \u201cElle doit rester dans sa bulle\u201d : les conseils d\u2019Ang\u00e9lique Angarni-Filopon (Miss France 2025) \u00e0 Miss Provence 2025<\/p>\n<p>Comme \u00e0 chaque \u00e9lection r\u00e9gionale, <a href=\"https:\/\/www.programme-tv.net\/biographie\/4075900-angarni-filopon-miss-martinique-2024-angelique\/\" data-link-people=\"66561830-2572-45c6-a774-b96f27dad415\" rel=\"nofollow noopener\" target=\"_blank\">Ang\u00e9lique Angarni-Filopon, Miss France 2025<\/a>, \u00e9tait pr\u00e9sente au Palais des Congr\u00e8s de Saint-Rapha\u00ebl pour assister au sacre de Julie Zitouni. Apr\u00e8s le d\u00e9nouement, Miss France 2025 est venue f\u00e9liciter la jeune reine de beaut\u00e9 et en a profit\u00e9 pour lui prodiguer quelques conseils avis\u00e9s. \u00ab\u00a0Elle doit rester dans sa bulle, bien se pr\u00e9parer\u00a0\u00bb, a-t-elle confi\u00e9 au micro du m\u00e9dia <a href=\"https:\/\/www.laprovence.com\/article\/region\/7326257624320314\/decouvrez-miss-provence-2025-julie-zitouni-originaire-de-marseille\" rel=\"nofollow noopener\" target=\"_blank\">La Provence<\/a>. Si la beaut\u00e9 de Julie Zitouni a \u00e9bloui, c\u2019est sans conteste son aisance et son charisme qui ont fait la diff\u00e9rence sur sc\u00e8ne. \u00c0 ce propos, Ang\u00e9lique Angarni-Filopon a \u00e9galement quelques recommandations \u00e0 lui faire. \u00ab\u00a0Elle doit le prendre avec la &lsquo;coolitude&rsquo; extr\u00eame qu&rsquo;elle peut avoir. Et je souhaite qu&rsquo;elle am\u00e8ne \u00e7a dans l&rsquo;aventure\u00a0\u00bb, a-t-elle d\u00e9clar\u00e9 \u00e0 nos confr\u00e8res. Avec toutes ses pr\u00e9conisations, Julie Zitouni, Miss Provence 2025, a toutes ses chances pour remporter la couronne en d\u00e9cembre prochain. Un exploit qui n\u2019a pas eu lieu depuis 1979 pour la r\u00e9gion.<\/p>\n<p>            Qui sont les candidates d\u00e9j\u00e0 connues pour Miss France 2026 ?<\/p>\n<p>Avec l\u2019\u00e9lection de Julie Zitouni, Miss Provence 2025, nous connaissons d\u00e9sormais le visage des 8 premi\u00e8res candidates au concours national Miss France 2026. Victoire Dupuis a ouvert le bal en devenant Miss Normandie en juin, suivie de Julie Decroix pour l\u2019Alsace, Hinaupoko Deveze pour Tahiti, Alice De Lima Guimaraes pour l\u2019Auvergne, Anna Valero pour le Centre\u2011Val\u2011de\u2011Loire, <a href=\"https:\/\/www.programme-tv.net\/news\/evenement\/miss-france-miss-france\/383265-miss-france-2026-qui-est-alicia-mertosetiko-elue-miss-guyane-2025\/\" data-api-deeplink=\"teleloisirs:\/\/news\/383265\" rel=\"nofollow noopener\" target=\"_blank\">Alicia Mertosetiko pour la Guyane<\/a>, <a href=\"https:\/\/www.programme-tv.net\/news\/evenement\/miss-france-miss-france\/383658-miss-france-2026-qui-est-naomi-torrent-elue-miss-guadeloupe-2025\/\" data-api-deeplink=\"teleloisirs:\/\/news\/383658\" rel=\"nofollow noopener\" target=\"_blank\">Naomi Torrent pour la Guadeloupe<\/a>, et Manon Mateus, Miss Corse 2025.<\/p>\n<blockquote class=\"instagram-media\" data-instgrm-captioned=\"\" data-instgrm-permalink=\"https:\/\/www.instagram.com\/p\/DMkCwH4M3D4\/?utm_source=ig_embed&amp;utm_campaign=loading\" data-instgrm-version=\"14\" style=\" background:#FFF; border:0; border-radius:3px; box-shadow:0 0 1px 0 rgba(0,0,0,0.5),0 1px 10px 0 rgba(0,0,0,0.15); margin: 1px; max-width:658px; min-width:326px; padding:0; width:99.375%; width:-webkit-calc(100% - 2px); width:calc(100% - 2px);\"\/>\n<p>    <script async src=\"\/\/www.instagram.com\/embed.js\"><\/script><\/p>\n","protected":false},"excerpt":{"rendered":"Aisance, charisme, un visage ang\u00e9lique et une chevelure parfaite, Julie Zitouni a conquis le c\u0153ur du public et&hellip;\n","protected":false},"author":2,"featured_media":275213,"comment_status":"","ping_status":"","sticky":false,"template":"","format":"standard","meta":{"footnotes":""},"categories":[1359],"tags":[1111,244,58,41457,59,1011,27,3034,12664,41456,973,12662,12660,12663,12661],"class_list":{"0":"post-275212","1":"post","2":"type-post","3":"status-publish","4":"format-standard","5":"has-post-thumbnail","7":"category-people","8":"tag-actu","9":"tag-commentaire","10":"tag-divertissement","11":"tag-election-de-miss-france","12":"tag-entertainment","13":"tag-fr","14":"tag-france","15":"tag-miss-france","16":"tag-miss-france-2025","17":"tag-miss-ru00e9gionales","18":"tag-people","19":"tag-questions-de-fans","20":"tag-syndication","21":"tag-tl","22":"tag-tm"},"share_on_mastodon":{"url":"https:\/\/pubeurope.com\/@fr\/114919621551778726","error":""},"_links":{"self":[{"href":"https:\/\/www.europesays.com\/fr\/wp-json\/wp\/v2\/posts\/275212","targetHints":{"allow":["GET"]}}],"collection":[{"href":"https:\/\/www.europesays.com\/fr\/wp-json\/wp\/v2\/posts"}],"about":[{"href":"https:\/\/www.europesays.com\/fr\/wp-json\/wp\/v2\/types\/post"}],"author":[{"embeddable":true,"href":"https:\/\/www.europesays.com\/fr\/wp-json\/wp\/v2\/users\/2"}],"replies":[{"embeddable":true,"href":"https:\/\/www.europesays.com\/fr\/wp-json\/wp\/v2\/comments?post=275212"}],"version-history":[{"count":0,"href":"https:\/\/www.europesays.com\/fr\/wp-json\/wp\/v2\/posts\/275212\/revisions"}],"wp:featuredmedia":[{"embeddable":true,"href":"https:\/\/www.europesays.com\/fr\/wp-json\/wp\/v2\/media\/275213"}],"wp:attachment":[{"href":"https:\/\/www.europesays.com\/fr\/wp-json\/wp\/v2\/media?parent=275212"}],"wp:term":[{"taxonomy":"category","embeddable":true,"href":"https:\/\/www.europesays.com\/fr\/wp-json\/wp\/v2\/categories?post=275212"},{"taxonomy":"post_tag","embeddable":true,"href":"https:\/\/www.europesays.com\/fr\/wp-json\/wp\/v2\/tags?post=275212"}],"curies":[{"name":"wp","href":"https:\/\/api.w.org\/{rel}","templated":true}]}}