{"id":275216,"date":"2025-07-26T12:51:11","date_gmt":"2025-07-26T12:51:11","guid":{"rendered":"https:\/\/www.europesays.com\/fr\/275216\/"},"modified":"2025-07-26T12:51:11","modified_gmt":"2025-07-26T12:51:11","slug":"etre-en-cybersecurite-de-christophe-mazzola-comprendre-anticiper-se-proteger","status":"publish","type":"post","link":"https:\/\/www.europesays.com\/fr\/275216\/","title":{"rendered":"\u00catre en cybers\u00e9curit\u00e9 de Christophe Mazzola : comprendre, anticiper, se prot\u00e9ger"},"content":{"rendered":"<p>\n\t\t\t\t\t D\u00e8s l\u2019avant-propos,<strong> Christophe Mazzola<\/strong> frappe fort :<strong> plus de 33 millions de Fran\u00e7ais ont vu leurs donn\u00e9es personnelles compromises en 2024<\/strong>. L\u2019auteur, fort d\u2019une exp\u00e9rience de terrain en Belgique, dresse un constat inqui\u00e9tant sur la maturit\u00e9 num\u00e9rique des institutions publiques. Mais il ne s\u2019arr\u00eate pas \u00e0 la critique : il interroge notre responsabilit\u00e9 collective et individuelle face \u00e0 la mont\u00e9e des menaces. <strong>Pourquoi restons-nous passifs ?<\/strong> Comment faire \u00e9voluer notre rapport au num\u00e9rique ? Autant de questions qui servent de point de d\u00e9part \u00e0 une d\u00e9marche pragmatique et humaniste.\n\t\t\t\t <\/p>\n","protected":false},"excerpt":{"rendered":"D\u00e8s l\u2019avant-propos, Christophe Mazzola frappe fort : plus de 33 millions de Fran\u00e7ais ont vu leurs donn\u00e9es personnelles&hellip;\n","protected":false},"author":2,"featured_media":275217,"comment_status":"","ping_status":"","sticky":false,"template":"","format":"standard","meta":{"footnotes":""},"categories":[1357],"tags":[1379,41460,251,1075,58,59,13553,1011,27,311,1351,2003,1380,16033],"class_list":{"0":"post-275216","1":"post","2":"type-post","3":"status-publish","4":"format-standard","5":"has-post-thumbnail","7":"category-livres","8":"tag-books","9":"tag-christophe-mazzola","10":"tag-culture","11":"tag-cybersecurite","12":"tag-divertissement","13":"tag-entertainment","14":"tag-fnac","15":"tag-fr","16":"tag-france","17":"tag-informatique","18":"tag-litterature","19":"tag-livre","20":"tag-livres","21":"tag-tech"},"share_on_mastodon":{"url":"https:\/\/pubeurope.com\/@fr\/114919629384070150","error":""},"_links":{"self":[{"href":"https:\/\/www.europesays.com\/fr\/wp-json\/wp\/v2\/posts\/275216","targetHints":{"allow":["GET"]}}],"collection":[{"href":"https:\/\/www.europesays.com\/fr\/wp-json\/wp\/v2\/posts"}],"about":[{"href":"https:\/\/www.europesays.com\/fr\/wp-json\/wp\/v2\/types\/post"}],"author":[{"embeddable":true,"href":"https:\/\/www.europesays.com\/fr\/wp-json\/wp\/v2\/users\/2"}],"replies":[{"embeddable":true,"href":"https:\/\/www.europesays.com\/fr\/wp-json\/wp\/v2\/comments?post=275216"}],"version-history":[{"count":0,"href":"https:\/\/www.europesays.com\/fr\/wp-json\/wp\/v2\/posts\/275216\/revisions"}],"wp:featuredmedia":[{"embeddable":true,"href":"https:\/\/www.europesays.com\/fr\/wp-json\/wp\/v2\/media\/275217"}],"wp:attachment":[{"href":"https:\/\/www.europesays.com\/fr\/wp-json\/wp\/v2\/media?parent=275216"}],"wp:term":[{"taxonomy":"category","embeddable":true,"href":"https:\/\/www.europesays.com\/fr\/wp-json\/wp\/v2\/categories?post=275216"},{"taxonomy":"post_tag","embeddable":true,"href":"https:\/\/www.europesays.com\/fr\/wp-json\/wp\/v2\/tags?post=275216"}],"curies":[{"name":"wp","href":"https:\/\/api.w.org\/{rel}","templated":true}]}}