{"id":275218,"date":"2025-07-26T12:52:11","date_gmt":"2025-07-26T12:52:11","guid":{"rendered":"https:\/\/www.europesays.com\/fr\/275218\/"},"modified":"2025-07-26T12:52:11","modified_gmt":"2025-07-26T12:52:11","slug":"jon-stewart-denonce-a-lantenne-et-avec-vehemence-le-limogeage-de-stephen-colbert-par-cbs","status":"publish","type":"post","link":"https:\/\/www.europesays.com\/fr\/275218\/","title":{"rendered":"Jon Stewart d\u00e9nonce \u00e0 l\u2019antenne et avec v\u00e9h\u00e9mence le limogeage de Stephen Colbert par CBS"},"content":{"rendered":"<p>Jon Stewart n\u2019a pas m\u00e2ch\u00e9 ses mots. L\u2019animateur du Daily Show de Comedy Central a profit\u00e9 de son \u00e9mission pour critiquer violemment <a href=\"https:\/\/www.20minutes.fr\/arts-stars\/television\/4164441-20250719-donald-trump-ravi-arret-late-show-stephen-colbert\" target=\"_blank\" class=\"color-ultramarine c-link\" rel=\"nofollow noopener\">l\u2019annulation du Late Show<\/a> de Stephen Colbert par CBS. Le programme, qui cessera en mai\u00a02026 apr\u00e8s trois d\u00e9cennies d\u2019existence, \u00e9tait pourtant le talk-show de fin de soir\u00e9e avec les meilleures audiences de la cha\u00eene.<\/p>\n<p>\u00ab\u00a0Le fait que CBS n\u2019ait m\u00eame pas essay\u00e9 de sauver sa franchise de fin de soir\u00e9e num\u00e9ro\u00a01\u2026 C\u2019est \u00e0 se demander si cette d\u00e9cision est purement financi\u00e8re, ou peut-\u00eatre le chemin de la moindre r\u00e9sistance pour cette fusion \u00e0 8\u00a0milliards de dollars\u00a0\u00bb, a d\u00e9clar\u00e9 Jon Stewart dans son \u00e9mission.<\/p>\n<p>Une grosse erreur selon l\u2019animateur<\/p>\n<p>La sortie de Jon Stewart fait r\u00e9f\u00e9rence au rachat en cours de Paramount Global, maison-m\u00e8re de CBS et Comedy Central, par Skydance Media. Or, comme le souligne <a href=\"https:\/\/edition.cnn.com\/2025\/07\/22\/media\/jon-stewart-x-colbert\" rel=\"nofollow noopener\" target=\"_blank\" class=\"color-ultramarine c-link\">CNN<\/a>, certains commentateurs voient dans ce rachat un risque pour la ligne \u00e9ditoriale de CBS, cha\u00eene encore consid\u00e9r\u00e9e il y a peu comme le\u00a0havre d\u2019une certaine libert\u00e9 de ton et surtout d\u2019une neutralit\u00e9 journalistique qui fait aujourd\u2019hui d\u00e9faut dans de nombreux m\u00e9dias am\u00e9ricains.<\/p>\n<p>L\u00e0-dessus, CBS a pr\u00e9f\u00e9r\u00e9 invoquer des raisons financi\u00e8res et une conjoncture difficile pour les programmes de fin de soir\u00e9e pour justifier le d\u00e9part de Stephen Colbert, lequel ne manquait jamais une occasion de se moquer d\u2019un certain <a href=\"https:\/\/www.20minutes.fr\/arts-stars\/television\/4164768-20250722-allez-faire-f-stephen-colbert-repond-donald-trump-apres-fin-programmee-late-show\" target=\"_blank\" class=\"color-ultramarine c-link\" rel=\"nofollow noopener\">Donald Trump<\/a>, mais aussi de d\u00e9noncer ce rachat par Skydance Media, qui doit \u00eatre valid\u00e9 par\u2026 l\u2019administration Trump. Jon Stewart a eu du mal \u00e0 retenir sa col\u00e8re envers CBS et Paramount.<\/p>\n<p>\u00ab\u00a0Si vous croyez en tant qu\u2019entreprises ou cha\u00eenes que vous pouvez vous rendre inoffensifs, que vous pouvez servir une bouillie si fade que vous ne risquerez plus jamais de provoquer la col\u00e8re de Trump, vous vous trompez compl\u00e8tement\u00a0\u00bb, a-t-il enfin lanc\u00e9. Une nouvelle preuve que, des deux c\u00f4t\u00e9s de l\u2019Atlantique, le <a href=\"https:\/\/www.20minutes.fr\/arts-stars\/medias\/3218083-20220117-concentration-medias-vincent-bollore-bernard-arnault-autres-magnats-presse-convoques-senat\" target=\"_blank\" class=\"color-ultramarine c-link\" rel=\"nofollow noopener\">processus de concentration<\/a> est aussi inqui\u00e9tant qu\u2019il semble inexorable.<\/p>\n","protected":false},"excerpt":{"rendered":"Jon Stewart n\u2019a pas m\u00e2ch\u00e9 ses mots. L\u2019animateur du Daily Show de Comedy Central a profit\u00e9 de son&hellip;\n","protected":false},"author":2,"featured_media":275219,"comment_status":"","ping_status":"","sticky":false,"template":"","format":"standard","meta":{"footnotes":""},"categories":[1356],"tags":[7411,9006,58,75,59,1011,27,973,252,1364,133],"class_list":{"0":"post-275218","1":"post","2":"type-post","3":"status-publish","4":"format-standard","5":"has-post-thumbnail","7":"category-television","8":"tag-cbs","9":"tag-censure","10":"tag-divertissement","11":"tag-donald-trump","12":"tag-entertainment","13":"tag-fr","14":"tag-france","15":"tag-people","16":"tag-television","17":"tag-tv","18":"tag-video"},"share_on_mastodon":{"url":"https:\/\/pubeurope.com\/@fr\/114919633331023023","error":""},"_links":{"self":[{"href":"https:\/\/www.europesays.com\/fr\/wp-json\/wp\/v2\/posts\/275218","targetHints":{"allow":["GET"]}}],"collection":[{"href":"https:\/\/www.europesays.com\/fr\/wp-json\/wp\/v2\/posts"}],"about":[{"href":"https:\/\/www.europesays.com\/fr\/wp-json\/wp\/v2\/types\/post"}],"author":[{"embeddable":true,"href":"https:\/\/www.europesays.com\/fr\/wp-json\/wp\/v2\/users\/2"}],"replies":[{"embeddable":true,"href":"https:\/\/www.europesays.com\/fr\/wp-json\/wp\/v2\/comments?post=275218"}],"version-history":[{"count":0,"href":"https:\/\/www.europesays.com\/fr\/wp-json\/wp\/v2\/posts\/275218\/revisions"}],"wp:featuredmedia":[{"embeddable":true,"href":"https:\/\/www.europesays.com\/fr\/wp-json\/wp\/v2\/media\/275219"}],"wp:attachment":[{"href":"https:\/\/www.europesays.com\/fr\/wp-json\/wp\/v2\/media?parent=275218"}],"wp:term":[{"taxonomy":"category","embeddable":true,"href":"https:\/\/www.europesays.com\/fr\/wp-json\/wp\/v2\/categories?post=275218"},{"taxonomy":"post_tag","embeddable":true,"href":"https:\/\/www.europesays.com\/fr\/wp-json\/wp\/v2\/tags?post=275218"}],"curies":[{"name":"wp","href":"https:\/\/api.w.org\/{rel}","templated":true}]}}