{"id":275222,"date":"2025-07-26T12:54:11","date_gmt":"2025-07-26T12:54:11","guid":{"rendered":"https:\/\/www.europesays.com\/fr\/275222\/"},"modified":"2025-07-26T12:54:11","modified_gmt":"2025-07-26T12:54:11","slug":"kevin-feige-evoque-la-possibilite-de-recaster-tous-les-superheros-de-son-ecurie","status":"publish","type":"post","link":"https:\/\/www.europesays.com\/fr\/275222\/","title":{"rendered":"Kevin Feige \u00e9voque la possibilit\u00e9 de recaster tous les superh\u00e9ros de son \u00e9curie"},"content":{"rendered":"<p>Kevin Feige lance un pav\u00e9 dans la mare du MCU. Le patron de <a href=\"https:\/\/www.20minutes.fr\/arts-stars\/people\/4140587-20250225-createur-deadpool-demande-kevin-feige-patron-marvel-demissionner\" target=\"_blank\" class=\"color-ultramarine c-link\" rel=\"noopener\">Marvel Studios<\/a> a confirm\u00e9 lors d\u2019une conf\u00e9rence de presse couverte par <a href=\"https:\/\/variety.com\/2025\/film\/news\/marvel-kevin-feige-robert-downey-jr-miles-morales-1236465488\/\" rel=\"nofollow noopener\" target=\"_blank\" class=\"color-ultramarine c-link\">Variety<\/a> que les X-Men seraient enti\u00e8rement recast\u00e9s pour un prochain film pr\u00e9vu apr\u00e8s Avengers\u00a0: Secret Wars en\u00a02027. Une d\u00e9cision qui marque un tournant majeur pour <a href=\"https:\/\/www.20minutes.fr\/arts-stars\/cinema\/4152111-20250506-pourquoi-marvel-rebaptise-thunderbolts-the-new-avengers-semaine-apres-sortie\" target=\"_blank\" class=\"color-ultramarine c-link\" rel=\"noopener\">l\u2019univers cin\u00e9matographique<\/a> Marvel.<\/p>\n<p>Pour autant, plusieurs acteurs embl\u00e9matiques des films X-Men des ann\u00e9es 2000-2010 vont reprendre leurs r\u00f4les dans Avengers\u00a0: Doomsday en\u00a02026, notamment Patrick Stewart, <a href=\"https:\/\/www.20minutes.fr\/arts-stars\/people\/4143633-20250316-ian-mckellen-encourage-acteurs-cachant-homosexualite-faire-coming-out\" target=\"_blank\" class=\"color-ultramarine c-link\" rel=\"noopener\">Ian McKellen<\/a>, Alan Cumming, Rebecca Romijn, James Marsden et Kelsey Grammer. Mais cette apparition semble \u00eatre un chant du cygne\u00a0: les futurs films verront de nouveaux acteurs incarner ces personnages cultes, aux c\u00f4t\u00e9s de mutants in\u00e9dits au cin\u00e9ma.<\/p>\n<p>Pas un \u00ab\u00a0reboot\u00a0\u00bb mais un \u00ab\u00a0reset\u00a0\u00bb<\/p>\n<p>Kevin Feige a justifi\u00e9 cette approche en s\u2019inspirant des comics de\u00a02015, o\u00f9 l\u2019arc narratif de Secret Wars impliquait \u00ab\u00a0l\u2019effondrement et la re-convergence de multiples chronologies\u00a0\u00bb.<\/p>\n<p>\u00ab\u00a0Nous utilisons cette histoire non seulement pour conclure les r\u00e9cits que nous racontons depuis Endgame, mais surtout pour pr\u00e9parer l\u2019avenir\u00a0\u00bb, a-t-il encore expliqu\u00e9. Kevin Feige a pris soin de nuancer ses propos en \u00e9vitant le terme de \u00ab\u00a0reboot\u00a0\u00bb qui est \u00ab\u00a0un mot effrayant\u00a0\u00bb. Il lui pr\u00e9f\u00e8re donc celui de \u00ab\u00a0reset\u00a0\u00bb, pour offrir au public une \u00ab\u00a0chronologie unique\u00a0\u00bb. \u00ab\u00a0Nous pensons dans cette direction\u00a0\u00bb, a-t-il pr\u00e9cis\u00e9, avant de d\u00e9fendre la pertinence d\u2019un renouveau dans les castings.<\/p>\n<p>\u00ab\u00a0Amy Pascal et David Heyman cherchent maintenant un nouveau James Bond. David Corenswet, le nouveau Superman, est g\u00e9nial. Ce sera toujours la bonne marche \u00e0 suivre\u00a0\u00bb, a d\u00e9clar\u00e9 Kevin Feige, comparant Marvel aux autres grandes franchises qui ont proc\u00e9d\u00e9 \u00e0 de multiples changements d\u2019acteurs pour survivre au fil des d\u00e9cennies. Une chose est s\u00fbre, on est loin d\u2019en avoir fini avec les superh\u00e9ros au cin\u00e9ma\u00a0!<\/p>\n","protected":false},"excerpt":{"rendered":"Kevin Feige lance un pav\u00e9 dans la mare du MCU. Le patron de Marvel Studios a confirm\u00e9 lors&hellip;\n","protected":false},"author":2,"featured_media":275223,"comment_status":"","ping_status":"","sticky":false,"template":"","format":"standard","meta":{"footnotes":""},"categories":[1354],"tags":[253,2594,650,58,59,1346,1011,27,2135,1360,973,2136,133,26589],"class_list":{"0":"post-275222","1":"post","2":"type-post","3":"status-publish","4":"format-standard","5":"has-post-thumbnail","7":"category-films","8":"tag-acteur","9":"tag-actrice","10":"tag-cinema","11":"tag-divertissement","12":"tag-entertainment","13":"tag-films","14":"tag-fr","15":"tag-france","16":"tag-marvel","17":"tag-movies","18":"tag-people","19":"tag-super-heros","20":"tag-video","21":"tag-x-men"},"share_on_mastodon":{"url":"https:\/\/pubeurope.com\/@fr\/114919641197580473","error":""},"_links":{"self":[{"href":"https:\/\/www.europesays.com\/fr\/wp-json\/wp\/v2\/posts\/275222","targetHints":{"allow":["GET"]}}],"collection":[{"href":"https:\/\/www.europesays.com\/fr\/wp-json\/wp\/v2\/posts"}],"about":[{"href":"https:\/\/www.europesays.com\/fr\/wp-json\/wp\/v2\/types\/post"}],"author":[{"embeddable":true,"href":"https:\/\/www.europesays.com\/fr\/wp-json\/wp\/v2\/users\/2"}],"replies":[{"embeddable":true,"href":"https:\/\/www.europesays.com\/fr\/wp-json\/wp\/v2\/comments?post=275222"}],"version-history":[{"count":0,"href":"https:\/\/www.europesays.com\/fr\/wp-json\/wp\/v2\/posts\/275222\/revisions"}],"wp:featuredmedia":[{"embeddable":true,"href":"https:\/\/www.europesays.com\/fr\/wp-json\/wp\/v2\/media\/275223"}],"wp:attachment":[{"href":"https:\/\/www.europesays.com\/fr\/wp-json\/wp\/v2\/media?parent=275222"}],"wp:term":[{"taxonomy":"category","embeddable":true,"href":"https:\/\/www.europesays.com\/fr\/wp-json\/wp\/v2\/categories?post=275222"},{"taxonomy":"post_tag","embeddable":true,"href":"https:\/\/www.europesays.com\/fr\/wp-json\/wp\/v2\/tags?post=275222"}],"curies":[{"name":"wp","href":"https:\/\/api.w.org\/{rel}","templated":true}]}}