{"id":275228,"date":"2025-07-26T12:57:12","date_gmt":"2025-07-26T12:57:12","guid":{"rendered":"https:\/\/www.europesays.com\/fr\/275228\/"},"modified":"2025-07-26T12:57:12","modified_gmt":"2025-07-26T12:57:12","slug":"cyril-hanouna-ce-celebre-trublion-ne-le-suivra-pas-sur-w9-et-il-le-dit-sans-prendre-de-gants","status":"publish","type":"post","link":"https:\/\/www.europesays.com\/fr\/275228\/","title":{"rendered":"Cyril Hanouna : ce c\u00e9l\u00e8bre trublion ne le suivra pas sur W9 et il le dit sans prendre de gants"},"content":{"rendered":"<p class=\"p1\">Une d\u00e9cision compliqu\u00e9e. <a href=\"https:\/\/www.closermag.fr\/people\/cyril-hanouna-interrompt-ses-vacances-pour-taper-sur-son-meilleur-ennemi-3566924\" target=\"_blank\" rel=\"noopener\"><br \/>\nCyril Hanouna<\/a> ne compose pas \u00e0 la l\u00e9g\u00e8re <strong>le casting de<br \/>\nTout beau tout 9<\/strong>. \u00ab\u00a0C&rsquo;est tr\u00e8s compliqu\u00e9 d&rsquo;arr\u00eater les<br \/>\ngens, de prendre des nouvelles personnes, mais \u00e0 un moment, il faut<br \/>\nrenouveler&#8230;\u00a0C&rsquo;est une nouvelle cha\u00eene, une nouvelle<br \/>\n\u00e9mission\u2026\u00a0\u00bb, expliquait-il aux auditeurs d&rsquo;Europe 1 en juin<br \/>\ndernier.<\/p>\n<p class=\"p1\"><a href=\"https:\/\/www.closermag.fr\/people\/cyril-hanouna-radin-ces-300-euros-qui-lauraient-fait-fuir-un-ex-chroniqueur-de-tpmp-3566522\" target=\"_blank\" rel=\"noopener\"><br \/>\nLe trublion du PAF<\/a> n&rsquo;envisage pas pour autant de \u00ab\u00a0changer<br \/>\nune formule qui marche\u00a0\u00bb. \u00ab\u00a0\u00c7a va ressembler \u00e9norm\u00e9ment \u00e0 ce<br \/>\nque l&rsquo;on faisait avant, avec beaucoup de divertissement, de d\u00e9bats,<br \/>\nde rigolade.\u00a0\u00bb La distribution de son talk show devrait<br \/>\ncomprendre <strong>des fid\u00e8les de l&rsquo;animateur<\/strong>, parmi<br \/>\nlesquels <a href=\"https:\/\/www.closermag.fr\/people\/valerie-benaim-absente-deurope-1-apres-ses-problemes-de-sante-lannonce-inquietante-de-cyril-hanouna-3553531\" target=\"_blank\" rel=\"noopener\"><br \/>\nVal\u00e9rie Bena\u00efm<\/a>, <strong>G\u00e9raldine Maillet<\/strong> ou<br \/>\n<strong>Raymond Aabou<\/strong>, et des nouvelles t\u00eates, dont Jade<br \/>\nLeboeuf.<\/p>\n<p>Cyril Hanouna : ce chef de la t\u00e9l\u00e9 ne sera pas dans<br \/>\nson \u00e9mission sur W9<\/p>\n<p class=\"p1\">Si plusieurs noms ont d\u00e9j\u00e0 \u00e9t\u00e9 avanc\u00e9s, <strong>les<br \/>\nrumeurs sur la distribution de<\/strong> <a href=\"https:\/\/www.closermag.fr\/tv_tele_realite\/pas-le-meme-mec-larrivee-de-cyril-hanouna-chez-m6-fait-craindre-le-pire-a-lun-de-ses-vieux-amis-3560125\" target=\"_blank\" rel=\"noopener\"><br \/>\nTout beau tout 9<\/a> n&rsquo;en finissent pas de fuser dans les m\u00e9dias.<br \/>\nL&rsquo;une d&rsquo;elles veut que <strong>le chef<\/strong> <a href=\"https:\/\/www.closermag.fr\/people\/norbert-tarayre-ex-alcoolique-ses-confessions-choc-tu-tues-ton-couple-tes-gosses-ont-peur-de-toi-3556793\" target=\"_blank\" rel=\"noopener\"><br \/>\nNorbert Tarayre<\/a> vienne grossir les rangs du programme \u00e0 la<br \/>\nrentr\u00e9e. Seulement, le principal int\u00e9ress\u00e9 <strong>nie<br \/>\ncat\u00e9goriquement<\/strong> cette information dans une vid\u00e9o r\u00e9cemment<br \/>\npubli\u00e9e sur YouTube.<\/p>\n<p class=\"p1\">\u00ab\u00a0J\u2019ai toujours aim\u00e9 Cyril Hanouna, <strong>j\u2019ai<br \/>\nador\u00e9 Touche pas \u00e0 mon poste !<\/strong> depuis France 4&Prime;,<br \/>\ncommence le pr\u00e9sentateur de La Meilleure Boulangerie de France,<br \/>\npr\u00e9cisant que <a href=\"https:\/\/www.closermag.fr\/tv-tele-realite\/tpmp\/cyril-hanouna-coute-tres-cher-a-c8-737145\" target=\"_blank\" rel=\"noopener\"><br \/>\nl&rsquo;ex-vedette de C8<\/a> \u00ab\u00a0l\u2019avait accueilli \u00e0 la sortie de Top<br \/>\nChef [\u2026] avec [ses] rouflaquettes, [sa] sacoche et [son] pull<br \/>\ntrou\u00e9\u00a0\u00bb. \u00ab\u00a0Non, <strong>je ne serai pas<br \/>\nchroniqueur<\/strong>, je ne serai pas autour de la table\u00a0\u00bb,<br \/>\najoute-t-il. L&rsquo;ex-candidat de Top Chef de ne ferme cependant pas la<br \/>\nporte \u00e0 son camarade et laisse entrevoir la possibilit\u00e9 de\u00a0<br \/>\n<strong>\u00ab\u00a0faire des interventions ponctuelles\u00a0\u00bb<\/strong><br \/>\ndans l&rsquo;\u00e9mission \u00ab\u00a0pour parler de cuisine\u00a0\u00bb.<\/p>\n<p>Cyril Hanouna : pourquoi ce c\u00e9l\u00e8bre<br \/>\ntrublion ne participera pas \u00e0 Tout beau tout 9<\/p>\n<p class=\"p1\">Norbert Tarayre justifie sa d\u00e9cision \u00ab\u00a0sans langue<br \/>\nde bois\u00a0\u00bb. \u00ab\u00a0Je n\u2019ai <strong>pas la culture de ce genre de<br \/>\nplateau<\/strong>. Je suis un plateau vivant, j\u2019aime courir. J\u2019aime<br \/>\n\u00eatre debout, que ce soit actif. Rester comme font tous les<br \/>\nchroniqueurs, deux, trois heures assis, je ne peux pas\u00a0\u00bb,<br \/>\nargumente-t-il.<\/p>\n<p class=\"p1\">Et de conclure, non sans humour : \u00ab\u00a0D\u00e9j\u00e0 que vous<br \/>\nme dites que je ne suis pas assez au restaurant, si je deviens<br \/>\nchroniqueur, c\u2019est tous les soirs, <strong>je ne serai jamais au<br \/>\nrestaurant<\/strong>\u00ab\u00a0. Norbert Tarayre pourrait n\u00e9anmoins<br \/>\ns&rsquo;inviter sporadiquement \u00e0 la table de Cyril Hanouna <a href=\"https:\/\/www.closermag.fr\/people\/cyril-hanouna-sur-w9-a-quelle-heure-quand-et-avec-qui-vous-le-retrouverez-on-sait-enfin-tout-3551244\" target=\"_blank\" rel=\"noopener\"><br \/>\nsur W9<\/a>.<\/p>\n","protected":false},"excerpt":{"rendered":"Une d\u00e9cision compliqu\u00e9e. Cyril Hanouna ne compose pas \u00e0 la l\u00e9g\u00e8re le casting de Tout beau tout 9.&hellip;\n","protected":false},"author":2,"featured_media":275229,"comment_status":"","ping_status":"","sticky":false,"template":"","format":"standard","meta":{"footnotes":""},"categories":[8],"tags":[548,1083,58,59,1011,27,23853,2395],"class_list":{"0":"post-275228","1":"post","2":"type-post","3":"status-publish","4":"format-standard","5":"has-post-thumbnail","7":"category-divertissement","8":"tag-article-simple","9":"tag-cyril-hanouna","10":"tag-divertissement","11":"tag-entertainment","12":"tag-fr","13":"tag-france","14":"tag-norbert-tarayre","15":"tag-w9"},"share_on_mastodon":{"url":"https:\/\/pubeurope.com\/@fr\/114919653004994335","error":""},"_links":{"self":[{"href":"https:\/\/www.europesays.com\/fr\/wp-json\/wp\/v2\/posts\/275228","targetHints":{"allow":["GET"]}}],"collection":[{"href":"https:\/\/www.europesays.com\/fr\/wp-json\/wp\/v2\/posts"}],"about":[{"href":"https:\/\/www.europesays.com\/fr\/wp-json\/wp\/v2\/types\/post"}],"author":[{"embeddable":true,"href":"https:\/\/www.europesays.com\/fr\/wp-json\/wp\/v2\/users\/2"}],"replies":[{"embeddable":true,"href":"https:\/\/www.europesays.com\/fr\/wp-json\/wp\/v2\/comments?post=275228"}],"version-history":[{"count":0,"href":"https:\/\/www.europesays.com\/fr\/wp-json\/wp\/v2\/posts\/275228\/revisions"}],"wp:featuredmedia":[{"embeddable":true,"href":"https:\/\/www.europesays.com\/fr\/wp-json\/wp\/v2\/media\/275229"}],"wp:attachment":[{"href":"https:\/\/www.europesays.com\/fr\/wp-json\/wp\/v2\/media?parent=275228"}],"wp:term":[{"taxonomy":"category","embeddable":true,"href":"https:\/\/www.europesays.com\/fr\/wp-json\/wp\/v2\/categories?post=275228"},{"taxonomy":"post_tag","embeddable":true,"href":"https:\/\/www.europesays.com\/fr\/wp-json\/wp\/v2\/tags?post=275228"}],"curies":[{"name":"wp","href":"https:\/\/api.w.org\/{rel}","templated":true}]}}