{"id":275230,"date":"2025-07-26T12:58:11","date_gmt":"2025-07-26T12:58:11","guid":{"rendered":"https:\/\/www.europesays.com\/fr\/275230\/"},"modified":"2025-07-26T12:58:11","modified_gmt":"2025-07-26T12:58:11","slug":"lamborghini-rappelle-27-revuelto-pour-un-probleme-qui-pourrait-faire-perdre-la-tete-des-proprietaires","status":"publish","type":"post","link":"https:\/\/www.europesays.com\/fr\/275230\/","title":{"rendered":"Lamborghini rappelle 27 Revuelto pour un probl\u00e8me qui pourrait faire \u00ab\u00a0perdre la t\u00eate des propri\u00e9taires\u00a0\u00bb"},"content":{"rendered":"<p><img loading=\"lazy\" decoding=\"async\" width=\"1200\" height=\"800\" src=\"https:\/\/www.europesays.com\/fr\/wp-content\/uploads\/2025\/07\/porte-lamborghini-revuelto.jpg\" alt=\"\" class=\"wp-image-40101\"  \/><\/p>\n<p>C\u2019est un rappel qui pourrait faire sourire\u2026 ou pas ! <a href=\"https:\/\/www.italpassion.fr\/lamborghini\/\" target=\"_blank\" rel=\"noopener\">Lamborghini<\/a> vient d\u2019annoncer le rappel de 27 exemplaires de sa toute derni\u00e8re hypercar hybride, la Revuelto. En cause ? Un minuscule composant m\u00e9canique qui pourrait transformer les fameuses portes en \u00e9lytre en v\u00e9ritables guillotines.<\/p>\n<p>Les portes en \u00e9lytre (ou en ciseaux) sont l\u2019une des signatures stylistiques de Lamborghini depuis la Countach des ann\u00e9es 70. Mais sur certains mod\u00e8les de Revuelto fabriqu\u00e9s entre d\u00e9cembre 2023 et f\u00e9vrier 2025, un souci a \u00e9t\u00e9 d\u00e9tect\u00e9 au niveau de la goupille sph\u00e9rique qui maintient le ressort. Cet \u00e9l\u00e9ment qui permet \u00e0 la porte de rester ouverte vers le haut. <strong>Mal serr\u00e9e en usine, cette pi\u00e8ce pourrait se d\u00e9loger et faire retomber la porte sans pr\u00e9venir.<\/strong><\/p>\n<p>Un test en fin de production a mis le doigt sur ce d\u00e9faut apr\u00e8s qu\u2019un ressort se soit d\u00e9solidaris\u00e9. Une v\u00e9rification chez un concessionnaire a confirm\u00e9 le probl\u00e8me : un serrage insuffisant de la goupille. R\u00e9sultat, le constructeur italien a pr\u00e9f\u00e9r\u00e9 jouer la prudence et lancer un rappel officiel, bien que, pour l\u2019instant, aucun incident ni blessure n\u2019ait \u00e9t\u00e9 signal\u00e9.<\/p>\n<p>La pi\u00e8ce en question tient dans la paume d\u2019une main. Et pourtant, elle est cens\u00e9e soutenir une porte de supercar de pr\u00e8s de deux m\u00e8tres de long, con\u00e7ue en carbone, mais toujours particuli\u00e8rement lourde. Si elle l\u00e2che alors que la porte est ouverte, elle peut tomber brutalement, un sc\u00e9nario potentiellement dangereux\u2026<\/p>\n<p>Ce rappel reste marginal en volume (27 voitures seulement), mais il est symbolique pour un mod\u00e8le aussi prestigieux que la Revuelto. Les propri\u00e9taires concern\u00e9s recevront un courrier officiel entre le 6 et le 11 septembre, mais les concessionnaires ont d\u00e9j\u00e0 \u00e9t\u00e9 pr\u00e9venus d\u00e8s le 21 juillet 2025. Il est probable que certains v\u00e9hicules aient d\u00e9j\u00e0 \u00e9t\u00e9 r\u00e9par\u00e9s.<\/p>\n<p><img loading=\"lazy\" decoding=\"async\" width=\"1024\" height=\"576\" src=\"https:\/\/www.europesays.com\/fr\/wp-content\/uploads\/2025\/07\/lamborghini-revuelto-6-1024x576.jpg\" alt=\"\" class=\"wp-image-31367\"  \/><\/p>\n","protected":false},"excerpt":{"rendered":"C\u2019est un rappel qui pourrait faire sourire\u2026 ou pas ! Lamborghini vient d\u2019annoncer le rappel de 27 exemplaires&hellip;\n","protected":false},"author":2,"featured_media":275231,"comment_status":"","ping_status":"","sticky":false,"template":"","format":"standard","meta":{"footnotes":""},"categories":[7],"tags":[1011,27,12581,43,40,41,39,42,44],"class_list":{"0":"post-275230","1":"post","2":"type-post","3":"status-publish","4":"format-standard","5":"has-post-thumbnail","7":"category-sciences-et-technologies","8":"tag-fr","9":"tag-france","10":"tag-lamborghini-revuelto","11":"tag-science","12":"tag-science-and-technology","13":"tag-sciences","14":"tag-sciences-et-technologies","15":"tag-technologies","16":"tag-technology"},"share_on_mastodon":{"url":"https:\/\/pubeurope.com\/@fr\/114919656994301074","error":""},"_links":{"self":[{"href":"https:\/\/www.europesays.com\/fr\/wp-json\/wp\/v2\/posts\/275230","targetHints":{"allow":["GET"]}}],"collection":[{"href":"https:\/\/www.europesays.com\/fr\/wp-json\/wp\/v2\/posts"}],"about":[{"href":"https:\/\/www.europesays.com\/fr\/wp-json\/wp\/v2\/types\/post"}],"author":[{"embeddable":true,"href":"https:\/\/www.europesays.com\/fr\/wp-json\/wp\/v2\/users\/2"}],"replies":[{"embeddable":true,"href":"https:\/\/www.europesays.com\/fr\/wp-json\/wp\/v2\/comments?post=275230"}],"version-history":[{"count":0,"href":"https:\/\/www.europesays.com\/fr\/wp-json\/wp\/v2\/posts\/275230\/revisions"}],"wp:featuredmedia":[{"embeddable":true,"href":"https:\/\/www.europesays.com\/fr\/wp-json\/wp\/v2\/media\/275231"}],"wp:attachment":[{"href":"https:\/\/www.europesays.com\/fr\/wp-json\/wp\/v2\/media?parent=275230"}],"wp:term":[{"taxonomy":"category","embeddable":true,"href":"https:\/\/www.europesays.com\/fr\/wp-json\/wp\/v2\/categories?post=275230"},{"taxonomy":"post_tag","embeddable":true,"href":"https:\/\/www.europesays.com\/fr\/wp-json\/wp\/v2\/tags?post=275230"}],"curies":[{"name":"wp","href":"https:\/\/api.w.org\/{rel}","templated":true}]}}