{"id":27524,"date":"2025-04-15T20:36:32","date_gmt":"2025-04-15T20:36:32","guid":{"rendered":"https:\/\/www.europesays.com\/fr\/27524\/"},"modified":"2025-04-15T20:36:32","modified_gmt":"2025-04-15T20:36:32","slug":"17-evenements-festifs-et-conviviaux-a-decouvrir-meme-par-temps-gris","status":"publish","type":"post","link":"https:\/\/www.europesays.com\/fr\/27524\/","title":{"rendered":"17 \u00e9v\u00e9nements festifs et conviviaux \u00e0 d\u00e9couvrir m\u00eame par temps gris"},"content":{"rendered":"<p><b>Pour ses d\u00e9buts printaniers, il nous aura r\u00e9gal\u00e9, mais le revoil\u00e0 en cong\u00e9 : oui, le soleil s\u2019est fait la belle. Pour garder le moral au beau fixe, on a de quoi t\u2019occuper : escape game culinaire, chasses aux \u0153ufs, grosses teufs, concerts au coin du feu ou encore festival d\u2019impro et autres rendez-vous ludiques\u2026 Avec son agenda bien rempli, Strasbourg ne manquera pas de te faire oublier que la semaine commence avec de la pluie.<\/b><\/p>\n<p>Les concerts et la teuf<\/p>\n<p>Old School Night aux Aviats<\/p>\n<p>Tu cherches o\u00f9 sortir ce soir ?<strong> L\u2019\u00e9quipe d<\/strong><b>es Aviats donne sa premi\u00e8re \u00ab Old School Night \u00bb ce mardi 15 avril<\/b>. Une soir\u00e9e \u00ab\u00a0100% r\u00e9tro [\u2026] [pour] vibrer sur<b> les classiques des ann\u00e9es 70, 80 et 90\u00a0<\/b>\u00bb.<\/p>\n<p>Aux platines\u00a0: <b>DJ Stan Smith, accompagn\u00e9 par Alex Saxman au saxo<\/b>. En bonus\u00a0: un jeu-concours pour remporter un vinyle avec le logo des Aviateurs.<\/p>\n<p align=\"CENTER\"><b>Quand et o\u00f9\u00a0?<br \/><\/b>Mardi 15 avril \u00e0 22h<br \/>Au bar Les Aviateurs<br \/><a href=\"https:\/\/fb.me\/e\/2zmf7WNlw\" target=\"_blank\" rel=\"noopener nofollow\">L\u2019\u00e9v\u00e9nement Facebook<\/a><\/p>\n<p>    <img width=\"600\" height=\"563\" src=\"https:\/\/www.europesays.com\/fr\/wp-content\/uploads\/2025\/04\/dsc0930-600x563.jpg\" class=\"attachment-image-size-M size-image-size-M\" alt=\"Les Aviateurs\" decoding=\"async\" loading=\"lazy\"  \/>         \u00a9 Les Aviateurs \/ Document remis <\/p>\n<p>October Tone\u00a0: Grande soir\u00e9e de soutien au Molodo\u00ef<\/p>\n<p><b>Le label strasbourgeois October Tone <\/b>rythme et soutient avec passion la sc\u00e8ne ind\u00e9pendante depuis 13 ans. Oui mais voil\u00e0, pour rester \u00e0 l\u2019affiche, <b>il a besoin de nous<\/b> plus que jamais avec<a href=\"https:\/\/www.helloasso.com\/associations\/october-tone\/collectes\/soutiens-october-tone\" target=\"_blank\" rel=\"noopener nofollow\"> <b>une campagne de crowdfunding ou plut\u00f4t de \u00ab Krautfunding \u00bb <\/b><\/a>(un clin d\u2019\u0153il de musicos). Pour l\u2019aider \u00ab\u00a0\u00e0 produire ses artistes, p\u00e9renniser son \u00e9quipe et faire grandir son festival\u00a0\u00bb.<\/p>\n<p>En parall\u00e8le, October Tone multiplie les concerts ce mois-ci, dont <b>une Grande soir\u00e9e de soutien le samedi 19 avril au Molodo\u00ef<\/b>.<b> De 19h \u00e0 4h<\/b>, les groupes s\u2019encha\u00eeneront avec plusieurs artistes de Strasbourg comme <b>Ginger Mother<\/b> (alt-pop), <b>Fiizy<\/b> (shoegaze), <b>Zidane<\/b> (Psych Noise Rock), <b>Cleo II<\/b> (le \u00ab\u00a0terrain de jeu \u00e9lectronique du musicien <b>Tioklu\u00a0<\/b>\u00bb) ou\u00a0<b>:serenade: <\/b>(post-punk)\u00a0; et de Metz, <b>Holy Hour <\/b>(Noise\/Jungle).<\/p>\n<p>En bref\u00a0: bonne musique, bonne ambiance et bonne action\u00a0!<\/p>\n<p align=\"CENTER\"><b>Quand et o\u00f9\u00a0?<br \/><\/b>Samedi 19 avril de 19h \u00e0 4h<br \/>Au Molodo\u00ef<br \/><a href=\"https:\/\/fb.me\/e\/5GdiGBHXZ\" target=\"_blank\" rel=\"noopener nofollow\">L\u2019\u00e9v\u00e9nement Facebook<\/a><\/p>\n<\/p>\n<p>\u00ab\u00a0En ch\u0153ur, chanter pour la recherche\u00a0\u00bb \u00e0 La Maison Bleue<\/p>\n<p>Grande premi\u00e8re en Alsace\u00a0: <b>la soir\u00e9e caritative<\/b> organis\u00e9e par<b> La Fondation ARC pour la recherche sur le cancer<\/b>, en partenariat avec <b>Les Soir\u00e9es La La La<\/b>.<\/p>\n<p><b>Le mardi 22 avril<\/b>, pour soutenir la cause, rendez-vous <b>\u00e0 la Maison Bleue<\/b> pour \u00ab donner de la voix et vibrer \u00bb\u00a0<b>\u00ab en ch\u0153ur, chanter pour la recherche \u00bb<\/b>. Au programme : une chanson \u00e0 d\u00e9couvrir et \u00e0 apprendre ensemble sur place, entre passionn\u00e9(e)s de chant et musicien(ne)s d\u00e9butant(e)s ou confirm\u00e9(e)s.<\/p>\n<p align=\"CENTER\"><b>Quand et o\u00f9\u00a0?<br \/><\/b>Mardi 22 avril \u00e0 19h<br \/>\u00c0 la Maison Bleue<br \/><a href=\"https:\/\/www.lamaisonbleue-stbg.com\/evenements\/soiree-en-choeur-pour-chanter\/\" target=\"_blank\" rel=\"noopener nofollow\">+ d\u2019infos<\/a><br \/><a href=\"https:\/\/www.enchoeurchanterpourlarecherche.fr\/project\/strasbourg-la-maison-bleue-22-avril-2025\/participate\/who-are-you\" target=\"_blank\" rel=\"noopener nofollow\">Billetterie<\/a><\/p>\n<p>                <img width=\"375\" height=\"500\" src=\"https:\/\/www.europesays.com\/fr\/wp-content\/uploads\/2025\/04\/maison-bleue-1.jpg\" class=\"attachment-gallery size-gallery\" alt=\"maison bleue salle concert\" data-full-url=\"https:\/\/www.europesays.com\/fr\/wp-content\/uploads\/2025\/04\/maison-bleue-1.jpg\" decoding=\"async\" loading=\"lazy\"  \/>            <\/p>\n<p>                <img width=\"673\" height=\"500\" src=\"https:\/\/www.europesays.com\/fr\/wp-content\/uploads\/2025\/04\/la-maison-bleue-4.jpg\" class=\"attachment-gallery size-gallery\" alt=\"la maison bleue sc\u00e8ne salle de concert\" data-full-url=\"https:\/\/www.europesays.com\/fr\/wp-content\/uploads\/2025\/04\/la-maison-bleue-4.jpg\" decoding=\"async\" loading=\"lazy\"  \/>            <\/p>\n<p>                <img width=\"731\" height=\"500\" src=\"https:\/\/www.europesays.com\/fr\/wp-content\/uploads\/2025\/04\/la-maison-bleue-2.jpg\" class=\"attachment-gallery size-gallery\" alt=\"la maison bleue salle de concert\" data-full-url=\"https:\/\/www.europesays.com\/fr\/wp-content\/uploads\/2025\/04\/la-maison-bleue-2.jpg\" decoding=\"async\" loading=\"lazy\"  \/>            <\/p>\n<p>                    \u00a9 Caroline Alonso \/ Pokaa<\/p>\n<p>Live Session \u00ab\u00a0Le Feu de Camp\u00a0\u00bb \u00e0 L&rsquo;Or\u00e9e 85<\/p>\n<p>Pour son mois de r\u00e9ouverture <b>L\u2019Or\u00e9e 85 <\/b>compte bien nous montrer de quel bois il se chauffe\u2026 Le <b>vendredi 25 avril<\/b>, la maison \u00e9clusi\u00e8re fait les choses en grand, avec <b>\u00ab\u00a0Le Feu de Camp\u00a0\u00bb<\/b>. Une collab\u2019 <b>avec Les Studios d\u2019Or<\/b>, \u00e0 l\u2019occasion de la sortie de leur projet.<\/p>\n<p>\u00c0 l\u2019affiche\u00a0? <b>Neuf artistes en concert live \u00e0 la guitare\u00a0: Mau, Ben Laxton, Vedette, Titar, Marti, Pol, Emilie-Jade, Ymae et Lamya Mah<\/b>. Le tout\u2026 autour d\u2019un feu. On r\u00e9p\u00e8te\u00a0: <b>autour d\u2019un feu<\/b>. \u00c7a te chauffe\u00a0? Rendez-vous d\u00e8s 20h.<\/p>\n<p align=\"CENTER\"><b>Quand et o\u00f9\u00a0?<br \/><\/b>Vendredi 25 avril \u00e0 20h<br \/>\u00c0 L\u2019Or\u00e9e 85<br \/><a href=\"https:\/\/fb.me\/e\/5wit9hmQ1\" target=\"_blank\" rel=\"noopener nofollow\">L\u2019\u00e9v\u00e9nement Facebook<\/a><\/p>\n<p>                <img width=\"385\" height=\"500\" src=\"https:\/\/www.europesays.com\/fr\/wp-content\/uploads\/2025\/04\/img-9765-385x500.jpg\" class=\"attachment-gallery size-gallery\" alt=\"or\u00e9e 85\" data-full-url=\"https:\/\/pokaa.fr\/wp-content\/uploads\/2025\/02\/11\/img-9765.jpg\" decoding=\"async\" loading=\"lazy\"  \/>            <\/p>\n<p>                <img width=\"375\" height=\"500\" src=\"https:\/\/www.europesays.com\/fr\/wp-content\/uploads\/2025\/04\/354417855-1703241296785282-7373523459400122843-n-375x500.jpg\" class=\"attachment-gallery size-gallery\" alt=\"or\u00e9e 85\" data-full-url=\"https:\/\/pokaa.fr\/wp-content\/uploads\/2023\/06\/354417855-1703241296785282-7373523459400122843-n-1500x2000.jpg\" decoding=\"async\" loading=\"lazy\"  \/>            <\/p>\n<p>                <img width=\"381\" height=\"500\" src=\"https:\/\/www.europesays.com\/fr\/wp-content\/uploads\/2025\/04\/img-9758-381x500.jpg\" class=\"attachment-gallery size-gallery\" alt=\"or\u00e9e 85\" data-full-url=\"https:\/\/pokaa.fr\/wp-content\/uploads\/2025\/02\/11\/img-9758.jpg\" decoding=\"async\" loading=\"lazy\"  \/>            <\/p>\n<p>                    \u00a9 Coraline Lafon \/ Pokaa<\/p>\n<p>Wagon Unchained #5 au Wagon Souk (avec Paul Seul d&rsquo;Ascendant Vierge)<\/p>\n<p>Plus \u00e9nerv\u00e9 que jamais, <b>le Wagon Souk t\u2019invite le vendredi 25 avril<\/b> \u00e0 la cinqui\u00e8me \u00e9dition de son <b>Wagon Unchained. Une \u00e9dition<\/b><b> \u00ab\u00a0plus brutale, plus intense, plus d\u00e9cha\u00een\u00e9e\u00a0\u00bb<\/b>.<\/p>\n<p>Pour celle-ci, <b>un invit\u00e9 de marque\u00a0: Paul Seul d\u2019Ascendant Vierge<\/b> qui secouera <b>la sc\u00e8ne Hard<\/b> de la soir\u00e9e, rejoint par <b>Justine Maze<\/b> et <b>Four Hand\u2019z<\/b>. Sur la <b>sc\u00e8ne techno<\/b>\u00a0: <b>Agneau Pascal<\/b>, <b>Arbo<\/b>, <b>Syn<\/b> et <b>Iceheart<\/b>.<\/p>\n<p align=\"CENTER\"><b>Quand et o\u00f9\u00a0?<br \/><\/b>Vendredi 25 avril d\u00e8s 22h<br \/>Au Wagon Souk<br \/><a href=\"https:\/\/fb.me\/e\/IUzfJgprX\" target=\"_blank\" rel=\"noopener nofollow\">L\u2019\u00e9v\u00e9nement Facebook<\/a><\/p>\n<p>                <img width=\"844\" height=\"500\" src=\"https:\/\/www.europesays.com\/fr\/wp-content\/uploads\/2025\/04\/wagonsouk-92-844x500.png\" class=\"attachment-gallery size-gallery\" alt=\"Wagon Souk\" data-full-url=\"https:\/\/pokaa.fr\/wp-content\/uploads\/2025\/01\/31\/wagonsouk-92.png\" decoding=\"async\" loading=\"lazy\"  \/>            <\/p>\n<p>                <img width=\"889\" height=\"500\" src=\"https:\/\/www.europesays.com\/fr\/wp-content\/uploads\/2025\/04\/wagonsouk-35-889x500.png\" class=\"attachment-gallery size-gallery\" alt=\"Wagon Souk\" data-full-url=\"https:\/\/pokaa.fr\/wp-content\/uploads\/2025\/01\/31\/wagonsouk-35.png\" decoding=\"async\" loading=\"lazy\"  \/>            <\/p>\n<p>                    Le Wagon Souk. \u00a9 Manon Jensen \/ Pokaa<\/p>\n<p>Le cinoche et les spectacles<br \/>\nProjection gratuite du film \u00ab\u00a0En selle Marcel\u00a0: la route de la soie\u00a0\u00bb \u00e0 La Grenze<\/p>\n<p>Pour bien commencer la semaine, on peut s\u2019arr\u00eater <b>\u00e0 La Grenze mercredi, avec une projection gratuite\u00a0: celle d\u2019<\/b><b>En selle Marcel \u2013 La route de la soie<\/b><b> de Claire et J\u00e9r\u00e9my <\/b>(en partenariat avec Le Stick).<\/p>\n<p>Une aventure \u00e0 bicyclette qui nous emm\u00e8ne sur \u00ab\u00a0<b>un p\u00e9riple de presque six mois<\/b>, color\u00e9 par les ballons de Cappadoce, berc\u00e9 par le chant des muezzins, rythm\u00e9 par des paysages aussi diff\u00e9rents que les steppes d\u00e9sertiques d\u2019Asie centrale ou les sommets enneig\u00e9s du Pamir\u00a0\u00bb. Une belle aventure \u00e0 d\u00e9couvrir, suivie d\u2019une rencontre avec Claire, moiti\u00e9 du bin\u00f4me.<\/p>\n<p align=\"CENTER\"><b>Quand et o\u00f9\u00a0?<br \/><\/b>Mercredi 16 avril \u00e0 19h30<br \/>\u00c0 La Grenze<br \/><a href=\"https:\/\/fb.me\/e\/3ipujHJA9\" target=\"_blank\" rel=\"noopener nofollow\">L\u2019\u00e9v\u00e9nement Facebook<\/a><\/p>\n<\/p>\n<p>Montagne en Sc\u00e8ne \u00e0 UGC Cin\u00e9 Cit\u00e9 Strasbourg<\/p>\n<p>On reste sur le registre de<b> l\u2019aventure<\/b>\u2026 Cette fois, on prend de la hauteur\u00a0: cap sur <b>les sports d\u2019altitude<\/b>\u00a0! Avec la <b>\u00ab\u00a0Summer Edition\u00a0\u00bb du festival Montagne en Sc\u00e8ne, le mardi 22 avril \u00e0 UGC<\/b>.<\/p>\n<p>Il y sera programm\u00e9 <b>quatre films in\u00e9dits<\/b> en VOSTFR avec <b>de l\u2019escalade<\/b> (La Rubia avec Bronwyn Hodgins), <b>de l\u2019alpinisme<\/b> (Crystal Ship avec J\u00e9r\u00f4me Sullivan, Christophe Ogier et Victor Sauc\u00e8de), <b>du bloc<\/b> (Burden of Dreams avec Simon Lorenzi) et <b>du kayak<\/b> (Big Water Theory avec Nouria Newman, Jules Domin\u00e9 et Ma\u00ebl Nguyen).<\/p>\n<p align=\"CENTER\"><b>Quand et o\u00f9\u00a0?<br \/><\/b>Mardi 22 avril \u00e0 19h30<br \/>\u00c0 UGC Cin\u00e9 Cit\u00e9 Strasbourg<br \/><a href=\"https:\/\/fb.me\/e\/4q0rFBDCH\" target=\"_blank\" rel=\"noopener nofollow\">L\u2019\u00e9v\u00e9nement Facebook<\/a><\/p>\n<\/p>\n<p>Lolifest 10\u00e8me \u00e9dition\u00a0: le festival d&rsquo;impro de la Lolita<\/p>\n<p>On lui conna\u00eet ses matchs d\u2019improvisation th\u00e9\u00e2trale qu\u2019elle organise \u00e0 l\u2019ann\u00e9e depuis 1993\u2026 Mais la <b>Lolita<\/b> (Ligue ouverte et libre d\u2019improvisation th\u00e9\u00e2trale amateur de Strasbourg) a plus d\u2019une corde \u00e0 son arc. Pour preuve :<b> le Lolifest, son festival annuel d\u2019improvisation<\/b> pr\u00e9sentant <b>des formats originaux<\/b>.<\/p>\n<p>Pour cette dixi\u00e8me \u00e9dition anniversaire, elle te donne rendez-vous <b>du 25 au 27 avril<\/b>, sur \u00ab\u00a0trois jours, trois lieux, [avec]<b> des concepts in\u00e9dits<\/b>\u00a0\u00bb. Parmi eux\u00a0: <b>un concept \u00ab\u00a0Dissoci\u00e9s\u00a0\u00bb, inspir\u00e9 de la s\u00e9rie \u00e0 succ\u00e8s <\/b><b>Severance<\/b>. <b>Un spectacle improvis\u00e9<\/b> qui t\u2019\u00a0\u00ab\u00a0embarque[ra] <b>dans un monde dystopique<\/b> o\u00f9 la fronti\u00e8re entre vie priv\u00e9e et vie professionnelle est totalement cloisonn\u00e9e gr\u00e2ce \u00e0 une puce implant\u00e9e dans le cerveau\u00a0\u00bb.<\/p>\n<p align=\"CENTER\"><b>Quand et o\u00f9\u00a0?<br \/><\/b>Du vendredi 25 au dimanche 27 avril<br \/>\u00c0 Strasbourg (le 25 au Shadok, le 26 au CSC Foss\u00e9 des Treize et le 27 au FEC Salle L\u00e9on XIII)<br \/><a href=\"https:\/\/fb.me\/e\/5ldaMdaAI\" target=\"_blank\" rel=\"noopener nofollow\">L\u2019\u00e9v\u00e9nement Facebook<\/a><\/p>\n<p>                <img width=\"333\" height=\"500\" src=\"https:\/\/www.europesays.com\/fr\/wp-content\/uploads\/2025\/04\/470608876-1140484428079175-8679354477463871029-n-333x500.jpg\" class=\"attachment-gallery size-gallery\" alt=\"Lolita + impro\" data-full-url=\"https:\/\/pokaa.fr\/wp-content\/uploads\/2025\/01\/23\/470608876-1140484428079175-8679354477463871029-n.jpg\" decoding=\"async\" loading=\"lazy\"  \/>            <\/p>\n<p>                <img width=\"750\" height=\"500\" src=\"https:\/\/www.europesays.com\/fr\/wp-content\/uploads\/2025\/04\/lolita-e1678903018363-750x500.jpg\" class=\"attachment-gallery size-gallery\" alt=\"impro + Lolita\" data-full-url=\"https:\/\/pokaa.fr\/wp-content\/uploads\/2023\/03\/lolita-1500x1000.jpg\" decoding=\"async\" loading=\"lazy\"  \/>            <\/p>\n<p>                    1. \u00a9 Tania Hantz \/ Document remis ; 2. \u00a9 Lolita \/ Document remis<\/p>\n<p>\u00ab\u00a0PUNK.E.S ou comment nous ne sommes pas devenues c\u00e9l\u00e8bres\u00a0\u00bb au Th\u00e9\u00e2tre de Haguenau<\/p>\n<p>Alors que Londres et le monde d\u00e9couvrent le punk avec les Clash et les Sex Pistols, se monte <b>en 1976, <\/b>dans la capitale anglaise, <b>le premier groupe f\u00e9minin de punk\u00a0: The Slits<\/b>.<\/p>\n<p>Dans ses rangs\u00a0? Quatre jeunes femmes entre 14 et 20 ans qui n\u2019avaient jamais touch\u00e9 d\u2019instruments de musique auparavant, mais qui ne manquaient ni de rage et de cran\u2026 Puisque nous dit-on, elles r\u00e9ussiront \u00ab\u00a0l\u2019exploit d\u2019\u00eatre les<b> premi\u00e8res artistes au monde \u00e0 obtenir le contr\u00f4le total de leur image<\/b> aupr\u00e8s de leur maison de disque\u00a0\u00bb.<\/p>\n<p>Pr\u00e8s de 50 ans plus tard,<b> la compagnie Soy Cr\u00e9ation<\/b> leur rend hommage avec <b>PUNK.E.S ou comment nous ne sommes pas devenues c\u00e9l\u00e8bres<\/b>,<b> un spectacle de th\u00e9\u00e2tre musical, f\u00e9ministe et engag\u00e9<\/b>. Le dernier spectacle de la saison du<b> Th\u00e9\u00e2tre de Haguenau<\/b>, qui nous emm\u00e8ne le <b>mardi 29 avril<\/b> \u00e0 une trentaine de minutes de Strasbourg.<\/p>\n<p align=\"CENTER\"><b>Quand et o\u00f9\u00a0?<br \/><\/b>Mardi 29 avril \u00e0 20h30<br \/>Au Th\u00e9\u00e2tre de Haguenau, \u00e0 Haguenau<br \/><a href=\"https:\/\/relais-culturel-haguenau.com\/agenda\/punkes-ou-comment-nous-ne-sommes-pas-devenues-celebres\" target=\"_blank\" rel=\"noopener nofollow\">+ d\u2019infos et billetterie<\/a><\/p>\n<\/p>\n<p>Les rendez-vous gourmands<br \/>\n\u00ab\u00a0Chocolat Dit Vin\u00a0\u00bb \u00e0 L&rsquo;Alsace \u00e0 Boire<\/p>\n<p><b>L\u2019Alsace \u00e0 Boire <\/b>porte bien son nom\u2026 <b>Du 17 au 23 avril<\/b>, pour trinquer \u00e0 P\u00e2ques, elle imagine <b>\u00ab\u00a0Chocolat Dit Vin\u00a0\u00bb<\/b>. Une carte qui marie <b>vins alsaciens et <\/b><b>\u00ab\u00a0chocolats de qualit\u00e9\u00a0\u00bb<\/b>.<\/p>\n<p>Deux accords mets et vins au choix : \u00ab La Vie en rouge \u00bb (avec un assortiment de trois chocolats noirs en ganache) et \u00ab Plaisir sucr\u00e9 \u00bb (des \u00ab chocolats fins pour les amateurs de douceurs sucr\u00e9es, associ\u00e9s \u00e0 des vins aux ar\u00f4mes riches et fruit\u00e9s \u00bb, avec par exemple\u00a0: des saveurs pain d\u2019\u00e9pices).<\/p>\n<p align=\"CENTER\"><b>Quand et o\u00f9?<br \/><\/b>Du 17 au 23 avril<br \/>\u00c0 L\u2019Alsace \u00e0 Boire<br \/><a href=\"https:\/\/fb.me\/e\/41qgQMzBH\" target=\"_blank\" rel=\"noopener nofollow\">L\u2019\u00e9v\u00e9nement Facebook<\/a><\/p>\n<p>    <img width=\"800\" height=\"600\" src=\"https:\/\/www.europesays.com\/fr\/wp-content\/uploads\/2025\/04\/alsace-a-boire-bar-a-vin-23.jpeg\" class=\"attachment-image-size-L size-image-size-L\" alt=\"Alsace a\u0300 Boire bar a\u0300 vin (23)\" decoding=\"async\" loading=\"lazy\"  \/>         \u00a9 Bastien Pietronave \/ Pokaa <\/p>\n<p>Escape game culinaire avec Arsmondo \u00e0 l&rsquo;Op\u00e9ra national du Rhin<\/p>\n<p>Dans le cadre du <a href=\"https:\/\/www.operanationaldurhin.eu\/fr\/spectacles\/saison-2425\/festival-arsmondo-mediterraneen\" target=\"_blank\" rel=\"noopener nofollow\"><b>festival Arsmondo M\u00e9diterran\u00e9e (du 24 avril au 20 mai)<\/b><\/a>, l\u2019Op\u00e9ra national du Rhin nous invite <b>au Caf\u00e9 de l\u2019Op\u00e9ra <\/b>pour un curieux rendez-vous\u2026 <b>Le vendredi 25 avril, il pr\u00e9pare un <\/b><b>escape game<\/b><b> culinaire\u00a0!<\/b><\/p>\n<p>Le concept\u00a0? En \u00e9quipe, il s\u2019agira de <b>d\u00e9bloquer des mots de passe pour d\u00e9guster son entr\u00e9e, son plat et son dessert<\/b>. \u00c0 la cl\u00e9 ? Un \u00ab\u00a0menu secret\u00a0\u00bb concoct\u00e9 par un(e) cuisinier\/\u00e8re issu(e) des migrations de la <b>Stamteam <\/b>(avec option v\u00e9g\u00e9tarienne possible). Enqu\u00eateur, enqu\u00eatrice en herbe : on se met \u00e0 table.<\/p>\n<p align=\"CENTER\"><b>Quand et o\u00f9\u00a0?<br \/><\/b>Vendredi 25 avril \u00e0 18h45<br \/>Au Caf\u00e9 de l\u2019Op\u00e9ra<br \/><a href=\"https:\/\/www.operanationaldurhin.eu\/fr\/spectacles\/saison-2425\/festival-arsmondo-mediterranee\/escape-game-culinaire\" target=\"_blank\" rel=\"noopener nofollow\">+ d\u2019infos<\/a><\/p>\n<p>    <img width=\"800\" height=\"600\" src=\"https:\/\/www.europesays.com\/fr\/wp-content\/uploads\/2025\/04\/img-5775-800x600.jpeg\" class=\"attachment-image-size-L size-image-size-L\" alt=\"Caf\u00e9 de l\u2019op\u00e9ra \/ op\u00e9ra\" decoding=\"async\" loading=\"lazy\"  \/>         \u00a9 Anthony Jilli \/ Pokaa <\/p>\n<p>Les F\u00eates du village \u00e0 Kooma<\/p>\n<p align=\"LEFT\">Lanc\u00e9es l\u2019an dernier, elles signent leur retour avec les beaux jours\u00a0:<b> \u00ab\u00a0Les F\u00eates du village\u00a0\u00bb \u00e0 Kooma<\/b>. <b>Des rendez-vous dominicaux aussi gourmands que conviviaux.<\/b><\/p>\n<p align=\"LEFT\">Pour la premi\u00e8re de la saison (<b>le dimanche 27 avril<\/b>), Kooma met <b>l\u2019asperge <\/b>\u00e0 l\u2019honneur, avec des producteurs\/rices de la r\u00e9gion. Et pour compl\u00e9ter la carte : \u00ab De bonnes frites dor\u00e9es, des cr\u00eapes moelleuses de la Ferme du Kikiriki , des bonnes charcuteries de la Ferme Le W\u00e9r\u00e9 et des glaces rafra\u00eechissantes de la Ferme des Hutten. \u00bb<\/p>\n<p align=\"LEFT\">Pour la bonne ambiance\u00a0? <b>Des jeux \u00e0 disposition et de la musique<\/b>. Et sp\u00e9cialement <b>pour les enfants,<\/b> <b>une animation culinaire gratuite <\/b>organis\u00e9e par Tit\u2019Anick\u00a0: la confection de pizzas aux pommes.<\/p>\n<p align=\"CENTER\"><b>Quand et o\u00f9\u00a0?<br \/><\/b>Dimanche 27 avril de 10h \u00e0 19h<br \/>\u00c0 Kooma (Manufacture des tabacs)<br \/><a href=\"https:\/\/fb.me\/e\/3bXtOy0m3\" target=\"_blank\" rel=\"noopener nofollow\">L\u2019\u00e9v\u00e9nement Facebook<\/a><\/p>\n<p>                <img width=\"667\" height=\"500\" src=\"https:\/\/www.europesays.com\/fr\/wp-content\/uploads\/2025\/04\/img-0011-667x500.jpeg\" class=\"attachment-gallery size-gallery\" alt=\"Restaurant Kooma brasserie viande pizza dessert\" data-full-url=\"https:\/\/pokaa.fr\/wp-content\/uploads\/2024\/12\/02\/img-0011.jpeg\" decoding=\"async\" loading=\"lazy\"  \/>            <\/p>\n<p>                <img width=\"667\" height=\"500\" src=\"https:\/\/www.europesays.com\/fr\/wp-content\/uploads\/2025\/04\/img-0076-667x500.jpeg\" class=\"attachment-gallery size-gallery\" alt=\"Restaurant Kooma brasserie viande pizza dessert\" data-full-url=\"https:\/\/pokaa.fr\/wp-content\/uploads\/2024\/12\/02\/img-0076.jpeg\" decoding=\"async\" loading=\"lazy\"  \/>            <\/p>\n<p>                    \u00a9 Bastien Pietronave \/ Pokaa<\/p>\n<p>Street Bouche Corner place de Zurich<\/p>\n<p align=\"LEFT\">Il revient avec les beaux jours\u00a0: <b>le Street Bouche r\u00e9installe son \u00ab\u00a0Corner\u00a0\u00bb le dimanche 27 avril sur la place de Zurich<\/b>, \u00e0 la Krutenau.<\/p>\n<p align=\"LEFT\">Pour ce <b>premier de l\u2019ann\u00e9e<\/b>, m\u00eames ingr\u00e9dients que les \u00e9ditions pr\u00e9c\u00e9dentes\u2026 Des food-trucks et stands avec de la <b>\u00ab cuisine du monde entier mais locale \u00bb<\/b>. Et puis pour rincer tout \u00e7a\u00a0: \u00ab des Vins d\u2019Alsace, du Sommer et des softs et bi\u00e8res locales. \u00bb<\/p>\n<p align=\"CENTER\"><b>Quand et o\u00f9\u00a0?<br \/><\/b>Dimanche 27 avril de 11h \u00e0 20h<br \/>Place de Zurich<br \/><a href=\"https:\/\/fb.me\/e\/2W3wyIEbx\" target=\"_blank\" rel=\"noopener nofollow\">L\u2019\u00e9v\u00e9nement Facebook<\/a><\/p>\n<p>                <img width=\"750\" height=\"500\" src=\"https:\/\/www.europesays.com\/fr\/wp-content\/uploads\/2025\/04\/street-bouche-strasbourg-201749.jpg\" class=\"attachment-gallery size-gallery\" alt=\"street-bouche-strasbourg-201749\" data-full-url=\"https:\/\/www.europesays.com\/fr\/wp-content\/uploads\/2025\/04\/street-bouche-strasbourg-201749.jpg\" decoding=\"async\" loading=\"lazy\"  \/>            <\/p>\n<p>                <img width=\"749\" height=\"500\" src=\"https:\/\/www.europesays.com\/fr\/wp-content\/uploads\/2025\/04\/street-bouche-festival-8.jpg\" class=\"attachment-gallery size-gallery\" alt=\"Street-bouche-festival-8\" data-full-url=\"https:\/\/www.europesays.com\/fr\/wp-content\/uploads\/2025\/04\/street-bouche-festival-8.jpg\" decoding=\"async\" loading=\"lazy\"  \/>            <\/p>\n<p>                    1. \u00a9 Street Bouche \/ Document remis ; 2. \u00a9 Pokaa<\/p>\n<p>Les rendez-vous familiaux<br \/>\nChasse aux \u0152ufs solidaire avec le Secours populaire au Pavillon Jos\u00e9phine<\/p>\n<p align=\"LEFT\">Pour P\u00e2ques, le Secours populaire (du Bas-Rhin) r\u00e9it\u00e8re sa grande Chasse aux \u0152ufs solidaire, au parc de l\u2019Orangerie et son Pavillon Jos\u00e9phine.<\/p>\n<p align=\"LEFT\"><b>Le mercredi 16 avril<\/b>, petit(e)s et grand(e)s y trouveront <b>des activit\u00e9s et des jeux solidaires <\/b>(dans le cadre de la campagne Printemps de la solidarit\u00e9 mondiale), du <b>chocolat<\/b>, des <b>maquillages<\/b>, des gourmandises\u2026 Et <b>un atelier cr\u00e9atif organis\u00e9 par Vois l\u00e0<\/b>, pour cr\u00e9er son imprim\u00e9 inspir\u00e9 par la solidarit\u00e9 internationale.<\/p>\n<p align=\"CENTER\"><b>Quand et o\u00f9\u00a0?<br \/><\/b>Mercredi 16 avril de 11h \u00e0 17h<br \/>Au Pavillon Jos\u00e9phine<br \/><a href=\"https:\/\/fb.me\/e\/27u3wlrBb\" target=\"_blank\" rel=\"noopener nofollow\">L\u2019\u00e9v\u00e9nement Facebook<\/a><\/p>\n<p>Des Rives de Printemps au Phare Citadelle et CleanWalk (avec La Grenze et L&rsquo;Or\u00e9e 85)<\/p>\n<p align=\"LEFT\">Avec le retour de la belle saison, on l\u2019attendait\u00a0: <b>le Phare Citadelle a enfin rouvert ses portes<\/b>. Et du 18 au 20, il lance son grand week-end <b>Des Rives de Printemps <\/b>avec un planning charg\u00e9 et bien diversifi\u00e9.<\/p>\n<p align=\"LEFT\"><b>Le vendredi 18 d\u00e8s 14h, il d\u00e9marre avec son \u00ab\u00a0Tourne Galette\u00a0\u00bb<\/b>\u00a0: du graffiti avec Jaek El Diablo et Toho Pulpo, et un workshop de danse anim\u00e9 par Aurora, sur fond de DJ sets 100% vinyles avec DJ Q, Funkopathe, K1000 et Louis Vicius.<\/p>\n<p align=\"LEFT\"><b>Samedi 19 d\u00e8s 14h : troc de boutures et chasse aux \u0153ufs. Le 20, de 12h \u00e0 22h, <\/b><b>\u00ab Comme des woof \u00bb<\/b>\u00a0avec <b>un apr\u00e8s-midi d\u00e9di\u00e9 aux toutous <\/b>et leurs humain(e)s.<\/p>\n<p align=\"LEFT\">En parall\u00e8le, pour se d\u00e9gourdir les jambes en faisant une bonne action pour la protection de l\u2019environnement\u00a0: rejoins <b>la CleanWalk qui reliera le Phare Citadelle \u00e0 l\u2019Or\u00e9e 85 (en collab\u2019 avec La Grenze)<\/b>, avec leur collectif Faire Commun et CleanWalker. En plus de nettoyer la street, tu garantis<b> ta place gratos pour la Teuf de printemps<\/b> organis\u00e9e le soir-m\u00eame au Phare (\u00e0 partir de 22h).<\/p>\n<p align=\"CENTER\"><b>Quand et o\u00f9\u00a0?<br \/><\/b>Vendredi 18 et samedi 19 avril<br \/>Au Phare Citadelle<br \/><a href=\"https:\/\/fb.me\/e\/6l2MRKjkj\" target=\"_blank\" rel=\"noopener nofollow\">L\u2019\u00e9v\u00e9nement Facebook<\/a><\/p>\n<p>                <img width=\"381\" height=\"500\" src=\"https:\/\/www.europesays.com\/fr\/wp-content\/uploads\/2025\/04\/img-9755-381x500.jpg\" class=\"attachment-gallery size-gallery\" alt=\"phare citadelle\" data-full-url=\"https:\/\/pokaa.fr\/wp-content\/uploads\/2025\/02\/11\/img-9755.jpg\" decoding=\"async\" loading=\"lazy\"  \/>            <\/p>\n<p>                <img width=\"387\" height=\"500\" src=\"https:\/\/www.europesays.com\/fr\/wp-content\/uploads\/2025\/04\/img-9749-387x500.jpg\" class=\"attachment-gallery size-gallery\" alt=\"phare citadelle\" data-full-url=\"https:\/\/pokaa.fr\/wp-content\/uploads\/2025\/02\/11\/img-9749.jpg\" decoding=\"async\" loading=\"lazy\"  \/>            <\/p>\n<p>                <img width=\"749\" height=\"500\" src=\"https:\/\/www.europesays.com\/fr\/wp-content\/uploads\/2025\/04\/img-0842-749x500.jpg\" class=\"attachment-gallery size-gallery\" alt=\"phare citadelle\" data-full-url=\"https:\/\/pokaa.fr\/wp-content\/uploads\/2025\/02\/11\/img-0842.jpg\" decoding=\"async\" loading=\"lazy\"  \/>            <\/p>\n<p>                    1. et 2. \u00a9 Coraline Lafon \/ Pokaa ; 3. \u00a9 Bastien Pietronave \/ Pokaa<\/p>\n<p>Ludo&rsquo;Erno\u00a0: Festival des jeux \u00e0 Ernolsheim-Bruche<\/p>\n<p align=\"LEFT\">Les <b>samedi 26 et dimanche 27 avril<\/b>, l\u2019association Ludimagine relance les d\u00e9s pour une seconde \u00e9dition de<b> Ludo\u2019Erno\u00a0<\/b>! <b>Un festival des jeux gratuit et familial \u00e0 Ernolsheim-sur-Bruche<\/b> (\u00e0 quelques coups de p\u00e9dales de Strasbourg).<\/p>\n<p>Au programme\u00a0? <b>Plus de 80 tables de jeux de soci\u00e9t\u00e9<\/b>, une zone avec <b>des prototypes <\/b>et leurs auteurs et autrices, <b>des espaces de tournois<\/b> (avec des lots \u00e0 gagner), et<b> des boutiques de jeux<\/b> (Philibert, La Bo\u00eete \u00e0 jouer de Mutzig), ainsi qu\u2019<b>une tombola<\/b>.<\/p>\n<p align=\"CENTER\"><b>Quand et o\u00f9\u00a0?<\/b><br \/>Samedi 26 (de 14h \u00e0 21h) et dimanche 27 avril (de 10h \u00e0 18h)<br \/>\u00c0 la Salle Omnisports \u00e0 Ernolsheim-Bruche<br \/><a href=\"https:\/\/fb.me\/e\/2X9DRu6pH\" target=\"_blank\" rel=\"noopener nofollow\">L\u2019\u00e9v\u00e9nement Facebook<\/a><\/p>\n<p>    <img width=\"800\" height=\"533\" src=\"https:\/\/www.europesays.com\/fr\/wp-content\/uploads\/2025\/04\/philibert-strasbourg-1.jpg\" class=\"attachment-image-size-L size-image-size-L\" alt=\"philibert-strasbourg\" decoding=\"async\" loading=\"lazy\"  \/>         \u00a9 Anthony Jilli \/ Pokaa <\/p>\n<p>Colors City\u00a0: OFF du NL Contest<\/p>\n<p align=\"LEFT\">Et enfin, \u00e0 d\u00e9faut d\u2019avoir du soleil ces prochains jours, mettons-y de la couleur, avec un sp\u00e9cialiste en la mati\u00e8re : <b>Colors City<\/b>. Avec ses \u0153uvres color\u00e9es r\u00e9parties dans les rues de Strasbourg et alentours, ce <b>OFF du NL Contest <\/b>met du peps dans nos quotidiens depuis 2018.<\/p>\n<p><b>Le dimanche 27 avril<\/b>, il revient et nous proposera<b> <\/b><b>\u00ab\u00a0une immersion artistique dans les rues de Strasbourg\u00a0\u00bb<\/b><b>, de 14h \u00e0 18h<\/b>, aux c\u00f4t\u00e9s d\u2019<b>artistes <\/b>\u00ab\u00a0arm\u00e9(e)s de pinceaux, sprays et pochoirs pour m\u00e9tamorphoser murs et mobilier urbain en v\u00e9ritables \u0153uvres d\u2019art\u00a0\u00bb.<\/p>\n<p>On y croisera en vrac <b>Amypiou, C\u00e9line Clement, Ariane Pinel, Apaiz, Camille Epplin, ou Jak Umbdenstock<\/b>\u2026 En tout\u00a0: une vingtaine de talents \u00e0 d\u00e9couvrir en temps r\u00e9el.<\/p>\n<p align=\"CENTER\"><b>Quand et o\u00f9\u00a0?<br \/><\/b>Dimanche 27 avril de 14h \u00e0 18h (report le samedi 26 avril en fonction de la m\u00e9t\u00e9o)<br \/>Dans les rues de Strasbourg<br \/><a href=\"https:\/\/fb.me\/e\/5ZK1ikVS0\" target=\"_blank\" rel=\"noopener nofollow\">L\u2019\u00e9v\u00e9nement Facebook<\/a><\/p>\n<p>                <img width=\"333\" height=\"500\" src=\"https:\/\/www.europesays.com\/fr\/wp-content\/uploads\/2025\/04\/coffret-celine-clement-e1643222599140.jpg\" class=\"attachment-gallery size-gallery\" alt=\"C\u00e9line Cl\u00e9ment + illustration + rue du jeu des enfants\" data-full-url=\"https:\/\/www.europesays.com\/fr\/wp-content\/uploads\/2025\/04\/coffret-celine-clement-e1643222599140.jpg\" decoding=\"async\" loading=\"lazy\"\/>            <\/p>\n<p>                <img width=\"625\" height=\"500\" src=\"https:\/\/www.europesays.com\/fr\/wp-content\/uploads\/2025\/04\/boitier-clement-1-min-scaled-e1643222668537.jpg\" class=\"attachment-gallery size-gallery\" alt=\"C\u00e9line Cl\u00e9ment + illustration + colors + street art\" data-full-url=\"https:\/\/www.europesays.com\/fr\/wp-content\/uploads\/2025\/04\/boitier-clement-1-min-scaled-e1643222668537.jpg\" decoding=\"async\" loading=\"lazy\"\/>            <\/p>\n<p>                    C\u00e9line Cl\u00e9ment \u00e0 COLORS. \u00a9 C\u00e9line Cl\u00e9ment \/ Documents remis<\/p>\n","protected":false},"excerpt":{"rendered":"Pour ses d\u00e9buts printaniers, il nous aura r\u00e9gal\u00e9, mais le revoil\u00e0 en cong\u00e9 : oui, le soleil s\u2019est&hellip;\n","protected":false},"author":2,"featured_media":27525,"comment_status":"","ping_status":"","sticky":false,"template":"","format":"standard","meta":{"footnotes":""},"categories":[2820],"tags":[1111,11,650,1697,9689,1777,674,652,849,1011,27,1661,775,326,1197,12,25,3140,640],"class_list":{"0":"post-27524","1":"post","2":"type-post","3":"status-publish","4":"format-standard","5":"has-post-thumbnail","7":"category-strasbourg","8":"tag-actu","9":"tag-actualites","10":"tag-cinema","11":"tag-concert","12":"tag-djset","13":"tag-eu","14":"tag-europe","15":"tag-famille","16":"tag-festival","17":"tag-fr","18":"tag-france","19":"tag-gastronomie","20":"tag-grand-est","21":"tag-gratuit","22":"tag-jeu","23":"tag-news","24":"tag-republique-francaise","25":"tag-spectacle","26":"tag-strasbourg"},"share_on_mastodon":{"url":"https:\/\/pubeurope.com\/@fr\/114343902420930950","error":""},"_links":{"self":[{"href":"https:\/\/www.europesays.com\/fr\/wp-json\/wp\/v2\/posts\/27524","targetHints":{"allow":["GET"]}}],"collection":[{"href":"https:\/\/www.europesays.com\/fr\/wp-json\/wp\/v2\/posts"}],"about":[{"href":"https:\/\/www.europesays.com\/fr\/wp-json\/wp\/v2\/types\/post"}],"author":[{"embeddable":true,"href":"https:\/\/www.europesays.com\/fr\/wp-json\/wp\/v2\/users\/2"}],"replies":[{"embeddable":true,"href":"https:\/\/www.europesays.com\/fr\/wp-json\/wp\/v2\/comments?post=27524"}],"version-history":[{"count":0,"href":"https:\/\/www.europesays.com\/fr\/wp-json\/wp\/v2\/posts\/27524\/revisions"}],"wp:featuredmedia":[{"embeddable":true,"href":"https:\/\/www.europesays.com\/fr\/wp-json\/wp\/v2\/media\/27525"}],"wp:attachment":[{"href":"https:\/\/www.europesays.com\/fr\/wp-json\/wp\/v2\/media?parent=27524"}],"wp:term":[{"taxonomy":"category","embeddable":true,"href":"https:\/\/www.europesays.com\/fr\/wp-json\/wp\/v2\/categories?post=27524"},{"taxonomy":"post_tag","embeddable":true,"href":"https:\/\/www.europesays.com\/fr\/wp-json\/wp\/v2\/tags?post=27524"}],"curies":[{"name":"wp","href":"https:\/\/api.w.org\/{rel}","templated":true}]}}