{"id":275240,"date":"2025-07-26T13:04:12","date_gmt":"2025-07-26T13:04:12","guid":{"rendered":"https:\/\/www.europesays.com\/fr\/275240\/"},"modified":"2025-07-26T13:04:12","modified_gmt":"2025-07-26T13:04:12","slug":"quand-la-peugeot-se-prend-pour-une-ferrari","status":"publish","type":"post","link":"https:\/\/www.europesays.com\/fr\/275240\/","title":{"rendered":"QUAND LA PEUGEOT SE PREND POUR UNE FERRARI"},"content":{"rendered":"<p>                <a href=\"https:\/\/cadenceradio.fr\" target=\"_blank\" aria-label=\"Banni\u00e8re Cadence 2025\" rel=\"nofollow noopener\"><img loading=\"lazy\" decoding=\"async\" src=\"https:\/\/www.europesays.com\/fr\/wp-content\/uploads\/2025\/07\/Banniere-Cadence-2025-scaled.jpg\" alt=\"\"   width=\"2560\" height=\"738\"\/><\/a><\/p>\n<p>Depuis quelques jours, leurs journ\u00e9es sont rythm\u00e9es par le vrombissement d\u2019un moteur et le crissement de pneus. Un adolescent transforme r\u00e9guli\u00e8rement les rues du secteur en circuit improvis\u00e9, au volant de sa Peugeot 207.<\/p>\n<p>Face \u00e0 l\u2019exasp\u00e9ration grandissante des habitants, la police municipale a d\u00e9cid\u00e9 de renforcer sa surveillance dans la zone. L\u2019objectif : mettre fin \u00e0 ces d\u00e9monstrations motoris\u00e9es qui troublent la qui\u00e9tude du quartier et repr\u00e9sentent un danger pour la s\u00e9curit\u00e9 publique.<\/p>\n<p>Une arrestation en flagrant d\u00e9lit d\u2019acrobaties automobiles<\/p>\n<p>Mercredi 23 juillet, vers 18h15, la patience des forces de l\u2019ordre a enfin port\u00e9 ses fruits. Les agents municipaux ont surpris le jeune chauffard en pleine s\u00e9ance d\u2019exhibition, effectuant diverses man\u0153uvres spectaculaires dans sa berline fran\u00e7aise.<\/p>\n<p>L\u2019intervention a r\u00e9v\u00e9l\u00e9 un d\u00e9tail pr\u00e9occupant : le v\u00e9hicule pr\u00e9sentait des modifications consid\u00e9r\u00e9es comme dangereuses par les policiers, justifiant son immobilisation imm\u00e9diate sur place.<\/p>\n<p>Un mineur sans permis face \u00e0 la justice<\/p>\n<p>La surprise fut de taille lorsque les autorit\u00e9s d\u00e9couvrirent l\u2019identit\u00e9 du pilote improvis\u00e9 : un adolescent de 17 ans, originaire de Saint-\u00c9tienne, qui ne poss\u00e9dait aucun permis de conduire.<\/p>\n<p>Apr\u00e8s son placement en garde \u00e0 vue au commissariat st\u00e9phanois, le jeune homme a re\u00e7u une convocation judiciaire. Il devra compara\u00eetre prochainement dans le cadre d\u2019une proc\u00e9dure de reconnaissance pr\u00e9alable de culpabilit\u00e9, o\u00f9 il r\u00e9pondra de ses actes devant la justice.<\/p>\n","protected":false},"excerpt":{"rendered":"Depuis quelques jours, leurs journ\u00e9es sont rythm\u00e9es par le vrombissement d\u2019un moteur et le crissement de pneus. Un&hellip;\n","protected":false},"author":2,"featured_media":275241,"comment_status":"","ping_status":"","sticky":false,"template":"","format":"standard","meta":{"footnotes":""},"categories":[9653],"tags":[1111,11,2430,1777,674,118,1011,27,3367,12,25,4001],"class_list":{"0":"post-275240","1":"post","2":"type-post","3":"status-publish","4":"format-standard","5":"has-post-thumbnail","7":"category-saint-etienne","8":"tag-actu","9":"tag-actualites","10":"tag-auvergne-rhone-alpes","11":"tag-eu","12":"tag-europe","13":"tag-faits-divers","14":"tag-fr","15":"tag-france","16":"tag-loire","17":"tag-news","18":"tag-republique-francaise","19":"tag-saint-etienne"},"share_on_mastodon":{"url":"https:\/\/pubeurope.com\/@fr\/114919680475136620","error":""},"_links":{"self":[{"href":"https:\/\/www.europesays.com\/fr\/wp-json\/wp\/v2\/posts\/275240","targetHints":{"allow":["GET"]}}],"collection":[{"href":"https:\/\/www.europesays.com\/fr\/wp-json\/wp\/v2\/posts"}],"about":[{"href":"https:\/\/www.europesays.com\/fr\/wp-json\/wp\/v2\/types\/post"}],"author":[{"embeddable":true,"href":"https:\/\/www.europesays.com\/fr\/wp-json\/wp\/v2\/users\/2"}],"replies":[{"embeddable":true,"href":"https:\/\/www.europesays.com\/fr\/wp-json\/wp\/v2\/comments?post=275240"}],"version-history":[{"count":0,"href":"https:\/\/www.europesays.com\/fr\/wp-json\/wp\/v2\/posts\/275240\/revisions"}],"wp:featuredmedia":[{"embeddable":true,"href":"https:\/\/www.europesays.com\/fr\/wp-json\/wp\/v2\/media\/275241"}],"wp:attachment":[{"href":"https:\/\/www.europesays.com\/fr\/wp-json\/wp\/v2\/media?parent=275240"}],"wp:term":[{"taxonomy":"category","embeddable":true,"href":"https:\/\/www.europesays.com\/fr\/wp-json\/wp\/v2\/categories?post=275240"},{"taxonomy":"post_tag","embeddable":true,"href":"https:\/\/www.europesays.com\/fr\/wp-json\/wp\/v2\/tags?post=275240"}],"curies":[{"name":"wp","href":"https:\/\/api.w.org\/{rel}","templated":true}]}}