{"id":275242,"date":"2025-07-26T13:08:48","date_gmt":"2025-07-26T13:08:48","guid":{"rendered":"https:\/\/www.europesays.com\/fr\/275242\/"},"modified":"2025-07-26T13:08:48","modified_gmt":"2025-07-26T13:08:48","slug":"milla-massemin-et-jeanne-roche-passent-en-finale","status":"publish","type":"post","link":"https:\/\/www.europesays.com\/fr\/275242\/","title":{"rendered":"Milla Massemin et Jeanne Roche passent en finale"},"content":{"rendered":"<p>   Championnats du monde U23 Jusqu\u2019\u00e0 dimanche, \u00e0 Poznan (POL) <\/p>\n<p>Elles l\u2019ont fait\u00a0! D\u00e9j\u00e0 qualifi\u00e9es avec le huit tricolore, Milla Massemin et Jeanne Roche ont d\u00e9croch\u00e9 \u00e0 Poznan <a href=\"https:\/\/www.estrepublicain.fr\/sport\/2025\/07\/24\/championnats-du-monde-u23-milla-massemin-file-en-demie-victor-martin-en-finale\" target=\"_blank\" rel=\"noopener\">leur deuxi\u00e8me finale de ces Mondiaux U23.<\/a> Deuxi\u00e8mes de leur demi-finale du deux de couple derri\u00e8re le bateau grec qui avait d\u00e9j\u00e0 domin\u00e9 les Fran\u00e7aises en s\u00e9ries, la Nanc\u00e9ienne et sa partenaire marseillaise partiront ainsi en chasse d\u2019un (premier) podium, ce samedi (\u00e0 15hh35), en s\u2019\u00e9vitant l\u2019inconfort d\u2019une ligne d\u2019eau ext\u00e9rieure. Un peu moins de vingt-quatre heures avant leur deuxi\u00e8me \u00ab\u00a0chance\u00a0\u00bb du week-end (dimanche, 12h12) avec le huit (Bosquet, Vaucoret, Oudet, Roche, Massemin, Fouquet, Peron, Dournaux\u00a0; bar.\u00a0: M.\u00a0Jacq Bodet).<\/p>\n<p>Ce contenu est bloqu\u00e9 car vous n&rsquo;avez pas accept\u00e9 les cookies et autres traceurs.<\/p>\n<p>En cliquant sur \u00ab J\u2019accepte \u00bb, les cookies et autres traceurs seront d\u00e9pos\u00e9s et vous pourrez visualiser les contenus  (<a href=\"\" class=\"consentModule_policy\" target=\"_blank\" title=\"Consulter la politique de protection des donn\u00e9es du fournisseur\">plus d&rsquo;informations<\/a>).<\/p>\n<p>En cliquant sur \u00ab J\u2019accepte tous les cookies \u00bb, vous autorisez des d\u00e9p\u00f4ts de cookies et autres traceurs pour le stockage de vos donn\u00e9es sur nos sites et applications \u00e0 des fins de personnalisation et de ciblage publicitaire.<\/p>\n<p class=\"consentModule_secondaryText\">Vous gardez la possibilit\u00e9 de retirer votre consentement \u00e0 tout moment en consultant notre <a href=\"https:\/\/www.estrepublicain.fr\/protection-des-donnees\" target=\"_blank\" title=\"Consulter notre politique de protection des donn\u00e9es\" rel=\"noopener\">politique de protection des donn\u00e9es<\/a>. <br \/>&#13;<br \/>\n            <a href=\"https:\/\/www.estrepublicain.fr\/sport\/2025\/07\/25\/javascript:Didomi.notice.show()\" class=\"consentModule_cmp\" target=\"_blank\" rel=\"noopener\">G\u00e9rer mes choix<\/a>&#13;\n        <\/p>\n<p>&#13;<br \/>\n                        J&rsquo;accepte&#13;<br \/>\n            J&rsquo;accepte tous les cookies&#13;\n        <\/p>\n<p>De son c\u00f4t\u00e9, le Verdunois Victor Martin tentera d\u2019imiter la soci\u00e9taire du \u00ab\u00a0Sport Nautique\u00a0\u00bb, avec un huit masculin (Mitchell, Descot-Vigouroux, Duret, Tubidis, Thomas, Fauch\u00e9, Martin, Jolard\u00a0; bar.\u00a0: L.\u00a0Mercier) engag\u00e9 dans une demie a priori complexe (ce samedi, 11h25) face aux Allemands et aux Am\u00e9ricains.<\/p>\n<p class=\"note\">Les r\u00e9sultats des Lorrains. Deux de couple (demi-finales\u00a0; DF1)\u00a0: Gr\u00e8ce 6\u201956\u2019\u201942 (Q), 2. France (Massemin, Roche) 5\u201958\u2019\u201940 (Q)\u2026<\/p>\n","protected":false},"excerpt":{"rendered":"Championnats du monde U23 Jusqu\u2019\u00e0 dimanche, \u00e0 Poznan (POL) Elles l\u2019ont fait\u00a0! D\u00e9j\u00e0 qualifi\u00e9es avec le huit tricolore,&hellip;\n","protected":false},"author":2,"featured_media":275243,"comment_status":"","ping_status":"","sticky":false,"template":"","format":"standard","meta":{"footnotes":""},"categories":[9635],"tags":[1111,11,3810,1704,1777,674,107,1701,1011,27,775,11209,1702,1703,12,25,517,1700,15103,10172,10173],"class_list":{"0":"post-275242","1":"post","2":"type-post","3":"status-publish","4":"format-standard","5":"has-post-thumbnail","7":"category-nancy","8":"tag-actu","9":"tag-actualites","10":"tag-aviron","11":"tag-edition-nancy-et-agglomeration","12":"tag-eu","13":"tag-europe","14":"tag-fil-info","15":"tag-fil-info-sport","16":"tag-fr","17":"tag-france","18":"tag-grand-est","19":"tag-meuse","20":"tag-nancy","21":"tag-nancy-ville-54b","22":"tag-news","23":"tag-republique-francaise","24":"tag-sport","25":"tag-sport-lorrain","26":"tag-sports-nautiques","27":"tag-verdun","28":"tag-verdun-ville-55a"},"share_on_mastodon":{"url":"https:\/\/pubeurope.com\/@fr\/114919700151536548","error":""},"_links":{"self":[{"href":"https:\/\/www.europesays.com\/fr\/wp-json\/wp\/v2\/posts\/275242","targetHints":{"allow":["GET"]}}],"collection":[{"href":"https:\/\/www.europesays.com\/fr\/wp-json\/wp\/v2\/posts"}],"about":[{"href":"https:\/\/www.europesays.com\/fr\/wp-json\/wp\/v2\/types\/post"}],"author":[{"embeddable":true,"href":"https:\/\/www.europesays.com\/fr\/wp-json\/wp\/v2\/users\/2"}],"replies":[{"embeddable":true,"href":"https:\/\/www.europesays.com\/fr\/wp-json\/wp\/v2\/comments?post=275242"}],"version-history":[{"count":0,"href":"https:\/\/www.europesays.com\/fr\/wp-json\/wp\/v2\/posts\/275242\/revisions"}],"wp:featuredmedia":[{"embeddable":true,"href":"https:\/\/www.europesays.com\/fr\/wp-json\/wp\/v2\/media\/275243"}],"wp:attachment":[{"href":"https:\/\/www.europesays.com\/fr\/wp-json\/wp\/v2\/media?parent=275242"}],"wp:term":[{"taxonomy":"category","embeddable":true,"href":"https:\/\/www.europesays.com\/fr\/wp-json\/wp\/v2\/categories?post=275242"},{"taxonomy":"post_tag","embeddable":true,"href":"https:\/\/www.europesays.com\/fr\/wp-json\/wp\/v2\/tags?post=275242"}],"curies":[{"name":"wp","href":"https:\/\/api.w.org\/{rel}","templated":true}]}}