{"id":275249,"date":"2025-07-26T13:12:14","date_gmt":"2025-07-26T13:12:14","guid":{"rendered":"https:\/\/www.europesays.com\/fr\/275249\/"},"modified":"2025-07-26T13:12:14","modified_gmt":"2025-07-26T13:12:14","slug":"mercato-montpellier-depart-a-letranger-pour-jordan-ferri","status":"publish","type":"post","link":"https:\/\/www.europesays.com\/fr\/275249\/","title":{"rendered":"Mercato &#8211; Montpellier : D\u00e9part \u00e0 l&rsquo;\u00e9tranger pour Jordan Ferri ?"},"content":{"rendered":"<p style=\"text-align: justify;\">Apr\u00e8s la saison cauchemardesque de <strong>Montpellier<\/strong> et la rel\u00e9gation en <strong>Ligue 2<\/strong>, <strong>Jordan<\/strong> <strong>Ferri<\/strong> fait partie des \u00ab cadres \u00bb souvent point\u00e9s du doigt ces derniers mois, dont le d\u00e9part cet \u00e9t\u00e9 semble plus que probable. D\u2019autant que le joueur de 33 ans est \u00e0 un an de la fin du contrat qui le lie au club h\u00e9raultais.<\/p>\n<p style=\"text-align: justify;\">\u00c0 lire aussi &gt;&gt;\u00a0<a href=\"https:\/\/maligue2.fr\/2025\/07\/22\/mercato-montpellier-deux-titulaires-sur-le-depart\/\" target=\"_blank\" rel=\"noopener\">Mercato \u2013 Montpellier : Deux titulaires sur le d\u00e9part ?<\/a><\/p>\n<p style=\"text-align: justify;\">D\u2019apr\u00e8s <a href=\"https:\/\/www.lequipe.fr\/\" target=\"_blank\" rel=\"noopener\">L\u2019\u00c9quipe<\/a>, le milieu de terrain dispose d\u2019une offre de contrat de deux ans de la part du Fatih Karag\u00fcmr\u00fck SK, promu en Super Lig pour la saison \u00e0 venir. Le club turc souhaiterait un transfert sans indemnit\u00e9, n\u00e9anmoins, Jordan Ferri et le MHSC sont encore li\u00e9s jusqu\u2019en juin 2026.<\/p>\n<p style=\"text-align: justify;\">Photo \u00a9Loic Cousin\/Icon Sport<\/p>\n","protected":false},"excerpt":{"rendered":"Apr\u00e8s la saison cauchemardesque de Montpellier et la rel\u00e9gation en Ligue 2, Jordan Ferri fait partie des \u00ab&hellip;\n","protected":false},"author":2,"featured_media":275250,"comment_status":"","ping_status":"","sticky":false,"template":"","format":"standard","meta":{"footnotes":""},"categories":[9599],"tags":[12165,1111,11,1777,674,1011,27,15068,2208,12,2680,25],"class_list":{"0":"post-275249","1":"post","2":"type-post","3":"status-publish","4":"format-standard","5":"has-post-thumbnail","7":"category-montpellier","8":"tag-alaune6","9":"tag-actu","10":"tag-actualites","11":"tag-eu","12":"tag-europe","13":"tag-fr","14":"tag-france","15":"tag-jordan-ferri","16":"tag-montpellier","17":"tag-news","18":"tag-occitanie","19":"tag-republique-francaise"},"share_on_mastodon":{"url":"https:\/\/pubeurope.com\/@fr\/114919711798848824","error":""},"_links":{"self":[{"href":"https:\/\/www.europesays.com\/fr\/wp-json\/wp\/v2\/posts\/275249","targetHints":{"allow":["GET"]}}],"collection":[{"href":"https:\/\/www.europesays.com\/fr\/wp-json\/wp\/v2\/posts"}],"about":[{"href":"https:\/\/www.europesays.com\/fr\/wp-json\/wp\/v2\/types\/post"}],"author":[{"embeddable":true,"href":"https:\/\/www.europesays.com\/fr\/wp-json\/wp\/v2\/users\/2"}],"replies":[{"embeddable":true,"href":"https:\/\/www.europesays.com\/fr\/wp-json\/wp\/v2\/comments?post=275249"}],"version-history":[{"count":0,"href":"https:\/\/www.europesays.com\/fr\/wp-json\/wp\/v2\/posts\/275249\/revisions"}],"wp:featuredmedia":[{"embeddable":true,"href":"https:\/\/www.europesays.com\/fr\/wp-json\/wp\/v2\/media\/275250"}],"wp:attachment":[{"href":"https:\/\/www.europesays.com\/fr\/wp-json\/wp\/v2\/media?parent=275249"}],"wp:term":[{"taxonomy":"category","embeddable":true,"href":"https:\/\/www.europesays.com\/fr\/wp-json\/wp\/v2\/categories?post=275249"},{"taxonomy":"post_tag","embeddable":true,"href":"https:\/\/www.europesays.com\/fr\/wp-json\/wp\/v2\/tags?post=275249"}],"curies":[{"name":"wp","href":"https:\/\/api.w.org\/{rel}","templated":true}]}}