{"id":275251,"date":"2025-07-26T13:15:16","date_gmt":"2025-07-26T13:15:16","guid":{"rendered":"https:\/\/www.europesays.com\/fr\/275251\/"},"modified":"2025-07-26T13:15:16","modified_gmt":"2025-07-26T13:15:16","slug":"montbonnot-saint-martin-la-piscine-de-lecole-des-pupilles-de-lair-et-de-lespace-rouvre-ses-portes","status":"publish","type":"post","link":"https:\/\/www.europesays.com\/fr\/275251\/","title":{"rendered":"Montbonnot-Saint-Martin. La piscine de l\u2019\u00c9cole des pupilles de l\u2019air et de l\u2019espace rouvre ses portes"},"content":{"rendered":"<p>La piscine est actuellement ouverte tous les jours, de 10\u00a0h \u00e0 18\u00a0h en horaire continu et ce, jusqu\u2019au dernier jour des vacances scolaires, le dimanche 31\u00a0ao\u00fbt. Seul, en famille ou entre amis, venez nager, vous baigner ou tout simplement vous rafra\u00eechir.<\/p>\n<p>\u00ab\u00a0Les espaces ext\u00e9rieurs sont ouverts\u00a0: la dalle en b\u00e9ton, pour vos s\u00e9ances de bronzage sur des transats mis \u00e0 votre enti\u00e8re&#8230;<\/p>\n","protected":false},"excerpt":{"rendered":"La piscine est actuellement ouverte tous les jours, de 10\u00a0h \u00e0 18\u00a0h en horaire continu et ce, jusqu\u2019au&hellip;\n","protected":false},"author":2,"featured_media":275252,"comment_status":"","ping_status":"","sticky":false,"template":"","format":"standard","meta":{"footnotes":""},"categories":[9566],"tags":[1111,11,2430,1687,113,1777,674,1011,27,2731,108,26950,28171,5216,12,25,15103],"class_list":{"0":"post-275251","1":"post","2":"type-post","3":"status-publish","4":"format-standard","5":"has-post-thumbnail","7":"category-grenoble","8":"tag-actu","9":"tag-actualites","10":"tag-auvergne-rhone-alpes","11":"tag-culture-loisirs","12":"tag-edition-gresivaudan-oisans","13":"tag-eu","14":"tag-europe","15":"tag-fr","16":"tag-france","17":"tag-grenoble","18":"tag-isere","19":"tag-montbonnot-saint-martin","20":"tag-montbonnot-saint-martin-et-autour","21":"tag-natation","22":"tag-news","23":"tag-republique-francaise","24":"tag-sports-nautiques"},"share_on_mastodon":{"url":"https:\/\/pubeurope.com\/@fr\/114919723920399224","error":""},"_links":{"self":[{"href":"https:\/\/www.europesays.com\/fr\/wp-json\/wp\/v2\/posts\/275251","targetHints":{"allow":["GET"]}}],"collection":[{"href":"https:\/\/www.europesays.com\/fr\/wp-json\/wp\/v2\/posts"}],"about":[{"href":"https:\/\/www.europesays.com\/fr\/wp-json\/wp\/v2\/types\/post"}],"author":[{"embeddable":true,"href":"https:\/\/www.europesays.com\/fr\/wp-json\/wp\/v2\/users\/2"}],"replies":[{"embeddable":true,"href":"https:\/\/www.europesays.com\/fr\/wp-json\/wp\/v2\/comments?post=275251"}],"version-history":[{"count":0,"href":"https:\/\/www.europesays.com\/fr\/wp-json\/wp\/v2\/posts\/275251\/revisions"}],"wp:featuredmedia":[{"embeddable":true,"href":"https:\/\/www.europesays.com\/fr\/wp-json\/wp\/v2\/media\/275252"}],"wp:attachment":[{"href":"https:\/\/www.europesays.com\/fr\/wp-json\/wp\/v2\/media?parent=275251"}],"wp:term":[{"taxonomy":"category","embeddable":true,"href":"https:\/\/www.europesays.com\/fr\/wp-json\/wp\/v2\/categories?post=275251"},{"taxonomy":"post_tag","embeddable":true,"href":"https:\/\/www.europesays.com\/fr\/wp-json\/wp\/v2\/tags?post=275251"}],"curies":[{"name":"wp","href":"https:\/\/api.w.org\/{rel}","templated":true}]}}