{"id":275253,"date":"2025-07-26T13:16:23","date_gmt":"2025-07-26T13:16:23","guid":{"rendered":"https:\/\/www.europesays.com\/fr\/275253\/"},"modified":"2025-07-26T13:16:23","modified_gmt":"2025-07-26T13:16:23","slug":"lincurie-de-la-gestion-ville-metropole-illustree","status":"publish","type":"post","link":"https:\/\/www.europesays.com\/fr\/275253\/","title":{"rendered":"L&rsquo;INCURIE DE LA GESTION VILLE\/M\u00c9TROPOLE ILLUSTR\u00c9E"},"content":{"rendered":"<p style=\"text-align: justify;\"><a target=\"_blank\" href=\"https:\/\/c.ledauphine.com\/economie\/2025\/07\/03\/isere-grenoble-bourse-du-travail-ce-differend-a-300-000-entre-la-ville-et-la-metro\" rel=\"noopener\">Le Dauphin\u00e9 Lib\u00e9r\u00e9<\/a><a target=\"_blank\" href=\"https:\/\/c.ledauphine.com\/economie\/2025\/07\/03\/isere-grenoble-bourse-du-travail-ce-differend-a-300-000-entre-la-ville-et-la-metro\" rel=\"noopener\"> est r\u00e9cemment revenu<\/a> sur un diff\u00e9rend \u00e0 300 000 euros entre la Ville et la M\u00e9tropole au sujet de la Bourse du Travail.  Un cas d&rsquo;\u00e9cole de la gestion de nos collectivit\u00e9s par les majorit\u00e9s Verts\/LFI et leurs alli\u00e9s.<\/p>\n<p><b>100 000 EUROS PAR AN EN MOINS DE LA M\u00c9TRO<\/b><\/p>\n<p style=\"text-align: justify;\">Depuis 2023, la M\u00e9tropole de Christophe Ferrari (Place Publique) a cess\u00e9 de verser sa contribution annuelle de 100 000 euros pour le fonctionnement du b\u00e2timent de la Bourse du Travail, situ\u00e9 \u00e0 Grenoble, qui accueille le si\u00e8ge de plusieurs syndicats. Cette d\u00e9cision laisse le financement reposer sur la ville de Grenoble, qui versait d\u00e9j\u00e0 une contribution de 200 000 euros par an de son c\u00f4t\u00e9, soit depuis trois ans 300 000 euros en plus \u00e0 la charge des contribuables grenoblois.<\/p>\n<p><a href=\"https:\/\/i1.wp.com\/grenoble-le-changement.fr\/wp-content\/uploads\/2025\/07\/bourse-du-travail-gre.png?ssl=1\" rel=\"lightbox[83525] noopener\" target=\"_blank\"><img loading=\"lazy\" decoding=\"async\" class=\"wp-image-83531 aligncenter jetpack-lazy-image\" src=\"https:\/\/i1.wp.com\/grenoble-le-changement.fr\/wp-content\/uploads\/2025\/07\/bourse-du-travail-gre.png?resize=678%2C396&amp;ssl=1\" alt=\"\" width=\"678\" height=\"396\" data-recalc-dims=\"1\" data-lazy-src=\"https:\/\/www.europesays.com\/fr\/wp-content\/uploads\/2025\/07\/bourse-du-travail-gre.png\" \/><\/a><\/p>\n<p><b>EN CAUSE : LE \u00ab\u00a0RESSERREMENT DES FINANCES\u00a0\u00bb\u00a0<\/b><\/p>\n<p style=\"text-align: justify;\">Pour justifier ce retrait, la <a href=\"https:\/\/grenoble-le-changement.fr\/2025\/04\/02\/finances-la-metropole-aussi-au-bord-du-gouffre\/\" target=\"_blank\" rel=\"noopener\">premi\u00e8re vice-pr\u00e9sidente de la m\u00e9tropole Michelle Veyret (PCF)<\/a> \u00e9voque un \u00ab\u00a0contexte de resserrement des finances\u00a0\u00bb o\u00f9 la \u00ab\u00a0r\u00e9interrogation de dispositifs est fr\u00e9quente\u00a0\u00bb.  Une excuse g\u00e9n\u00e9raliste assez commode pour tenter d&rsquo;expliquer une \u00e9conomie de bout de chandelle. Mais c&rsquo;est un peu l\u00e9ger, alors que la M\u00e9tropole n&rsquo;h\u00e9site pas \u00e0 d\u00e9penser sans compter pour d&rsquo;autres sujets autrement plus dispendieux.<\/p>\n<p><b>LES GU\u00c9GUERRES BLOQUENT LES DOSSIERS<\/b><\/p>\n<p style=\"text-align: justify;\">Ce dossier est aussi l&rsquo;otage de la gu\u00e9guerre permanente entre \u00c9ric Piolle et Christophe Ferrari. Un syndicaliste, cit\u00e9 par le Dauphin\u00e9, r\u00e9sume la situation d&rsquo;un lapidaire : \u00ab\u00a0comme ils ne se parlent pas, c&rsquo;est un probl\u00e8me\u00a0\u00bb. <a href=\"https:\/\/grenoble-le-changement.fr\/2024\/11\/09\/metropiolle-la-guerre-de-tranchees-fait-une-victime\/\" target=\"_blank\" rel=\"noopener\">Cette bataille d&rsquo;\u00e9gos aura dur\u00e9 tout le mandat<\/a> et paralys\u00e9 la gouvernance de la m\u00e9tropole pendant 6 ans. Elle se paie cash, sur le dos des services aux habitants qui voient les dossiers s&rsquo;enliser, et des finances de la collectivit\u00e9&#8230; donc du contribuable.<\/p>\n<p><b>LA M\u00caME GESTION, LE M\u00caME NAUFRAGE FINANCIER<\/b><\/p>\n<p style=\"text-align: justify;\">La d\u00e9cision m\u00e9tropolitaine n&rsquo;est n\u00e9anmoins pas \u00e9tonnante puisque <a href=\"https:\/\/grenoble-le-changement.fr\/2025\/04\/15\/81295\/\" target=\"_blank\" rel=\"noopener\">la m\u00e9tro a pris le m\u00eame chemin que la Ville : celui d&rsquo;une trajectoire financi\u00e8re qui conduit droit dans le mur<\/a>. Les d\u00e9penses de fonctionnement explosent, les investissements non prioritaires sont maintenus et, pour boucler les budgets, on cherche \u00e0 gratter des fonds de tiroir.  C&rsquo;est la panique \u00e0 bord, et la Bourse du Travail n&rsquo;est qu&rsquo;une victime parmi d&rsquo;autres de cette tentative d&rsquo;\u00e9coper pour maintenir le bateau \u00e0 flot.<\/p>\n<p><b>FERRARI S&rsquo;OFFRE UNE OP\u00c9RATION D&rsquo;AUTO-PROMOTION\u00a0<\/b><\/p>\n<p style=\"text-align: justify;\">Mais pendant que la M\u00e9tro pleure mis\u00e8re pour 100 000 euros, <a target=\"_blank\" href=\"https:\/\/www.placegrenet.fr\/2025\/07\/18\/christophe-ferrari-president-de-grenoble-alpes-metropole-ecrit-a-ses-administres-pour-les-10-ans-de-la-metropole\/656333\" rel=\"noopener\">le pr\u00e9sident Ferrari n&rsquo;h\u00e9site pas \u00e0 financer une vaste op\u00e9ration<\/a> de communication. <a href=\"https:\/\/grenoble-le-changement.fr\/2025\/07\/04\/piolle-fait-la-propagande-des-verts-avec-largent-des-grenoblois\/\" target=\"_blank\" rel=\"noopener\">Comme Piolle \u00e0 Grenoble<\/a>, il a en effet adress\u00e9 un courrier aux habitants des 49 communes pour vanter son bilan, avant que l&rsquo;ouverture de la p\u00e9riode \u00e9lectorale en septembre ne l&#8217;emp\u00eache de le faire sans que \u00e7a ne soit pris en compte dans les comptes de la campagne de la majorit\u00e9 M\u00e9tropolitaine.  On se demande bien combien a co\u00fbt\u00e9 cette op\u00e9ration de propagande sur fonds publics !<\/p>\n<p><b>LA PRIORIT\u00c9 DE LA M\u00c9TRO : UN SI\u00c8GE \u00c0 110 MILLIONS D&rsquo;EUROS<\/b><\/p>\n<p style=\"text-align: justify;\">Le \u00ab\u00a0resserrement des finances\u00a0\u00bb n&rsquo;a par ailleurs pas l&rsquo;air de s&rsquo;appliquer \u00e0 la grande lubie de l&rsquo;\u00e8re Ferrari : <a href=\"https:\/\/grenoble-le-changement.fr\/2024\/09\/21\/la-metro-se-mobilise-pour-defendre-son-siege-hors-de-prix\/\" target=\"_blank\" rel=\"noopener\">le projet de r\u00e9novation du si\u00e8ge de la M\u00e9tropole<\/a>. Un chantier pharaonique dont le co\u00fbt a explos\u00e9, passant de 46 millions en 2017 \u00e0 110 millions d&rsquo;euros aujourd&rsquo;hui, totalement dispensable alors que la M\u00e9tropole poss\u00e8de de nombreux locaux vides. Une op\u00e9ration d&rsquo;entre soi qui montre le sens des priorit\u00e9s de cette majorit\u00e9.\u00a0<\/p>\n<p><a href=\"https:\/\/i2.wp.com\/grenoble-le-changement.fr\/wp-content\/uploads\/2024\/05\/siege-metro.png?ssl=1\" rel=\"lightbox[83525] noopener\" target=\"_blank\"><img loading=\"lazy\" decoding=\"async\" class=\" wp-image-73857 jetpack-lazy-image\" src=\"https:\/\/i2.wp.com\/grenoble-le-changement.fr\/wp-content\/uploads\/2024\/05\/siege-metro.png?resize=675%2C484&amp;ssl=1\" alt=\"\" width=\"675\" height=\"484\" data-recalc-dims=\"1\" data-lazy-src=\"https:\/\/www.europesays.com\/fr\/wp-content\/uploads\/2025\/07\/siege-metro.png\" \/><\/a>Le projet pharaonique de si\u00e8ge de la m\u00e9tro, dispensable \u00e0 l&rsquo;heure du t\u00e9l\u00e9travail et vu nos nombreux locaux vides, restera comme le seul h\u00e9ritage du mandat.<br \/>\n<b>23 MILLIONS POUR LA PASSOIRE \u00c9NERG\u00c9TIQUE : PERSONNE NE PAIE<\/b><\/p>\n<p style=\"text-align: justify;\">Pendant ce temps, la Bourse du Travail se d\u00e9grade. V\u00e9ritable passoire \u00e9nerg\u00e9tique, sa facture d&rsquo;\u00e9lectricit\u00e9 a bondi de 28 000 \u00e0 104 000 euros en un an. Le co\u00fbt de sa r\u00e9novation est estim\u00e9 \u00e0 23 millions d&rsquo;euros.  Mais ni la Ville, ni la M\u00e9tropole n&rsquo;ont l&rsquo;intention et les moyens de mettre la main \u00e0 la poche. Les deux collectivit\u00e9s se renvoient la balle, laissant le b\u00e2timent et ceux qui y travaillent soumis \u00e0 des temp\u00e9ratures extr\u00eames.\u00a0<\/p>\n<p><b>L&rsquo;AVEU DE FAILLITE DE PIERRE M\u00c9RIAUX<\/b><\/p>\n<p style=\"text-align: justify;\">Face \u00e0 cet investissement de 23 millions (qui repr\u00e9sente \u00ab\u00a0seulement\u00a0\u00bb la moiti\u00e9 des recettes de la hausse d&rsquo;imp\u00f4t \u00e0 Grenoble), le sectaire adjoint Pierre M\u00e9riaux (Verts\/ADES) a pour une fois l&rsquo;honn\u00eatet\u00e9 d&rsquo;<a target=\"_blank\" href=\"https:\/\/c.ledauphine.com\/economie\/2025\/07\/03\/isere-grenoble-bourse-du-travail-ce-differend-a-300-000-entre-la-ville-et-la-metro\" rel=\"noopener\">admettre dans le <\/a><a target=\"_blank\" href=\"https:\/\/c.ledauphine.com\/economie\/2025\/07\/03\/isere-grenoble-bourse-du-travail-ce-differend-a-300-000-entre-la-ville-et-la-metro\" rel=\"noopener\">Dauphin\u00e9<\/a> : \u00ab\u00a0c\u2019est compl\u00e8tement hors de port\u00e9e pour nous ; on a d\u00e9j\u00e0 du mal \u00e0 r\u00e9nover les \u00e9coles et les gymnases\u00a0\u00bb.  Une d\u00e9claration qui confirme l&rsquo;\u00e9tat de faillite de la Ville, incapable d&rsquo;entretenir son patrimoine.\u00a0<\/p>\n<p><b>PALAIS DES SPORTS, MUS\u00c9E DE PEINTURE : LA FAILLITE G\u00c9N\u00c9RALIS\u00c9E<\/b><\/p>\n<p style=\"text-align: justify;\">L&rsquo;aveu r\u00e9sonne avec tous les autres dossiers patrimoniaux \u00e0 l&rsquo;abandon. <a href=\"https:\/\/grenoble-le-changement.fr\/2025\/02\/26\/palais-des-sports-les-critiques-continuent-de-pleuvoir\/\" target=\"_blank\" rel=\"noopener\">Il faudrait 50 \u00e0 60 millions pour la r\u00e9habilitation n\u00e9cessaire du Palais des Sports<\/a>, compl\u00e8tement d\u00e9cr\u00e9pi. Et il faudrait au minimum 20 millions pour l&rsquo;ancien mus\u00e9e de peinture de la place de Verdun, dont les Verts\/LFI ont tent\u00e9 de cacher l&rsquo;\u00e9tat et le co\u00fbt des travaux requis.  La municipalit\u00e9 Piolle, au pied du mur financier, est incapable de financer quoi que ce soit.<\/p>\n<p><a href=\"https:\/\/i1.wp.com\/grenoble-le-changement.fr\/wp-content\/uploads\/2025\/02\/dl-palais-des-sports.png?ssl=1\" rel=\"lightbox[83525] noopener\" target=\"_blank\"><img loading=\"lazy\" decoding=\"async\" class=\" wp-image-80289 jetpack-lazy-image\" src=\"https:\/\/i1.wp.com\/grenoble-le-changement.fr\/wp-content\/uploads\/2025\/02\/dl-palais-des-sports.png?resize=371%2C490&amp;ssl=1\" alt=\"\" width=\"371\" height=\"490\" data-recalc-dims=\"1\" data-lazy-src=\"https:\/\/www.europesays.com\/fr\/wp-content\/uploads\/2025\/07\/dl-palais-des-sports.png\" \/><\/a>L&rsquo;avenir du Palais des Sports est plus que jamais en suspens mais ni la ville, ni la m\u00e9tro n&rsquo;ont les moyens d&rsquo;assurer l&rsquo;investissement<br \/>\n<b>L&rsquo;ID\u00c9OLOGIE CONTRE LE BON SENS<\/b><\/p>\n<p style=\"text-align: justify;\">Face \u00e0 cette incurie financi\u00e8re, la seule solution viable serait d&rsquo;envisager des partenariats, comme une d\u00e9l\u00e9gation de service public avec un op\u00e9rateur priv\u00e9 capable d&rsquo;investir les sommes n\u00e9cessaires, choisi par appel d&rsquo;offres ouvert.  Mais <a href=\"https:\/\/grenoble-le-changement.fr\/2025\/07\/09\/les-elus-verts-lfi-ps-pc-ne-peuvent-rien-contre-la-publicite-de-shein-sur-leurs-bus\/\" target=\"_blank\" rel=\"noopener\">l&rsquo;id\u00e9ologie Verts\/LFI l&rsquo;interdit<\/a>. Ils pr\u00e9f\u00e8rent assister \u00e0 la d\u00e9cr\u00e9pitude du patrimoine commun plut\u00f4t que de d\u00e9roger \u00e0 leurs principes surann\u00e9s. Le bon sens et l&rsquo;efficacit\u00e9 sont sacrifi\u00e9s sur l&rsquo;autel du dogme.<\/p>\n<p><b>2026 : LA DOUBLE PEINE POUR LES CONTRIBUABLES ?<\/b><\/p>\n<p style=\"text-align: justify;\">Ce dossier de la bourse du travail est une nouvelle illustration de l&rsquo;impasse de la gouvernance actuelle, \u00e0 la Ville comme \u00e0 la M\u00e9tropole. Ces majorit\u00e9s sont en fin de course, min\u00e9es par les querelles et de plus en plus \u00e9touff\u00e9es par leur trajectoire financi\u00e8re. La reconduction des m\u00eames \u00e9lus l&rsquo;an prochain ne ferait qu&rsquo;aggraver cette spirale infernale. Et la conclusion d&rsquo;une telle r\u00e9\u00e9lection est courue d&rsquo;avance : une hausse massive d&rsquo;imp\u00f4ts  pour essuyer les pots cass\u00e9s. <a href=\"https:\/\/grenoble-le-changement.fr\/2023\/10\/19\/grenoble-nouvelle-hausse-dimpots-dans-trois-ans\/\" target=\"_blank\" rel=\"noopener\">\u00c0 la ville, comme \u00e0 la m\u00e9tro<\/a>. Les Grenoblois sont pr\u00e9venus.<\/p>\n","protected":false},"excerpt":{"rendered":"Le Dauphin\u00e9 Lib\u00e9r\u00e9 est r\u00e9cemment revenu sur un diff\u00e9rend \u00e0 300 000 euros entre la Ville et la&hellip;\n","protected":false},"author":2,"featured_media":275254,"comment_status":"","ping_status":"","sticky":false,"template":"","format":"standard","meta":{"footnotes":""},"categories":[9566],"tags":[1111,11,2430,9604,9607,1777,674,1011,27,2731,41466,12,16650,25],"class_list":{"0":"post-275253","1":"post","2":"type-post","3":"status-publish","4":"format-standard","5":"has-post-thumbnail","7":"category-grenoble","8":"tag-actu","9":"tag-actualites","10":"tag-auvergne-rhone-alpes","11":"tag-christophe-ferrari","12":"tag-eric-piolle","13":"tag-eu","14":"tag-europe","15":"tag-fr","16":"tag-france","17":"tag-grenoble","18":"tag-michele-veyret","19":"tag-news","20":"tag-pierre-meriaux","21":"tag-republique-francaise"},"share_on_mastodon":{"url":"https:\/\/pubeurope.com\/@fr\/114919727791927587","error":""},"_links":{"self":[{"href":"https:\/\/www.europesays.com\/fr\/wp-json\/wp\/v2\/posts\/275253","targetHints":{"allow":["GET"]}}],"collection":[{"href":"https:\/\/www.europesays.com\/fr\/wp-json\/wp\/v2\/posts"}],"about":[{"href":"https:\/\/www.europesays.com\/fr\/wp-json\/wp\/v2\/types\/post"}],"author":[{"embeddable":true,"href":"https:\/\/www.europesays.com\/fr\/wp-json\/wp\/v2\/users\/2"}],"replies":[{"embeddable":true,"href":"https:\/\/www.europesays.com\/fr\/wp-json\/wp\/v2\/comments?post=275253"}],"version-history":[{"count":0,"href":"https:\/\/www.europesays.com\/fr\/wp-json\/wp\/v2\/posts\/275253\/revisions"}],"wp:featuredmedia":[{"embeddable":true,"href":"https:\/\/www.europesays.com\/fr\/wp-json\/wp\/v2\/media\/275254"}],"wp:attachment":[{"href":"https:\/\/www.europesays.com\/fr\/wp-json\/wp\/v2\/media?parent=275253"}],"wp:term":[{"taxonomy":"category","embeddable":true,"href":"https:\/\/www.europesays.com\/fr\/wp-json\/wp\/v2\/categories?post=275253"},{"taxonomy":"post_tag","embeddable":true,"href":"https:\/\/www.europesays.com\/fr\/wp-json\/wp\/v2\/tags?post=275253"}],"curies":[{"name":"wp","href":"https:\/\/api.w.org\/{rel}","templated":true}]}}