{"id":275255,"date":"2025-07-26T13:17:43","date_gmt":"2025-07-26T13:17:43","guid":{"rendered":"https:\/\/www.europesays.com\/fr\/275255\/"},"modified":"2025-07-26T13:17:43","modified_gmt":"2025-07-26T13:17:43","slug":"un-marche-de-createurs-ce-week-end-au-grand-huit","status":"publish","type":"post","link":"https:\/\/www.europesays.com\/fr\/275255\/","title":{"rendered":"Un march\u00e9 de cr\u00e9ateurs ce week-end au Grand Huit"},"content":{"rendered":"<p>Ce week-end du 26 et 27\u00a0juillet 2025, un march\u00e9 de cr\u00e9ateurs et cr\u00e9atrices s\u2019installe au <a href=\"https:\/\/rennes.maville.com\/actu\/actudet_-au-grand-huit-a-rennes-les-maneges-d-antan-reunissent-petits-et-grands-_7-6609540_actu.Htm\" target=\"_blank\" rel=\"noopener\">Grand Huit<\/a>, \u00e0 <a href=\"https:\/\/www.ouest-france.fr\/\" target=\"_blank\" rel=\"noopener\">Rennes<\/a> (Ille-et-Vilaine) de 11\u00a0h\u00a030 \u00e0 19\u00a0h\u00a030.\u00a0Une dizaine de cr\u00e9ateurs locaux et responsables seront pr\u00e9sents comme le studio de mode rennais Maunam\u00e9 avec ses v\u00eatements upcycl\u00e9s, la bijouterie Bizo\u00f9h Cr\u00e9ation et ses bijoux en argile\u00a0polym\u00e8re faits main. Ou encore, la cr\u00e9atrice\u00a0Briochine Solenn, avec ses dessins num\u00e9riques color\u00e9s d\u00e9clin\u00e9s en magnets, badges, stickers, cartes et posters. L\u2019occasion de visiter cet immense espace qui regorge de tr\u00e9sors cach\u00e9s. D\u2019autres animations et \u00e9v\u00e9nements sont aussi \u00e0 retrouver cet \u00e9t\u00e9 sur le site du Grand Huit\u00a0: <a href=\"https:\/\/legrandhuit-rennes.fr\/programme\/\" target=\"_blank\" rel=\"noopener\">https:\/\/legrandhuit-rennes.fr\/programme\/<\/a><\/p>\n<p><strong>26 et 27\u00a0juillet 2025<\/strong>, le Grand Huit, 20, rue Pierre Martin, Rennes.<\/p>\n<p>\u00a0<\/p>\n","protected":false},"excerpt":{"rendered":"Ce week-end du 26 et 27\u00a0juillet 2025, un march\u00e9 de cr\u00e9ateurs et cr\u00e9atrices s\u2019installe au Grand Huit, \u00e0&hellip;\n","protected":false},"author":2,"featured_media":275256,"comment_status":"","ping_status":"","sticky":false,"template":"","format":"standard","meta":{"footnotes":""},"categories":[2821],"tags":[1111,11,829,14063,1777,674,1011,27,2515,2089,12,584,25,4064],"class_list":{"0":"post-275255","1":"post","2":"type-post","3":"status-publish","4":"format-standard","5":"has-post-thumbnail","7":"category-rennes","8":"tag-actu","9":"tag-actualites","10":"tag-bretagne","11":"tag-createurs","12":"tag-eu","13":"tag-europe","14":"tag-fr","15":"tag-france","16":"tag-grand","17":"tag-marche","18":"tag-news","19":"tag-rennes","20":"tag-republique-francaise","21":"tag-week-end"},"share_on_mastodon":{"url":"https:\/\/pubeurope.com\/@fr\/114919731725554067","error":""},"_links":{"self":[{"href":"https:\/\/www.europesays.com\/fr\/wp-json\/wp\/v2\/posts\/275255","targetHints":{"allow":["GET"]}}],"collection":[{"href":"https:\/\/www.europesays.com\/fr\/wp-json\/wp\/v2\/posts"}],"about":[{"href":"https:\/\/www.europesays.com\/fr\/wp-json\/wp\/v2\/types\/post"}],"author":[{"embeddable":true,"href":"https:\/\/www.europesays.com\/fr\/wp-json\/wp\/v2\/users\/2"}],"replies":[{"embeddable":true,"href":"https:\/\/www.europesays.com\/fr\/wp-json\/wp\/v2\/comments?post=275255"}],"version-history":[{"count":0,"href":"https:\/\/www.europesays.com\/fr\/wp-json\/wp\/v2\/posts\/275255\/revisions"}],"wp:featuredmedia":[{"embeddable":true,"href":"https:\/\/www.europesays.com\/fr\/wp-json\/wp\/v2\/media\/275256"}],"wp:attachment":[{"href":"https:\/\/www.europesays.com\/fr\/wp-json\/wp\/v2\/media?parent=275255"}],"wp:term":[{"taxonomy":"category","embeddable":true,"href":"https:\/\/www.europesays.com\/fr\/wp-json\/wp\/v2\/categories?post=275255"},{"taxonomy":"post_tag","embeddable":true,"href":"https:\/\/www.europesays.com\/fr\/wp-json\/wp\/v2\/tags?post=275255"}],"curies":[{"name":"wp","href":"https:\/\/api.w.org\/{rel}","templated":true}]}}