{"id":275259,"date":"2025-07-26T13:20:24","date_gmt":"2025-07-26T13:20:24","guid":{"rendered":"https:\/\/www.europesays.com\/fr\/275259\/"},"modified":"2025-07-26T13:20:24","modified_gmt":"2025-07-26T13:20:24","slug":"a-strasbourg-10h-dans-les-coulisses-dun-concert-de-lespace-django","status":"publish","type":"post","link":"https:\/\/www.europesays.com\/fr\/275259\/","title":{"rendered":"\u00e0 Strasbourg, 10h dans les coulisses d\u2019un concert de l\u2019Espace Django"},"content":{"rendered":"<p><b>\u00ab\u00a0Un lieu qui met l\u2019humain en son centre\u00a0\u00bb<\/b><b>, nous dira-t-on plusieurs fois ce jour-l\u00e0. L\u2019Espace Django, un peu cach\u00e9 au fond du Neuhof, se r\u00e9v\u00e8le \u00e0 qui s\u2019en approche<\/b><b> \u00ab\u00a0comme une deuxi\u00e8me maison\u00a0\u00bb<\/b><b>. Plus qu\u2019une salle de concert, un projet, une mission\u2026 Pendant 10 heures, du montage au d\u00e9montage, on a suivi ses \u00e9quipes de passionn\u00e9(e)s dans les coulisses de ce qui se r\u00e9v\u00e9la \u00eatre <\/b><b>\u00ab une tr\u00e8s belle soir\u00e9e \u00bb<\/b><b>. Le vendredi 28 mars, deux artistes venaient \u00e9lectriser sa sc\u00e8ne : Malik Djoudi, et Cl\u00e9ment Visage, sa premi\u00e8re partie. On y \u00e9tait, on vous raconte.<\/b><\/p>\n<p>Ce jour-l\u00e0, <b>il est 15h lorsque l\u2019on se retrouve devant les portes de l\u2019Espace Django<\/b>. Lui, harnach\u00e9 de son appareil photo, et moi, \u00e9quip\u00e9e d\u2019un carnet, d\u2019un stylo et du magn\u00e9to.<\/p>\n<p><b>Objectif du jour\u00a0: suivre un concert, du montage au d\u00e9montage, du bar au vestiaire, dans les pattes de celles et ceux qui agissent dans l\u2019ombre<\/b>. Celles et ceux qui font d\u2019une simple date, le souvenir d\u2019un(e) autre.<\/p>\n<p>    <img width=\"800\" height=\"533\" src=\"https:\/\/www.europesays.com\/fr\/wp-content\/uploads\/2025\/07\/france-strasbourg-espace-django-wr-6-sur-140-800x533.jpg\" class=\"attachment-image-size-L size-image-size-L\" alt=\"Espace Django 2025, bar, ambiance, programme, focus, jour\" decoding=\"async\" loading=\"lazy\"  \/>         \u00a9 Wilfried Rion \/ Pokaa <\/p>\n<p>Notre guide\u00a0: <b>Elisa Rivi\u00e8re,<\/b><b> charg\u00e9e de production \u00e0 Django <\/b>[au moment du reportage, ndlr]. Sur le pont depuis 10h ce matin, elle et l\u2019\u00e9quipe le resteront pendant 14h. <b>Derri\u00e8re les paillettes des concerts\u00a0: de la sueur et de l\u2019effort<\/b>.<\/p>\n<p>Des soir\u00e9es comme \u00e7a, Django en vit 20 \u00e0 30 par saison.<\/p>\n<p>    <img width=\"400\" height=\"600\" src=\"https:\/\/www.europesays.com\/fr\/wp-content\/uploads\/2025\/07\/france-strasbourg-espace-django-wr-19-sur-140-400x600.jpg\" class=\"attachment-image-size-M size-image-size-M\" alt=\"Espace Django 2025, concert, salle, sc\u00e8nes, ambiance, lumi\u00e8res, r\u00e9gis, techniciens, portrait, Charg\u00e9e de production, Elisa Rivi\u00e8re\" decoding=\"async\" loading=\"lazy\"  \/>         Elisa Rivi\u00e8re. \u00a9 Wilfried Rion \/ Pokaa <\/p>\n<p>On pose le d\u00e9cor\u00a0: l&rsquo;Espace Django<\/p>\n<p><b>Avant de parler de l\u2019\u00e9quipe, posons le d\u00e9cor. Celui de l\u2019Espace Django. <\/b>Poutres et mobilier en bois, lambris, <b>signal\u00e9tique jaune pep\u2019s<\/b>, <b>boule \u00e0 facettes et babyfoot dans le coin du bar<\/b>\u2026<\/p>\n<p>Sous <b>les affiches color\u00e9es <\/b>des dates \u00e0 venir se dessine un espace aussi chaleureux que vivant, comme en t\u00e9moignent des photos argentiques prises lors de concerts pr\u00e9c\u00e9dents.<\/p>\n<p>    <img width=\"800\" height=\"533\" src=\"https:\/\/www.europesays.com\/fr\/wp-content\/uploads\/2025\/07\/france-strasbourg-espace-django-wr-5-sur-140-800x533.jpg\" class=\"attachment-image-size-L size-image-size-L\" alt=\"Espace Django 2025, bar, ambiance, programme, focus,jour\" decoding=\"async\" loading=\"lazy\"  \/>         Le bar de l&rsquo;Espace Django, avant le concert. \u00a9 Wilfried Rion \/ Pokaa <\/p>\n<p>C\u00f4t\u00e9 salle\u00a0: <b>un espace modulable<\/b>, capable d\u2019accueillir des gradins pour des projections cin\u00e9, des blind tests et des concerts assis ou debout, de 160 \u00e0 400 places.<\/p>\n<p><b>Une salle \u00e0 l\u2019image de la programmation du lieu\u00a0: \u00e9volutive, proche de son public<\/b>.<\/p>\n<p>                <img width=\"750\" height=\"500\" src=\"https:\/\/www.europesays.com\/fr\/wp-content\/uploads\/2025\/07\/france-strasbourg-espace-django-wr-8-sur-140-750x500.jpg\" class=\"attachment-gallery size-gallery\" alt=\"Espace Django 2025, bar, carte postale, ambiance\" data-full-url=\"https:\/\/pokaa.fr\/wp-content\/uploads\/2025\/07\/15\/france-strasbourg-espace-django-wr-8-sur-140.jpg\" decoding=\"async\" loading=\"lazy\"  \/>            <\/p>\n<p>                <img width=\"750\" height=\"500\" src=\"https:\/\/www.europesays.com\/fr\/wp-content\/uploads\/2025\/07\/france-strasbourg-espace-django-wr-11-sur-140-750x500.jpg\" class=\"attachment-gallery size-gallery\" alt=\"Espace Django 2025, bar, ambiance, programme, focus, jour\" data-full-url=\"https:\/\/pokaa.fr\/wp-content\/uploads\/2025\/07\/15\/france-strasbourg-espace-django-wr-11-sur-140.jpg\" decoding=\"async\" loading=\"lazy\"  \/>            <\/p>\n<p>                <img width=\"333\" height=\"500\" src=\"https:\/\/www.europesays.com\/fr\/wp-content\/uploads\/2025\/07\/france-strasbourg-espace-django-wr-7-sur-140-333x500.jpg\" class=\"attachment-gallery size-gallery\" alt=\"Espace Django 2025, bar, ambiance, jour\" data-full-url=\"https:\/\/pokaa.fr\/wp-content\/uploads\/2025\/07\/15\/france-strasbourg-espace-django-wr-7-sur-140.jpg\" decoding=\"async\" loading=\"lazy\"  \/>            <\/p>\n<p>                    \u00a9 Wilfried Rion \/ Pokaa<\/p>\n<p>Un espace cr\u00e9\u00e9 il y a une quinzaine d\u2019ann\u00e9es, repris en 2016 apr\u00e8s un appel \u00e0 projets remport\u00e9 par un trio (<b>Ben\/Beno\u00eet Van Kote \u00e0 la programmation, Mourad Mabrouki \u00e0 l\u2019action culturelle<\/b><b>, <\/b><b>et Pierre\u00a0Chaput \u00e0 la direction<\/b>). Un groupe de potes passionn\u00e9s et compl\u00e9mentaires, qui a su faire de son projet <b>un programme solide et rassembleur<\/b> qui pla\u00eet.<\/p>\n<p><b>Le public de Django est compos\u00e9 de fid\u00e8les <\/b>et de curieux\/ses qui font confiance \u00e0<b> une prog\u2019 qui exp\u00e9rimente, sort des clous et ne c\u00e8de ni aux sir\u00e8nes des tendances, ni \u00e0 la facilit\u00e9 des t\u00eates d\u2019affiche<\/b>.<\/p>\n<p>    <img width=\"800\" height=\"533\" src=\"https:\/\/www.europesays.com\/fr\/wp-content\/uploads\/2025\/07\/france-strasbourg-espace-django-wr-12-sur-140-800x533.jpg\" class=\"attachment-image-size-L size-image-size-L\" alt=\"Espace Django 2025, bureaux\" decoding=\"async\" loading=\"lazy\"  \/>         Dans les \u00e9tages de l&rsquo;Espace Django. \u00a9 Wilfried Rion \/ Pokaa <\/p>\n<p>Depuis, l\u2019\u00e9quipe compte<b> six salari\u00e9(e)s, deux volontaires en service civique<\/b> <b>et Stanislas \u00ab\u00a0Stan\u00a0\u00bb Lestage, ancien <\/b><b>\u00ab\u00a0b\u00e9n\u00e9vole d\u2019or\u00a0\u00bb<\/b><b>, alternant en administration de production<\/b> au moment du reportage. [Car depuis notre venue en mars, Elisa s\u2019est envol\u00e9e vers de nouveaux horizons professionnels, remplac\u00e9e par Stan qui a repris son poste de charg\u00e9 de production, ndlr].<\/p>\n<p>Ce soir-l\u00e0, lui g\u00e9rera la compta\u2019, l\u2019\u00e9tat des stocks au bar\u2026 Entre <strong>le \u00ab couteau-suisse \u00bb ou la \u00ab\u00a0carte Joker\u00a0\u00bb<\/strong>, s\u2019amuse-t-il.<\/p>\n<p>    <img width=\"400\" height=\"600\" src=\"https:\/\/www.europesays.com\/fr\/wp-content\/uploads\/2025\/07\/france-strasbourg-espace-django-wr-15-sur-140-400x600.jpg\" class=\"attachment-image-size-M size-image-size-M\" alt=\"Espace Django 2025, concert, salle, sc\u00e8nes, ambiance, lumi\u00e8res, r\u00e9gis, techniciens, Assistant administration, production, Stanislas Lestage\" decoding=\"async\" loading=\"lazy\"  \/>         Stanislas \u00ab\u00a0Stan\u00a0\u00bb Lestage. \u00a9 Wilfried Rion \/ Pokaa <\/p>\n<p>Les m\u00e9tiers de l&rsquo;ombre\u00a0: la prod&rsquo; et la technique<\/p>\n<p>Retour \u00e0 notre montage. En amont, Elisa nous l\u2019a pr\u00e9cis\u00e9 dans un mail\u00a0: \u00ab <strong>U<\/strong><b>ne grande partie de [s]on boulot commence bien avant le jour J<\/b> : r\u00e9servation des h\u00f4tels, du catering (buffet\/traiteur) et des transports pour la prod\u2019, location du mat\u00e9riel, anticipation des besoins techniques et \u00e9laboration du planning pour la technique. \u00bb<\/p>\n<p>Des infos pr\u00e9cieuses, r\u00e9unies dans <b>deux documents-cl\u00e9s<\/b>. <b>Le \u00ab Rider \u00bb (ou \u00ab Hospitality Rider \u00bb) <\/b>pour toute la logistique de l\u2019accueil, et<b> la fiche technique pour la sc\u00e8ne <\/b>(qui permet de faire le point entre le mat\u00e9riel qu\u2019a Django, \u00ab\u00a0ce qu\u2019il faut louer\u00a0\u00bb et \u00ab\u00a0ce que l\u2019\u00e9quipe am\u00e8ne\u00a0\u00bb).<\/p>\n<p>    <img width=\"400\" height=\"600\" src=\"https:\/\/www.europesays.com\/fr\/wp-content\/uploads\/2025\/07\/france-strasbourg-espace-django-wr-29-sur-140-400x600.jpg\" class=\"attachment-image-size-M size-image-size-M\" alt=\"Espace Django 2025, coulisses, concert, salle, sc\u00e8nes, ambiance, lumi\u00e8res, r\u00e9gis, techniciens, r\u00e9gis, consoles, conduite, documents\" decoding=\"async\" loading=\"lazy\"  \/>         \u00a9 Wilfried Rion \/ Pokaa <\/p>\n<p><strong>Une feuille de route convenue \u00e0 l\u2019avance<\/strong> et qu\u2019elle envoie \u00e0 l\u2019\u00e9quipe, avant de s\u2019occuper elle-m\u00eame de l\u2019installation des loges des artistes pendant que le reste de la salle s\u2019affaire, chacun(e) \u00e0 son poste. Et des postes, on va en rencontrer.<\/p>\n<p>Elisa, elle, c\u2019est devant un live d\u2019ACDC qu\u2019elle d\u00e9cide un jour qu\u2019elle veut \u00ab\u00a0organiser \u00e7a\u00a0\u00bb. \u00ab Sans talent musical \u00bb, nous dit-elle, elle s\u2019oriente alors dans la prod\u2019, apr\u00e8s des exp\u00e9riences dans la comm\u2019, dans des festivals et des concerts. <b>M\u00eame si elle agit dans l\u2019ombre, son poste est crucial\u00a0: elle est le <\/b><b>\u00ab\u00a0dernier maillon de la cha\u00eene\u00a0\u00bb<\/b><b>. Son bin\u00f4me\u00a0? La technique.<\/b><\/p>\n<p>                <img width=\"750\" height=\"500\" src=\"https:\/\/www.europesays.com\/fr\/wp-content\/uploads\/2025\/07\/france-strasbourg-espace-django-wr-113-sur-140-750x500.jpg\" class=\"attachment-gallery size-gallery\" alt=\"Espace Django 2025, coulisses, rangement, musiciens, techniciens, concert, salle, c\u00e2bles, ambiance, \u00e9lectricit\u00e9, montage\" data-full-url=\"https:\/\/pokaa.fr\/wp-content\/uploads\/2025\/07\/15\/france-strasbourg-espace-django-wr-113-sur-140.jpg\" decoding=\"async\" loading=\"lazy\"  \/>            <\/p>\n<p>                <img width=\"750\" height=\"500\" src=\"https:\/\/www.europesays.com\/fr\/wp-content\/uploads\/2025\/07\/france-strasbourg-espace-django-wr-40-sur-140-750x500.jpg\" class=\"attachment-gallery size-gallery\" alt=\"Espace Django 2025, coulisses, concert, salle, ambiance, lumi\u00e8res, r\u00e9gis, lampes, techniciens, consoles\" data-full-url=\"https:\/\/pokaa.fr\/wp-content\/uploads\/2025\/07\/15\/france-strasbourg-espace-django-wr-40-sur-140.jpg\" decoding=\"async\" loading=\"lazy\"  \/>            <\/p>\n<p>                <img width=\"750\" height=\"500\" src=\"https:\/\/www.europesays.com\/fr\/wp-content\/uploads\/2025\/07\/france-strasbourg-espace-django-wr-116-sur-140-750x500.jpg\" class=\"attachment-gallery size-gallery\" alt=\"Espace Django 2025, coulisses, rangement, musiciens, techniciens, concert, salle, c\u00e2bles, ambiance, \u00e9lectricit\u00e9, montage\" data-full-url=\"https:\/\/pokaa.fr\/wp-content\/uploads\/2025\/07\/15\/france-strasbourg-espace-django-wr-116-sur-140.jpg\" decoding=\"async\" loading=\"lazy\"  \/>            <\/p>\n<p>                    \u00a9 Wilfried Rion \/ Pokaa<\/p>\n<p>Et la technique\u00a0? C\u2019est <b>Rapha\u00ebl \u00ab\u00a0Raph\u00a0\u00bb Bran<\/b> qui g\u00e8re \u00e7a. <b>Lui est r\u00e9gisseur g\u00e9n\u00e9ral.<\/b> Il est intermittent du spectacle mais travaille avec Django depuis des ann\u00e9es. \u00c0 ses c\u00f4t\u00e9s, une \u00e9quipe compl\u00e9t\u00e9e par un prestataire \u2013 D8K \u2013, compos\u00e9e de r\u00e9guliers\/\u00e8res qui connaissent bien les lieux.<\/p>\n<p>                <img width=\"750\" height=\"500\" src=\"https:\/\/www.europesays.com\/fr\/wp-content\/uploads\/2025\/07\/france-strasbourg-espace-django-wr-20-sur-140-750x500.jpg\" class=\"attachment-gallery size-gallery\" alt=\"Espace Django 2025, concert, salle, sc\u00e8nes, ambiance, lumi\u00e8res, r\u00e9gis, techniciens, portrait, Ella Navarrete\" data-full-url=\"https:\/\/pokaa.fr\/wp-content\/uploads\/2025\/07\/15\/france-strasbourg-espace-django-wr-20-sur-140.jpg\" decoding=\"async\" loading=\"lazy\"  \/>            <\/p>\n<p>                <img width=\"750\" height=\"500\" src=\"https:\/\/www.europesays.com\/fr\/wp-content\/uploads\/2025\/07\/france-strasbourg-espace-django-wr-92-sur-140-750x500.jpg\" class=\"attachment-gallery size-gallery\" alt=\"Espace Django 2025, coulisses, concert, salle, r\u00e9gis, techniciens plateaux, Ella Navarrete\" data-full-url=\"https:\/\/pokaa.fr\/wp-content\/uploads\/2025\/07\/15\/france-strasbourg-espace-django-wr-92-sur-140.jpg\" decoding=\"async\" loading=\"lazy\"  \/>            <\/p>\n<p>                    Ella Navarrete, technicienne plateau r\u00e9guli\u00e8re \u00e0 Django (\u00e9quipe D8K). \u00a9 Wilfried Rion \/ Pokaa<\/p>\n<p>\u00c0 l\u2019instar d\u2019<b>Ella Navarrete<\/b>. <b>Technicienne plateau depuis 2016<\/b>, c\u2019est apr\u00e8s avoir \u00e9t\u00e9 b\u00e9n\u00e9vole au Molodo\u00ef qu\u2019elle rentre dans le m\u00e9tier. <b>Une profession apprise sur le tas, qui lui a plu pour l\u2019adr\u00e9naline qu\u2019elle lui procure<\/b>. \u00ab Ce qui est int\u00e9ressant, c\u2019est que chaque groupe propose un projet diff\u00e9rent, par la musique, la sc\u00e9no\u2026 \u00bb<\/p>\n<p>Sans parler des <b>changements de sc\u00e8ne<\/b> entre deux artistes, \u00e0 faire en 15 minutes. Ou les probl\u00e8mes qui peuvent survenir en plein concert. Le d\u00e9fi : <b>trouver l\u2019erreur et r\u00e9soudre le souci le plus discr\u00e8tement possible<\/b>. Et puis\u00a0: penser aussi \u00e0 remplir et changer les gourdes, les serviettes, rester \u00e0 l\u2019aff\u00fbt et que la sc\u00e8ne reste \u00ab\u00a0clean\u00a0\u00bb. Il s\u2019agit de <b>s\u00e9curiser l\u2019espace pour les artistes comme pour le public<\/b>.<\/p>\n<p>                <img width=\"333\" height=\"500\" src=\"https:\/\/www.europesays.com\/fr\/wp-content\/uploads\/2025\/07\/france-strasbourg-espace-django-wr-123-sur-140-333x500.jpg\" class=\"attachment-gallery size-gallery\" alt=\"Espace Django 2025, coulisses, rangement, musiciens, techniciens, concert, salle, c\u00e2bles, ambiance, montage\" data-full-url=\"https:\/\/pokaa.fr\/wp-content\/uploads\/2025\/07\/15\/france-strasbourg-espace-django-wr-123-sur-140.jpg\" decoding=\"async\" loading=\"lazy\"  \/>            <\/p>\n<p>                <img width=\"333\" height=\"500\" src=\"https:\/\/www.europesays.com\/fr\/wp-content\/uploads\/2025\/07\/france-strasbourg-espace-django-wr-124-sur-140-333x500.jpg\" class=\"attachment-gallery size-gallery\" alt=\"Espace Django 2025, rangement, musiciens, techniciens, concert, salle, c\u00e2bles, ambiance, montage\" data-full-url=\"https:\/\/pokaa.fr\/wp-content\/uploads\/2025\/07\/15\/france-strasbourg-espace-django-wr-124-sur-140.jpg\" decoding=\"async\" loading=\"lazy\"  \/>            <\/p>\n<p>                    Ella, en pleine mission. \u00a9 Wilfried Rion \/ Pokaa<\/p>\n<p>Derri\u00e8re le rideau\u00a0: les coulisses, les loges et \u00ab\u00a0Piment Sauvage\u00a0\u00bb<\/p>\n<p>Profitant de l\u2019agitation du plateau, occup\u00e9 avec les balances d\u2019un des artistes du jour, <b>Elisa nous emm\u00e8ne visiter les coulisses<\/b>.<\/p>\n<p>D\u2019un c\u00f4t\u00e9, le<b> \u00ab\u00a0parc technique\u00a0\u00bb, ses bo\u00eetes et ses kilom\u00e8tres de c\u00e2bles<\/b>. De l\u2019autre : <b>quelques loges, un frigo plein et un livre d\u2019or<\/b>. On y lit des \u00ab\u00a0merci\u00a0\u00bb, des blagues et des croquis.<\/p>\n<p>                <img width=\"750\" height=\"500\" src=\"https:\/\/www.europesays.com\/fr\/wp-content\/uploads\/2025\/07\/france-strasbourg-espace-django-wr-117-sur-140-750x500.jpg\" class=\"attachment-gallery size-gallery\" alt=\"Espace Django 2025, coulisses, rangement, musiciens, techniciens, concert, salle, c\u00e2bles, ambiance, \u00e9lectricit\u00e9, montage\" data-full-url=\"https:\/\/pokaa.fr\/wp-content\/uploads\/2025\/07\/15\/france-strasbourg-espace-django-wr-117-sur-140.jpg\" decoding=\"async\" loading=\"lazy\"  \/>            <\/p>\n<p>                <img width=\"750\" height=\"500\" src=\"https:\/\/www.europesays.com\/fr\/wp-content\/uploads\/2025\/07\/france-strasbourg-espace-django-wr-118-sur-140-750x500.jpg\" class=\"attachment-gallery size-gallery\" alt=\"Espace Django 2025, coulisses, rangement, musiciens, techniciens, concert, salle, c\u00e2bles, ambiance, \u00e9lectricit\u00e9, montage\" data-full-url=\"https:\/\/pokaa.fr\/wp-content\/uploads\/2025\/07\/15\/france-strasbourg-espace-django-wr-118-sur-140.jpg\" decoding=\"async\" loading=\"lazy\"  \/>            <\/p>\n<p>                <img width=\"750\" height=\"500\" src=\"https:\/\/www.europesays.com\/fr\/wp-content\/uploads\/2025\/07\/france-strasbourg-espace-django-wr-38-sur-140-750x500.jpg\" class=\"attachment-gallery size-gallery\" alt=\"Espace Django 2025, coulisses, concert, salle, ambiance, lumi\u00e8res, r\u00e9gis, lampes, techniciens, consoles\" data-full-url=\"https:\/\/pokaa.fr\/wp-content\/uploads\/2025\/07\/15\/france-strasbourg-espace-django-wr-38-sur-140.jpg\" decoding=\"async\" loading=\"lazy\"  \/>            <\/p>\n<p>                <img width=\"333\" height=\"500\" src=\"https:\/\/www.europesays.com\/fr\/wp-content\/uploads\/2025\/07\/france-strasbourg-espace-django-wr-39-sur-140-333x500.jpg\" class=\"attachment-gallery size-gallery\" alt=\"Espace Django 2025, coulisses, concert, salle, ambiance, lumi\u00e8res, lampes, r\u00e9gis, techniciens, consoles\" data-full-url=\"https:\/\/pokaa.fr\/wp-content\/uploads\/2025\/07\/15\/france-strasbourg-espace-django-wr-39-sur-140.jpg\" decoding=\"async\" loading=\"lazy\"  \/>            <\/p>\n<p>                <img width=\"333\" height=\"500\" src=\"https:\/\/www.europesays.com\/fr\/wp-content\/uploads\/2025\/07\/france-strasbourg-espace-django-wr-36-sur-140-333x500.jpg\" class=\"attachment-gallery size-gallery\" alt=\"Espace Django 2025, coulisses, concert, salle, ambiance, bi\u00e8res, f\u00fbt\" data-full-url=\"https:\/\/pokaa.fr\/wp-content\/uploads\/2025\/07\/15\/france-strasbourg-espace-django-wr-36-sur-140.jpg\" decoding=\"async\" loading=\"lazy\"  \/>            <\/p>\n<p>                    Dans les coulisses du parc technique de l&rsquo;Espace Django. \u00a9 Wilfried Rion \/ Pokaa<\/p>\n<p>    <img width=\"800\" height=\"533\" src=\"https:\/\/www.europesays.com\/fr\/wp-content\/uploads\/2025\/07\/france-strasbourg-espace-django-wr-3-sur-140-800x533.jpg\" class=\"attachment-image-size-L size-image-size-L\" alt=\"Espace Django 2025, coulisse, livre d\u2019or, ambiance, focus\" decoding=\"async\" loading=\"lazy\"  \/>         Livre d&rsquo;or, en coulisses. \u00a9 Wilfried Rion \/ Pokaa <\/p>\n<p>Quand on lui demande ses requ\u00eates d\u2019artistes les plus cocasses, Elisa confie qu\u2019elle en a rarement eues de \u00ab\u00a0trop farfelues comme des Dragibus bleus\u00a0\u00bb, mais se souvient avec malice d\u2019<b>un <\/b><b>\u00ab\u00a0th\u00e9 vert\u00a0\u00bb <\/b><b>mentionn\u00e9 sur un Rider.<\/b> Traduction : une demande discr\u00e8te de weed, refus\u00e9e.<\/p>\n<p>    <img width=\"800\" height=\"533\" src=\"https:\/\/www.europesays.com\/fr\/wp-content\/uploads\/2025\/07\/france-strasbourg-espace-django-wr-2-sur-140-800x533.jpg\" class=\"attachment-image-size-L size-image-size-L\" alt=\"Espace Django 2025, coulisses, loges, musiciens, Cl\u00e9ment Sauvage\" decoding=\"async\" loading=\"lazy\"  \/>         \u00ab Piment Sauvage \u00bb : loge de Cl\u00e9ment Visage. \u00a9 Wilfried Rion \/ Pokaa <\/p>\n<p><b>Pour <a href=\"https:\/\/linktr.ee\/clementvisage\" target=\"_blank\" rel=\"noopener\">Cl\u00e9ment Visage<\/a>, ou <\/b><b>\u00ab Piment Sauvage \u00bb<\/b>\u00a0comme on le lit sur la porte de sa loge, ce sera Club Mate, kombucha, fruits secs et bonbecs. Si l\u2019artiste se fait r\u00e9guli\u00e8rement charrier \u00e0 coups de \u00ab\u00a0Ciment Virage\u00a0\u00bb et autres <b>boutades de l\u2019\u00e9quipe<\/b>, c\u2019est qu\u2019<b>il vient ici un peu comme chez lui<\/b>.<\/p>\n<p>Dans l\u2019apr\u00e8s-midi, il nous glissera qu\u2019il fr\u00e9quente la salle depuis son arriv\u00e9e \u00e0 Strasbourg en 2022, aussi bien en spectateur qu\u2019en artiste invit\u00e9 (de ses r\u00e9sidences, aux Inou\u00efs du Printemps de Bourges 2024 remport\u00e9s sur cette sc\u00e8ne, et qui ont scell\u00e9 son attachement au lieu). <b>\u00ab C\u2019est chaleureux, ici. \u00bb<\/b><\/p>\n<p>    <img width=\"800\" height=\"533\" src=\"https:\/\/www.europesays.com\/fr\/wp-content\/uploads\/2025\/07\/france-strasbourg-espace-django-wr-30-sur-140-800x533.jpg\" class=\"attachment-image-size-L size-image-size-L\" alt=\"Espace Django 2025, concert, salle, sc\u00e8nes, ambiance, lumi\u00e8res, r\u00e9gis, techniciens, consoles, Cl\u00e9ment visage\" decoding=\"async\" loading=\"lazy\"  \/>         Cl\u00e9ment Visage (pendant les balances). \u00a9 Wilfried Rion \/ Pokaa <\/p>\n<p><b>Pour cette date avec Malik Djoudi, il le dit lui-m\u00eame\u00a0:<\/b><b> \u00ab Elle est importante pour nous. \u00bb<\/b>\u00a0(Derri\u00e8re ce \u00ab\u00a0nous\u00a0\u00bb : son ing\u00e9\u2019 son Sylvain, qui le suit depuis 15 ans).<\/p>\n<p>Pour ce concert, il aura environ une quarantaine de minutes pour s\u00e9duire le public. <b>L\u2019occasion de tester de nouveaux morceaux, et une premi\u00e8re exp\u00e9rience aux c\u00f4t\u00e9s de chansigneuses.<\/b><\/p>\n<p>    <img width=\"400\" height=\"600\" src=\"https:\/\/www.europesays.com\/fr\/wp-content\/uploads\/2025\/07\/france-strasbourg-espace-django-wr-31-sur-140-400x600.jpg\" class=\"attachment-image-size-M size-image-size-M\" alt=\"Espace Django 2025, concert, r\u00e9gis, salle, sc\u00e8nes, ambiance, lumi\u00e8res, r\u00e9gis, techniciens, consoles\" decoding=\"async\" loading=\"lazy\"  \/>         Sylvain, ing\u00e9&rsquo; son de Cl\u00e9ment Visage. \u00a9 Wilfried Rion \/ Pokaa <\/p>\n<p>Les chansigneuses : donner \u00e0 voir la musique<\/p>\n<p>Et c\u2019est l\u00e0 qu\u2019on introduit <b>la sp\u00e9cificit\u00e9 de cette date\u00a0: la venue de deux chansigneuses, de <a href=\"https:\/\/www.facebook.com\/deuxmainssurscene\" target=\"_blank\" rel=\"noopener\">l\u2019association Deux Mains sur Sc\u00e8ne <\/a><\/b> \u2013 <a href=\"https:\/\/www.espacedjango.eu\/actualite\/deux-mains-sur-scene-et-bien-plus\/\" target=\"_blank\" rel=\"noopener\">partenaires r\u00e9guli\u00e8res de la salle<\/a>. <b>Rachel Fr\u00e9ry et S\u00e9verine Michel-George, toutes deux interpr\u00e8tes LSF <\/b>(langue des signes fran\u00e7aise) depuis une vingtaine d\u2019ann\u00e9es, et dans la musique depuis 15 ans.<\/p>\n<p>    <img width=\"800\" height=\"533\" src=\"https:\/\/www.europesays.com\/fr\/wp-content\/uploads\/2025\/07\/france-strasbourg-espace-django-wr-102-sur-140-800x533.jpg\" class=\"attachment-image-size-L size-image-size-L\" alt=\"Espace Django 2025, Chansigne, interpr\u00eate rangement, musiciens, techniciens, concert, salle, c\u00e2bles, ambiance, \u00e9lectricit\u00e9, montage\" decoding=\"async\" loading=\"lazy\"  \/>         S\u00e9verine Michel-George chansignant sur le concert. \u00a9 Wilfried Rion \/ Pokaa <\/p>\n<p>    <img width=\"800\" height=\"533\" src=\"https:\/\/www.europesays.com\/fr\/wp-content\/uploads\/2025\/07\/france-strasbourg-espace-django-wr-104-sur-140-800x533.jpg\" class=\"attachment-image-size-L size-image-size-L\" alt=\"Espace Django 2025, Chansigne, interpr\u00eate rangement, musiciens, techniciens, concert, salle, c\u00e2bles, ambiance, \u00e9lectricit\u00e9, montage\" decoding=\"async\" loading=\"lazy\"  \/>         \u00a9 Wilfried Rion \/ Pokaa <\/p>\n<p><b>Pour se pr\u00e9parer \u00e0 un concert en chansigne, elles nous expliquent avoir demand\u00e9 la <\/b><b>setlist<\/b><b> trois mois \u00e0 l\u2019avance aux deux artistes<\/b>. Afin de conna\u00eetre l\u2019int\u00e9gralit\u00e9 des musiques qui seront jou\u00e9es, et qu\u2019elles auront \u00e0 interpr\u00e9ter en langue des signes.<\/p>\n<p><b>Un travail titanesque<\/b> \u00e0 abattre en amont, pour <b>adapter les paroles, retrouver la musicalit\u00e9, le rythme, <\/b><b>\u00ab\u00a0pour coller au mieux\u00a0\u00bb<\/b> et que ce soit \u00ab\u00a0visuellement impactant\u00a0\u00bb. <b>En moyenne\u00a0: une quinzaine d\u2019heures consacr\u00e9es par titre<\/b>.<\/p>\n<p>    <img width=\"800\" height=\"533\" src=\"https:\/\/www.europesays.com\/fr\/wp-content\/uploads\/2025\/07\/france-strasbourg-espace-django-wr-77-sur-140-800x533.jpg\" class=\"attachment-image-size-L size-image-size-L\" alt=\"Espace Django 2025, coulisses, sc\u00e8ne, concert, salle, lumi\u00e8res, handicape, sourd, chansigne\" decoding=\"async\" loading=\"lazy\"  \/>         Le chansigne pendant le concert. \u00a9 Wilfried Rion \/ Pokaa <\/p>\n<p>En compl\u00e9ment, pour toujours plus am\u00e9liorer l\u2019accessibilit\u00e9 de la salle, <b>Django s\u2019est \u00e9quip\u00e9 depuis quelques ann\u00e9es de 12 gilets vibrants<\/b>, connect\u00e9s aux instruments sur sc\u00e8ne. \u00c0 l\u2019\u00e9poque : une premi\u00e8re en Alsace.<\/p>\n<p><b>Ce soir, neuf personnes sourdes ou malentendantes en b\u00e9n\u00e9ficieront<\/b>.<\/p>\n<p>                <img width=\"750\" height=\"500\" src=\"https:\/\/www.europesays.com\/fr\/wp-content\/uploads\/2025\/07\/france-strasbourg-espace-django-wr-83-sur-140-750x500.jpg\" class=\"attachment-gallery size-gallery\" alt=\"Espace Django 2025, concert, salle, lumi\u00e8res, handicape, sourd, chansigne\" data-full-url=\"https:\/\/pokaa.fr\/wp-content\/uploads\/2025\/07\/15\/france-strasbourg-espace-django-wr-83-sur-140.jpg\" decoding=\"async\" loading=\"lazy\"  \/>            <\/p>\n<p>                <img width=\"750\" height=\"500\" src=\"https:\/\/www.europesays.com\/fr\/wp-content\/uploads\/2025\/07\/france-strasbourg-espace-django-wr-82-sur-140-750x500.jpg\" class=\"attachment-gallery size-gallery\" alt=\"Espace Django 2025, sc\u00e8ne, concert, salle, lumi\u00e8res, handicape, sourd, chansigne\" data-full-url=\"https:\/\/pokaa.fr\/wp-content\/uploads\/2025\/07\/15\/france-strasbourg-espace-django-wr-82-sur-140.jpg\" decoding=\"async\" loading=\"lazy\"  \/>            <\/p>\n<p>                <img width=\"333\" height=\"500\" src=\"https:\/\/www.europesays.com\/fr\/wp-content\/uploads\/2025\/07\/france-strasbourg-espace-django-wr-68-sur-140-333x500.jpg\" class=\"attachment-gallery size-gallery\" alt=\"Espace Django 2025, sc\u00e8ne, concert, salle, lumi\u00e8res, handicape, sourd, chansigne\" data-full-url=\"https:\/\/pokaa.fr\/wp-content\/uploads\/2025\/07\/15\/france-strasbourg-espace-django-wr-68-sur-140.jpg\" decoding=\"async\" loading=\"lazy\"  \/>            <\/p>\n<p>                    Les gilets vibrants, un dispositif pr\u00e9cieux pour les publics sourds et malentendants. \u00a9 Wilfried Rion \/ Pokaa<\/p>\n<p>En toute intimit\u00e9\u00a0: les balances<\/p>\n<p><b>\u00c0 18h, apr\u00e8s d\u00e9j\u00e0 trois heures \u00e0 courir d\u2019un endroit \u00e0 l\u2019autre et multiplier les interviews<\/b>, moment de respiration. Le photographe r\u00f4de autour de la sc\u00e8ne, tandis que je trouve un coin sombre de la salle, pour m\u2019asseoir et <b>observer, en silence, les balances de Cl\u00e9ment Visage<\/b>.<\/p>\n<p>    <img width=\"800\" height=\"533\" src=\"https:\/\/www.europesays.com\/fr\/wp-content\/uploads\/2025\/07\/france-strasbourg-espace-django-wr-47-sur-140-800x533.jpg\" class=\"attachment-image-size-L size-image-size-L\" alt=\"Espace Django 2025, concert, salle, ambiance, lumi\u00e8res, r\u00e9gis, techniciens, consoles\" decoding=\"async\" loading=\"lazy\"  \/>         \u00a9 Wilfried Rion \/ Pokaa <\/p>\n<p>Sous nos yeux, une douzaine de personnes s\u2019activent. Apr\u00e8s un instant de silence, du son sort, puis s\u2019interrompt. Cl\u00e9ment chante des extraits de ses chansons pendant que <b>les tests lumi\u00e8res s\u2019encha\u00eenent, sans logique apparente<\/b>.<\/p>\n<p>Le but ? <b>Travailler les transitions et les plans de feux<\/b>. Traduction : un moment strat\u00e9gique pour les ing\u00e9\u2019 lumi\u00e8res qui testent les ambiances et effets de chaque morceau \u00e0 venir. Il s\u2019agit du <b>filage<\/b>.<\/p>\n<p>                <img width=\"333\" height=\"500\" src=\"https:\/\/www.europesays.com\/fr\/wp-content\/uploads\/2025\/07\/france-strasbourg-espace-django-wr-49-sur-140-333x500.jpg\" class=\"attachment-gallery size-gallery\" alt=\"Espace Django 2025, concert, salle, ambiance, lumi\u00e8res, r\u00e9gis, techniciens, consoles\" data-full-url=\"https:\/\/pokaa.fr\/wp-content\/uploads\/2025\/07\/15\/france-strasbourg-espace-django-wr-49-sur-140.jpg\" decoding=\"async\" loading=\"lazy\"  \/>            <\/p>\n<p>                <img width=\"333\" height=\"500\" src=\"https:\/\/www.europesays.com\/fr\/wp-content\/uploads\/2025\/07\/france-strasbourg-espace-django-wr-51-sur-140-333x500.jpg\" class=\"attachment-gallery size-gallery\" alt=\"Espace Django 2025, concert, salle, ambiance, lumi\u00e8res, r\u00e9gis, techniciens, consoles\" data-full-url=\"https:\/\/pokaa.fr\/wp-content\/uploads\/2025\/07\/15\/france-strasbourg-espace-django-wr-51-sur-140.jpg\" decoding=\"async\" loading=\"lazy\"  \/>            <\/p>\n<p>                <img width=\"750\" height=\"500\" src=\"https:\/\/www.europesays.com\/fr\/wp-content\/uploads\/2025\/07\/france-strasbourg-espace-django-wr-52-sur-140-750x500.jpg\" class=\"attachment-gallery size-gallery\" alt=\"Espace Django 2025, concert, salle, ambiance, lumi\u00e8res, r\u00e9gis, techniciens, consoles\" data-full-url=\"https:\/\/pokaa.fr\/wp-content\/uploads\/2025\/07\/15\/france-strasbourg-espace-django-wr-52-sur-140.jpg\" decoding=\"async\" loading=\"lazy\"  \/>            <\/p>\n<p>                    \u00a9 Wilfried Rion \/ Pokaa<\/p>\n<p>    <img width=\"400\" height=\"600\" src=\"https:\/\/www.europesays.com\/fr\/wp-content\/uploads\/2025\/07\/france-strasbourg-espace-django-wr-56-sur-140-400x600.jpg\" class=\"attachment-image-size-M size-image-size-M\" alt=\"Espace Django 2025, concert, salle, ambiance, lumi\u00e8res, r\u00e9gis, techniciens sons\" decoding=\"async\" loading=\"lazy\"  \/>         Guillaume Aubry, technicien de la tourn\u00e9e de Malik Djoudi. \u00a9 Wilfried Rion \/ Pokaa <\/p>\n<p><b>Ce soir-l\u00e0, il y aura du monde derri\u00e8re les consoles<\/b>\u2026 Derri\u00e8re la sienne, emmen\u00e9e en tourn\u00e9e : <b>Robin, le \u00ab\u00a0lighteux\u00a0\u00bb<\/b> (r\u00e9gisseur lumi\u00e8re) de l\u2019\u00e9quipe de Malik Djoudi, accueilli par celui de la salle (Arthur Panafieu). Une \u00e9tape importante que celle de la passation, pour prendre possession des lieux, le temps d\u2019une soir\u00e9e.<\/p>\n<p>Pendant ce temps-l\u00e0, la salle s\u2019est r\u00e9duite et <b>les ing\u00e9\u2019 se d\u00e9placent lampes de poche \u00e0 la main. <\/b>Un dr\u00f4le de ballet que viennent compl\u00e9ter les deux chansigneuses, qui communiquent par signes, et r\u00e9p\u00e8tent leurs passages, en s\u2019alternant.<\/p>\n<p>                <img width=\"333\" height=\"500\" src=\"https:\/\/www.europesays.com\/fr\/wp-content\/uploads\/2025\/07\/france-strasbourg-espace-django-wr-46-sur-140-333x500.jpg\" class=\"attachment-gallery size-gallery\" alt=\"Espace Django 2025, concert, salle, ambiance, lumi\u00e8res, r\u00e9gis, techniciens, consoles\" data-full-url=\"https:\/\/pokaa.fr\/wp-content\/uploads\/2025\/07\/15\/france-strasbourg-espace-django-wr-46-sur-140.jpg\" decoding=\"async\" loading=\"lazy\"  \/>            <\/p>\n<p>                <img width=\"333\" height=\"500\" src=\"https:\/\/www.europesays.com\/fr\/wp-content\/uploads\/2025\/07\/france-strasbourg-espace-django-wr-27-sur-140-333x500.jpg\" class=\"attachment-gallery size-gallery\" alt=\"Espace Django 2025, coulisses, concert, salle, sc\u00e8nes, ambiance, lumi\u00e8res, r\u00e9gis, techniciens, consoles, R\u00e9gisseur g\u00e9n\u00e9ral, Rapha\u00ebl Bran\" data-full-url=\"https:\/\/pokaa.fr\/wp-content\/uploads\/2025\/07\/15\/france-strasbourg-espace-django-wr-27-sur-140.jpg\" decoding=\"async\" loading=\"lazy\"  \/>            <\/p>\n<p>                <img width=\"750\" height=\"500\" src=\"https:\/\/www.europesays.com\/fr\/wp-content\/uploads\/2025\/07\/france-strasbourg-espace-django-wr-45-sur-140-750x500.jpg\" class=\"attachment-gallery size-gallery\" alt=\"Espace Django 2025, concert, salle, ambiance, lumi\u00e8res, r\u00e9gis, techniciens, consoles\" data-full-url=\"https:\/\/pokaa.fr\/wp-content\/uploads\/2025\/07\/15\/france-strasbourg-espace-django-wr-45-sur-140.jpg\" decoding=\"async\" loading=\"lazy\"  \/>            <\/p>\n<p>                    En haut \u00e0 droite : Rapha\u00ebl \u00ab\u00a0Raph\u00a0\u00bb Bran r\u00e9gisseur g\u00e9n\u00e9ral \u00e0 Django. \u00a9 Wilfried Rion \/ Pokaa<\/p>\n<p>    <img width=\"800\" height=\"533\" src=\"https:\/\/www.europesays.com\/fr\/wp-content\/uploads\/2025\/07\/france-strasbourg-espace-django-wr-44-sur-140-800x533.jpg\" class=\"attachment-image-size-L size-image-size-L\" alt=\"Espace Django 2025, coulisses, concert, salle, ambiance, lumi\u00e8res, r\u00e9gis, techniciens, consoles\" decoding=\"async\" loading=\"lazy\"  \/>         \u00a9 Wilfried Rion \/ Pokaa <\/p>\n<p>Cl\u00e9ment nous expliquera plus tard que les balances permettent de<b> revoir les passages \u00e0 risques<\/b>, de trouver son confort sonore et \u00e9viter les larsens.<\/p>\n<p>Dans ses oreilles : des \u00ab ear monitors \u00bb ou <b>\u00ab\u00a0ears\u00a0\u00bb<\/b> moul\u00e9es, qui permettent d\u2019<b>entendre les retours des instruments, sa propre voix et l\u2019ambiance de la salle<\/b>. Car on ne le sait pas forc\u00e9ment, mais <b>de petits micros y sont cach\u00e9s<\/b> (en hauteur ou sur les c\u00f4t\u00e9s de la sc\u00e8ne) pour que les artistes puissent tout de m\u00eame entendre ce qu\u2019il s\u2019y passe\u2026 Et \u00e9viter l\u2019effet \u00ab\u00a0bulle\u00a0\u00bb dans leurs oreilles.<\/p>\n<p>    <img width=\"800\" height=\"533\" src=\"https:\/\/www.europesays.com\/fr\/wp-content\/uploads\/2025\/07\/france-strasbourg-espace-django-wr-21-sur-140-800x533.jpg\" class=\"attachment-image-size-L size-image-size-L\" alt=\"Espace Django 2025, coulisses, concert, salle, sc\u00e8nes, ambiance, lumi\u00e8res, r\u00e9gis, techniciens, consoles, c\u00e2bles,\" decoding=\"async\" loading=\"lazy\"  \/>         \u00a9 Wilfried Rion \/ Pokaa <\/p>\n<p>    <img width=\"800\" height=\"533\" src=\"https:\/\/www.europesays.com\/fr\/wp-content\/uploads\/2025\/07\/france-strasbourg-espace-django-wr-33-sur-140-800x533.jpg\" class=\"attachment-image-size-L size-image-size-L\" alt=\"Espace Django 2025, concert, salle, sc\u00e8nes, ambiance, lumi\u00e8res, r\u00e9gis, techniciens, consoles\" decoding=\"async\" loading=\"lazy\"  \/>         \u00a9 Wilfried Rion \/ Pokaa <\/p>\n<p>Le bar, le vestiaire et les b\u00e9n\u00e9voles<br \/>\n\u00ab\u00a0Une deuxi\u00e8me maison\u00a0\u00bb<\/p>\n<p>Les balances finies, le rythme s\u2019acc\u00e9l\u00e8re.<b> \u00c0 19h15, on passe au <\/b><b>catering<\/b><b>, manger avec l\u2019\u00e9quipe technique, pendant que le vestiaire est install\u00e9 par deux b\u00e9n\u00e9voles<\/b> arriv\u00e9(e)s cette saison :<strong> Ga\u00ebtan et Nina<\/strong>.<\/p>\n<p>Pour la seconde qui habite \u00e0 deux pas, en \u00e0 peine quelques mois, <b>le lieu est d\u00e9j\u00e0 devenu <\/b><b>\u00ab\u00a0une deuxi\u00e8me maison\u00a0\u00bb<\/b>. \u00ab\u00a0J\u2019ai vite accroch\u00e9 avec l\u2019\u00e9quipe\u00a0\u00bb, raconte-t-elle.<\/p>\n<p>                <img width=\"750\" height=\"500\" src=\"https:\/\/www.europesays.com\/fr\/wp-content\/uploads\/2025\/07\/france-strasbourg-espace-django-wr-61-sur-140-750x500.jpg\" class=\"attachment-gallery size-gallery\" alt=\"Espace Django 2025, vestiaires, b\u00e9n\u00e9voles, concert, salle\" data-full-url=\"https:\/\/pokaa.fr\/wp-content\/uploads\/2025\/07\/15\/france-strasbourg-espace-django-wr-61-sur-140.jpg\" decoding=\"async\" loading=\"lazy\"  \/>            <\/p>\n<p>                <img width=\"750\" height=\"500\" src=\"https:\/\/www.europesays.com\/fr\/wp-content\/uploads\/2025\/07\/france-strasbourg-espace-django-wr-57-sur-140-750x500.jpg\" class=\"attachment-gallery size-gallery\" alt=\"Espace Django 2025, vestiaires, b\u00e9n\u00e9voles, concert, salle\" data-full-url=\"https:\/\/pokaa.fr\/wp-content\/uploads\/2025\/07\/15\/france-strasbourg-espace-django-wr-57-sur-140.jpg\" decoding=\"async\" loading=\"lazy\"  \/>            <\/p>\n<p>                    Ga\u00ebl et Nina, b\u00e9n\u00e9voles au vestiaire. \u00a9 Wilfried Rion \/ Pokaa<\/p>\n<p>                <img width=\"333\" height=\"500\" src=\"https:\/\/www.europesays.com\/fr\/wp-content\/uploads\/2025\/07\/france-strasbourg-espace-django-wr-58-sur-140-333x500.jpg\" class=\"attachment-gallery size-gallery\" alt=\"Espace Django 2025, vestiaires, b\u00e9n\u00e9voles, concert, salle\" data-full-url=\"https:\/\/pokaa.fr\/wp-content\/uploads\/2025\/07\/15\/france-strasbourg-espace-django-wr-58-sur-140.jpg\" decoding=\"async\" loading=\"lazy\"  \/>            <\/p>\n<p>                <img width=\"333\" height=\"500\" src=\"https:\/\/www.europesays.com\/fr\/wp-content\/uploads\/2025\/07\/france-strasbourg-espace-django-wr-59-sur-140-333x500.jpg\" class=\"attachment-gallery size-gallery\" alt=\"Espace Django 2025, vestiaires, b\u00e9n\u00e9voles, concert, salle, cintres, v\u00eatements\" data-full-url=\"https:\/\/pokaa.fr\/wp-content\/uploads\/2025\/07\/15\/france-strasbourg-espace-django-wr-59-sur-140.jpg\" decoding=\"async\" loading=\"lazy\"  \/>            <\/p>\n<p>                    \u00a9 Wilfried Rion \/ Pokaa<\/p>\n<p>Car<b> Django ne serait pas Django sans ses b\u00e9n\u00e9voles<\/b>. <b>\u00ab C\u2019est le nerf de la guerre \u00bb,<\/b> nous dit Elisa, \u00ab\u00a0sans, on ne pourrait pas fonctionner \u00e0 une soir\u00e9e concert\u00a0\u00bb.<\/p>\n<p>Elle nous explique qu\u2019ils et elles sont <b>une cinquantaine <\/b>et qu\u2019il y a un \u00ab noyau dur d\u2019une dizaine de personnes qui revient quasiment \u00e0 chaque soir\u00e9e \u00bb. <b>Un r\u00e9pertoire qui \u00e9volue<\/b>, avec des ancien(ne)s et des nouveaux\/lles, que g\u00e8re Elisa, surnomm\u00e9e la \u00ab\u00a0maman des b\u00e9n\u00e9voles\u00a0\u00bb.<\/p>\n<p>    <img width=\"800\" height=\"533\" src=\"https:\/\/www.europesays.com\/fr\/wp-content\/uploads\/2025\/07\/france-strasbourg-espace-django-wr-54-sur-140-800x533.jpg\" class=\"attachment-image-size-L size-image-size-L\" alt=\"Espace Django 2025, concert, salle, ambiance, bar, b\u00e9n\u00e9voles, Charg\u00e9e de production, Elisa Rivi\u00e8re\" decoding=\"async\" loading=\"lazy\"  \/>         Elisa aupr\u00e8s des b\u00e9n\u00e9voles, derri\u00e8re le bar. \u00a9 Wilfried Rion \/ Pokaa <\/p>\n<p>Dans cette grande famille, on y croise des \u00e9tudiant(e)s arriv\u00e9(e)s sur Strasbourg qui cherchent \u00e0 rencontrer du monde. Ou d\u2019autres qui voient dans le b\u00e9n\u00e9volat un \u00e9chappatoire au quotidien, pour recr\u00e9er du lien, se sentir utiles.<\/p>\n<p><b>Des <\/b><b>\u00ab\u00a0petites mains\u00a0\u00bb<\/b><b> de l\u2019ombre qui renforcent les \u00e9quipes au vestiaire, au <\/b><b>catering<\/b><b> et au bar<\/b> (aux commandes, \u00e0 la plonge et au rangement). Ou filent un coup de main <strong>\u00ab\u00a0au ma\u00eetre des bretzels\u00a0\u00bb, Baya Ndongui<\/strong> (charg\u00e9 de m\u00e9diation, la semaine).<\/p>\n<p>                <img width=\"750\" height=\"500\" src=\"https:\/\/www.europesays.com\/fr\/wp-content\/uploads\/2025\/07\/france-strasbourg-espace-django-wr-63-sur-140-750x500.jpg\" class=\"attachment-gallery size-gallery\" alt=\"Espace Django 2025, bar, b\u00e9n\u00e9voles, sc\u00e8ne, concert, nourriture\" data-full-url=\"https:\/\/pokaa.fr\/wp-content\/uploads\/2025\/07\/15\/france-strasbourg-espace-django-wr-63-sur-140.jpg\" decoding=\"async\" loading=\"lazy\"  \/>            <\/p>\n<p>                <img width=\"750\" height=\"500\" src=\"https:\/\/www.europesays.com\/fr\/wp-content\/uploads\/2025\/07\/france-strasbourg-espace-django-wr-55-sur-140-750x500.jpg\" class=\"attachment-gallery size-gallery\" alt=\"Espace Django 2025, concert, salle, ambiance, nourritures, bretzels, bar\" data-full-url=\"https:\/\/pokaa.fr\/wp-content\/uploads\/2025\/07\/15\/france-strasbourg-espace-django-wr-55-sur-140.jpg\" decoding=\"async\" loading=\"lazy\"  \/>            <\/p>\n<p>                <img width=\"333\" height=\"500\" src=\"https:\/\/www.europesays.com\/fr\/wp-content\/uploads\/2025\/07\/france-strasbourg-espace-django-wr-65-sur-140-333x500.jpg\" class=\"attachment-gallery size-gallery\" alt=\"Espace Django 2025, concert, salle, portrait, Charg\u00e9 de m\u00e9diation, Baya Ndongui\" data-full-url=\"https:\/\/pokaa.fr\/wp-content\/uploads\/2025\/07\/15\/france-strasbourg-espace-django-wr-65-sur-140.jpg\" decoding=\"async\" loading=\"lazy\"  \/>            <\/p>\n<p>                    Derri\u00e8re le bar, avec le \u00ab ma\u00eetre des bretzels \u00bb Baya Ndongui (charg\u00e9 de m\u00e9diation). \u00a9 Wilfried Rion \/ Pokaa<\/p>\n<p>Picon, softs et cocktail Django <\/p>\n<p><b>Du c\u00f4t\u00e9 du bar, ce soir, ils et elles sont quatre, \u00e0 se retrouver d\u00e8s 18h<\/b>. \u00c7a fait d\u00e9j\u00e0 <b>des pronostics sur les boissons qui y seront le plus vendues<\/b>. A priori, au vu du public, ce sera \u00ab\u00a0cr\u00e9mant, vin blanc et cocktail Django\u00a0\u00bb jaugent deux habitu\u00e9(e)s pr\u00e9sent(e)s depuis les d\u00e9buts\u00a0: <b>Martin et Marilou<\/b>.<\/p>\n<p>    <img width=\"400\" height=\"600\" src=\"https:\/\/www.europesays.com\/fr\/wp-content\/uploads\/2025\/07\/france-strasbourg-espace-django-wr-137-sur-140-400x600.jpg\" class=\"attachment-image-size-M size-image-size-M\" alt=\"Espace Django 2025, bar, ambiance, b\u00e9n\u00e9vole, bi\u00e8re, f\u00fbt\" decoding=\"async\" loading=\"lazy\"  \/>         Martin au d\u00e9montage, avec les f\u00fbts vides. \u00a9 Wilfried Rion \/ Pokaa <\/p>\n<p>Parmi <b>leurs exp\u00e9riences au bar les plus atypiques\u00a0: les 18 bouteilles de Picon descendues sur le concert de rap de Furax Barbarossa<\/b>. \u00c0 l\u2019inverse d\u2019Alo\u00efse Sauvage o\u00f9 se sont vendus plus de softs.<\/p>\n<p>(Plus tard au bar, \u00e0 20h35, une troisi\u00e8me jarre \u00e0 cocktail \u00e9tait d\u2019ailleurs en pr\u00e9paration : <b>\u00ab\u00a0c\u2019est une soir\u00e9e \u00e0 cocktails\u00a0\u00bb<\/b><b>, selon Martin<\/b>. \u00c0 la fin : cinq auront \u00e9t\u00e9 \u00e9coul\u00e9es. C\u2019est qu\u2019il avait raison.)<\/p>\n<p>    <img width=\"800\" height=\"533\" src=\"https:\/\/www.europesays.com\/fr\/wp-content\/uploads\/2025\/07\/france-strasbourg-espace-django-wr-100-sur-140-800x533.jpg\" class=\"attachment-image-size-L size-image-size-L\" alt=\"Espace Django 2025, concert, salle, ambiance, bar, Mourad Mabrouki\" decoding=\"async\" loading=\"lazy\"  \/>         Mourad Mabrouki (co-direction \/ action culturelle) derri\u00e8re le bar. \u00a9 Wilfried Rion \/ Pokaa <\/p>\n<p><b>\u00c0 20h, la sonne cloche.<\/b> Tout le monde \u00e0 son poste. <b>\u00ab\u00a0C\u2019est parti\u00a0\u00bb<\/b><b>, entend-on, cri\u00e9 par Mourad<\/b>. <b>\u00c7a y est\u00a0: les portes s\u2019ouvrent, le public se presse d\u00e9j\u00e0 aux vestiaires, pendant que les premi\u00e8res bi\u00e8res coulent.<\/b><\/p>\n<p>Bloc-notes et appareil photo \u00e0 la main, on attire l\u2019attention d\u2019<b>Henri, le plus fid\u00e8le des spectateurs\/rices<\/b>, l\u00e0 depuis les tout d\u00e9buts. Il en est d\u00e9j\u00e0 \u00e0 sa 26e date de la saison, et sa 13e ann\u00e9e d\u2019abonnement. <b>Comme \u00e0 la maison, il salue tout le monde \u00e0 la vol\u00e9e\u00a0<\/b>: il est m\u00eame au comit\u00e9 de pilotage de la salle. Des fid\u00e8les, on vous dit.<\/p>\n<p>    <img width=\"800\" height=\"533\" src=\"https:\/\/www.europesays.com\/fr\/wp-content\/uploads\/2025\/07\/france-strasbourg-espace-django-wr-62-sur-140-800x533.jpg\" class=\"attachment-image-size-L size-image-size-L\" alt=\"Espace Django 2025,  b\u00e9n\u00e9voles, concert, salle\" decoding=\"async\" loading=\"lazy\"  \/>         Henri, un fid\u00e8le de Django. \u00a9 Wilfried Rion \/ Pokaa <\/p>\n<p>Le concert<br \/>\n\u00ab\u00a0Je suis trop content d&rsquo;\u00eatre l\u00e0\u00a0\u00bb<\/p>\n<p><b>\u00c0 20h35, la cloche sonne \u00e0 nouveau et les premi\u00e8res notes r\u00e9sonnent au loin.<\/b> \u00ab\u00a0Je suis trop content d\u2019\u00eatre l\u00e0\u00a0\u00bb, dit Cl\u00e9ment Visage dans le micro devant un public venu en nombre. En allant voir Jamal \u00e0 la billetterie, on apprend que 246 personnes sur les 400 attendues sont d\u00e9j\u00e0 l\u00e0 pour la premi\u00e8re partie. Bien jou\u00e9.<\/p>\n<p>                <img width=\"333\" height=\"500\" src=\"https:\/\/www.europesays.com\/fr\/wp-content\/uploads\/2025\/07\/france-strasbourg-espace-django-wr-72-sur-140-333x500.jpg\" class=\"attachment-gallery size-gallery\" alt=\"Espace Django 2025, coulisses, sc\u00e8ne, concert, salle, lumi\u00e8res, handicape, sourd, chansigne\" data-full-url=\"https:\/\/pokaa.fr\/wp-content\/uploads\/2025\/07\/15\/france-strasbourg-espace-django-wr-72-sur-140.jpg\" decoding=\"async\" loading=\"lazy\"  \/>            <\/p>\n<p>                <img width=\"333\" height=\"500\" src=\"https:\/\/www.europesays.com\/fr\/wp-content\/uploads\/2025\/07\/france-strasbourg-espace-django-wr-90-sur-140-333x500.jpg\" class=\"attachment-gallery size-gallery\" alt=\"Espace Django 2025, concert, salle, lumi\u00e8res, chansigne, coulisses\" data-full-url=\"https:\/\/pokaa.fr\/wp-content\/uploads\/2025\/07\/15\/france-strasbourg-espace-django-wr-90-sur-140.jpg\" decoding=\"async\" loading=\"lazy\"  \/>            <\/p>\n<p>                <img width=\"750\" height=\"500\" src=\"https:\/\/www.europesays.com\/fr\/wp-content\/uploads\/2025\/07\/france-strasbourg-espace-django-wr-75-sur-140-750x500.jpg\" class=\"attachment-gallery size-gallery\" alt=\"Espace Django 2025, coulisses, concert, salle, r\u00e9gis, techniciens plateaux, Ella NavaretteFRANCE \u2013 STRASBOURG \u2013 ESPACE DJANGO \u2013 WR (75 sur 140)\" data-full-url=\"https:\/\/pokaa.fr\/wp-content\/uploads\/2025\/07\/15\/france-strasbourg-espace-django-wr-75-sur-140.jpg\" decoding=\"async\" loading=\"lazy\"  \/>            <\/p>\n<p>                    \u00a9 Wilfried Rion \/ Pokaa<\/p>\n<p>    <img width=\"800\" height=\"533\" src=\"https:\/\/www.europesays.com\/fr\/wp-content\/uploads\/2025\/07\/france-strasbourg-espace-django-wr-86-sur-140-800x533.jpg\" class=\"attachment-image-size-L size-image-size-L\" alt=\"Espace Django 2025, concert, salle, lumi\u00e8res, chansigne, Cl\u00e9ment visage\" decoding=\"async\" loading=\"lazy\"  \/>         Cl\u00e9ment Visage, avec la chansigneuse Rachel Fr\u00e9ry. \u00a9 Wilfried Rion \/ Pokaa <\/p>\n<p>Derri\u00e8re le rideau, on retrouve <b>Ella, planqu\u00e9e c\u00f4t\u00e9 jardin<\/b>. \u00c0 l\u2019aff\u00fbt. Avec \u00e0 vue : la sc\u00e8ne, la console centrale et le public. <b>Sous ses yeux la conduite et la tracklist<\/b>.<\/p>\n<p>                <img width=\"750\" height=\"500\" src=\"https:\/\/www.europesays.com\/fr\/wp-content\/uploads\/2025\/07\/france-strasbourg-espace-django-wr-99-sur-140-750x500.jpg\" class=\"attachment-gallery size-gallery\" alt=\"Espace Django 2025, coulisses, concert, salle, feuille de conduite, plan de feu, documents, ambiance, lumi\u00e8res, r\u00e9gis, techniciens plateaux, Ella Navarette\" data-full-url=\"https:\/\/pokaa.fr\/wp-content\/uploads\/2025\/07\/15\/france-strasbourg-espace-django-wr-99-sur-140.jpg\" decoding=\"async\" loading=\"lazy\"  \/>            <\/p>\n<p>                <img width=\"750\" height=\"500\" src=\"https:\/\/www.europesays.com\/fr\/wp-content\/uploads\/2025\/07\/france-strasbourg-espace-django-wr-98-sur-140-750x500.jpg\" class=\"attachment-gallery size-gallery\" alt=\"Espace Django 2025, coulisses, concert, salle, feuille de conduite, plan de feu, documents, ambiance, lumi\u00e8res, r\u00e9gis, techniciens plateaux, Ella Navarette\" data-full-url=\"https:\/\/pokaa.fr\/wp-content\/uploads\/2025\/07\/15\/france-strasbourg-espace-django-wr-98-sur-140.jpg\" decoding=\"async\" loading=\"lazy\"  \/>            <\/p>\n<p>                <img width=\"333\" height=\"500\" src=\"https:\/\/www.europesays.com\/fr\/wp-content\/uploads\/2025\/07\/france-strasbourg-espace-django-wr-96-sur-140-333x500.jpg\" class=\"attachment-gallery size-gallery\" alt=\"Espace Django 2025, coulisses, concert, salle, feuille de conduite, plan de feu, documents, ambiance, lumi\u00e8res, r\u00e9gis, techniciens plateaux, tracklist\" data-full-url=\"https:\/\/pokaa.fr\/wp-content\/uploads\/2025\/07\/15\/france-strasbourg-espace-django-wr-96-sur-140.jpg\" decoding=\"async\" loading=\"lazy\"  \/>            <\/p>\n<p>                    Ella, dans les coulisses. \u00a9 Wilfried Rion \/ Pokaa<\/p>\n<p>    <img width=\"800\" height=\"533\" src=\"https:\/\/www.europesays.com\/fr\/wp-content\/uploads\/2025\/07\/france-strasbourg-espace-django-wr-71-sur-140-800x533.jpg\" class=\"attachment-image-size-L size-image-size-L\" alt=\"Espace Django 2025, r\u00e9gis , concert, salle, lumi\u00e8res, techniciens\" decoding=\"async\" loading=\"lazy\"  \/>         \u00a9 Wilfried Rion \/ Pokaa <\/p>\n<p><b>\u00c0 20h55, on croise aussi Malik Djoudi qui fait ses vocalises, pendant qu\u2019Ella s\u2019occupe cette fois des gourdes des artistes<\/b>. On part prendre de la hauteur. De l\u00e0-haut, les lumi\u00e8res l\u00e8chent les t\u00eates du public. La vision d\u2019un instant suspendu.<\/p>\n<p>    <img width=\"800\" height=\"533\" src=\"https:\/\/www.europesays.com\/fr\/wp-content\/uploads\/2025\/07\/france-strasbourg-espace-django-wr-91-sur-140-800x533.jpg\" class=\"attachment-image-size-L size-image-size-L\" alt=\"Espace Django 2025, sc\u00e8ne, concert, salle, ambiance, lumi\u00e8res, r\u00e9gis, foules, techniciens, chansigne\" decoding=\"async\" loading=\"lazy\"  \/>         \u00a9 Wilfried Rion \/ Pokaa <\/p>\n<p><b>\u00c0 21h30, changement de plateau express<\/b>. La technique centrale coupe les micros et la tension \u00e9lectrique avant toute manipulation. Entre les coulisses et la sc\u00e8ne, Ella et Raph\u2019 s\u2019affairent sur le pont.<\/p>\n<p>Tout le monde sait o\u00f9 il va, \u00e7a connecte les c\u00e2bles, pendant qu\u2019une playlist tourne et que le public part se rafra\u00eechir.<\/p>\n<p>    <img width=\"400\" height=\"600\" src=\"https:\/\/www.europesays.com\/fr\/wp-content\/uploads\/2025\/07\/france-strasbourg-espace-django-wr-25-sur-140-400x600.jpg\" class=\"attachment-image-size-M size-image-size-M\" alt=\"Espace Django 2025, coulisses, concert, salle, sc\u00e8nes, ambiance, lumi\u00e8res, r\u00e9gis, techniciens, focus, c\u00e2bles,\" decoding=\"async\" loading=\"lazy\"  \/>         \u00a9 Wilfried Rion \/ Pokaa <\/p>\n<p><b>Enfin, le second concert d\u00e9marre.<\/b> Moment de gloire pour le large nuage jusque-l\u00e0 dissimul\u00e9 sous un voile noir, qui se r\u00e9v\u00e8le sous le regard attentif du public. <b>Les lumi\u00e8res baissent, les gens applaudissent<\/b>, les premiers accords se font entendre, avec le bruit de la pluie.<\/p>\n<p>Les musiciens se mettent en place, dans les grondements de l\u2019orage. Si dehors, le soleil avait chauff\u00e9 toute la journ\u00e9e sur Strasbourg, Malik Djoudi avait ramen\u00e9, lui, \u00e0 cet instant sa propre pluie. <a href=\"https:\/\/www.youtube.com\/watch?v=6K_GqqH3bcE&amp;list=RD6K_GqqH3bcE&amp;start_radio=1\" target=\"_blank\" rel=\"noopener\">Viens, on prend le temps <\/a> nous chante-t-il.<\/p>\n<p>    <img width=\"400\" height=\"600\" src=\"https:\/\/www.europesays.com\/fr\/wp-content\/uploads\/2025\/07\/france-strasbourg-espace-django-wr-73-sur-140-400x600.jpg\" class=\"attachment-image-size-M size-image-size-M\" alt=\"Espace Django 2025, coulisses, sc\u00e8ne, concert, salle, lumi\u00e8res, handicape, sourd, chansigne\" decoding=\"async\" loading=\"lazy\"  \/>         \u00a9 Wilfried Rion \/ Pokaa <\/p>\n<p>    <img width=\"800\" height=\"533\" src=\"https:\/\/www.europesays.com\/fr\/wp-content\/uploads\/2025\/07\/france-strasbourg-espace-django-wr-79-sur-140-800x533.jpg\" class=\"attachment-image-size-L size-image-size-L\" alt=\"Espace Django 2025, concert, salle, lumi\u00e8res, r\u00e9gis, techniciens sons\" decoding=\"async\" loading=\"lazy\"  \/>         \u00a9 Wilfried Rion \/ Pokaa <\/p>\n<p>\u00ab\u00a0C&rsquo;\u00e9tait une belle date\u00a0\u00bb<\/p>\n<p><b>Dans le public, des trentenaires, des quadras et quelques t\u00eates grises qui dansent, sourient, applaudissent en ch\u0153ur.<\/b> \u00ab\u00a0On t\u2019aime Malik\u00a0\u00bb, y hurle-t-on m\u00eame.<\/p>\n<p>\u00c0 23h, le concert s\u2019ach\u00e8ve sur un rappel : <a href=\"https:\/\/www.youtube.com\/watch?v=cPSTLCXRAZ0&amp;list=RDcPSTLCXRAZ0&amp;start_radio=1\" target=\"_blank\" rel=\"noopener\">Vivant<\/a>. Alors que r\u00e9sonne \u00ab Je suis enfin vivant \u00bb, deux jeunes filles d\u00e9j\u00e0 sorties reviennent en courant. Il fait \u00ab\u00a0hyper chaud\u00a0\u00bb dans la salle, entend-on. <b>Si \u00e7a sent la sueur, \u00e7a respire le bonheur.<\/b><\/p>\n<p>Et puis : 23h30, l\u2019heure des d\u00e9dicaces, au sortir de la sc\u00e8ne. <strong>En salle<\/strong>, pendant que le public vaque \u00e0 ses occupations, repart ou boit un verre, <strong>\u00e7a s\u2019active<\/strong>.<\/p>\n<p>    <img width=\"800\" height=\"533\" src=\"https:\/\/www.europesays.com\/fr\/wp-content\/uploads\/2025\/07\/france-strasbourg-espace-django-wr-101-sur-140-800x533.jpg\" class=\"attachment-image-size-L size-image-size-L\" alt=\"Espace Django 2025, foules, public, Malik Djoudi, musiciens, concert, salle, c\u00e2bles, ambiance\" decoding=\"async\" loading=\"lazy\"  \/>         Malik Djoudi et ses musiciens. \u00a9 Wilfried Rion \/ Pokaa <\/p>\n<p>                <img width=\"333\" height=\"500\" src=\"https:\/\/www.europesays.com\/fr\/wp-content\/uploads\/2025\/07\/france-strasbourg-espace-django-wr-125-sur-140-333x500.jpg\" class=\"attachment-gallery size-gallery\" alt=\"Espace Django 2025, coulisses, rangement, musiciens, techniciens, concert, salle, malles, ambiance, montage\" data-full-url=\"https:\/\/pokaa.fr\/wp-content\/uploads\/2025\/07\/15\/france-strasbourg-espace-django-wr-125-sur-140.jpg\" decoding=\"async\" loading=\"lazy\"  \/>            <\/p>\n<p>                <img width=\"333\" height=\"500\" src=\"https:\/\/www.europesays.com\/fr\/wp-content\/uploads\/2025\/07\/france-strasbourg-espace-django-wr-115-sur-140-333x500.jpg\" class=\"attachment-gallery size-gallery\" alt=\"Espace Django 2025, coulisses, rangement, musiciens, techniciens, concert, salle, c\u00e2bles, ambiance, montage\" data-full-url=\"https:\/\/pokaa.fr\/wp-content\/uploads\/2025\/07\/15\/france-strasbourg-espace-django-wr-115-sur-140.jpg\" decoding=\"async\" loading=\"lazy\"  \/>            <\/p>\n<p>                <img width=\"333\" height=\"500\" src=\"https:\/\/www.europesays.com\/fr\/wp-content\/uploads\/2025\/07\/france-strasbourg-espace-django-wr-106-sur-140-333x500.jpg\" class=\"attachment-gallery size-gallery\" alt=\"Espace Django 2025, rangement, musiciens, techniciens, concert, salle, c\u00e2bles, ambiance, \u00e9lectricit\u00e9, montage\" data-full-url=\"https:\/\/pokaa.fr\/wp-content\/uploads\/2025\/07\/15\/france-strasbourg-espace-django-wr-106-sur-140.jpg\" decoding=\"async\" loading=\"lazy\"  \/>            <\/p>\n<p>                <img width=\"333\" height=\"500\" src=\"https:\/\/www.europesays.com\/fr\/wp-content\/uploads\/2025\/07\/france-strasbourg-espace-django-wr-120-sur-140-333x500.jpg\" class=\"attachment-gallery size-gallery\" alt=\"Espace Django 2025, coulisses, musiciens, techniciens, concert, salle, c\u00e2bles, batteries, ambiance, montage\" data-full-url=\"https:\/\/pokaa.fr\/wp-content\/uploads\/2025\/07\/15\/france-strasbourg-espace-django-wr-120-sur-140.jpg\" decoding=\"async\" loading=\"lazy\"  \/>            <\/p>\n<p>                <img width=\"333\" height=\"500\" src=\"https:\/\/www.europesays.com\/fr\/wp-content\/uploads\/2025\/07\/france-strasbourg-espace-django-wr-112-sur-140-333x500.jpg\" class=\"attachment-gallery size-gallery\" alt=\"Espace Django 2025, coulisses, rangement, musiciens, techniciens, concert, salle, c\u00e2bles, ambiance, \u00e9lectricit\u00e9, montage\" data-full-url=\"https:\/\/pokaa.fr\/wp-content\/uploads\/2025\/07\/15\/france-strasbourg-espace-django-wr-112-sur-140.jpg\" decoding=\"async\" loading=\"lazy\"  \/>            <\/p>\n<p>                    \u00a9 Wilfried Rion \/ Pokaa<\/p>\n<p><strong>\u00c0 minuit, le nuage descend, le matos part d\u2019un c\u00f4t\u00e9 ou de l\u2019autre<\/strong>, dans la bonne ambiance. \u00c7a chantonne m\u00eame.<\/p>\n<p><b>Dans les rangs de Pokaa, la fatigue se fait ressentir. Dans les \u00e9quipes de Malik et de Django\u00a0: si peu.<\/b> Les sourires restent. <b>\u00ab\u00a0C\u2019\u00e9tait une belle date\u00a0\u00bb<\/b>, concluent certain(e)s.<\/p>\n<p>                <img width=\"750\" height=\"500\" src=\"https:\/\/www.europesays.com\/fr\/wp-content\/uploads\/2025\/07\/france-strasbourg-espace-django-wr-132-sur-140-750x500.jpg\" class=\"attachment-gallery size-gallery\" alt=\"Espace Django 2025, coulisses, rangement, musiciens, techniciens, concert, salle, ambiance, montage\" data-full-url=\"https:\/\/pokaa.fr\/wp-content\/uploads\/2025\/07\/15\/france-strasbourg-espace-django-wr-132-sur-140.jpg\" decoding=\"async\" loading=\"lazy\"  \/>            <\/p>\n<p>                <img width=\"750\" height=\"500\" src=\"https:\/\/www.europesays.com\/fr\/wp-content\/uploads\/2025\/07\/france-strasbourg-espace-django-wr-131-sur-140-750x500.jpg\" class=\"attachment-gallery size-gallery\" alt=\"Espace Django 2025, coulisses, rangement, musiciens, techniciens, concert, salle, ambiance, montage\" data-full-url=\"https:\/\/pokaa.fr\/wp-content\/uploads\/2025\/07\/15\/france-strasbourg-espace-django-wr-131-sur-140.jpg\" decoding=\"async\" loading=\"lazy\"  \/>            <\/p>\n<p>                <img width=\"750\" height=\"500\" src=\"https:\/\/www.europesays.com\/fr\/wp-content\/uploads\/2025\/07\/france-strasbourg-espace-django-wr-128-sur-140-750x500.jpg\" class=\"attachment-gallery size-gallery\" alt=\"Espace Django 2025, coulisses, rangement, musiciens, techniciens, concert, salle, ambiance, montage\" data-full-url=\"https:\/\/pokaa.fr\/wp-content\/uploads\/2025\/07\/15\/france-strasbourg-espace-django-wr-128-sur-140.jpg\" decoding=\"async\" loading=\"lazy\"  \/>            <\/p>\n<p>                <img width=\"333\" height=\"500\" src=\"https:\/\/www.europesays.com\/fr\/wp-content\/uploads\/2025\/07\/france-strasbourg-espace-django-wr-110-sur-140-333x500.jpg\" class=\"attachment-gallery size-gallery\" alt=\"Espace Django 2025, coulisses, rangement, musiciens, techniciens, concert, salle, c\u00e2bles, ambiance, \u00e9lectricit\u00e9, montage\" data-full-url=\"https:\/\/pokaa.fr\/wp-content\/uploads\/2025\/07\/15\/france-strasbourg-espace-django-wr-110-sur-140.jpg\" decoding=\"async\" loading=\"lazy\"  \/>            <\/p>\n<p>                <img width=\"333\" height=\"500\" src=\"https:\/\/www.europesays.com\/fr\/wp-content\/uploads\/2025\/07\/france-strasbourg-espace-django-wr-130-sur-140-333x500.jpg\" class=\"attachment-gallery size-gallery\" alt=\"Espace Django 2025, coulisses, rangement, musiciens, techniciens, concert, salle, ambiance, montage\" data-full-url=\"https:\/\/pokaa.fr\/wp-content\/uploads\/2025\/07\/15\/france-strasbourg-espace-django-wr-130-sur-140.jpg\" decoding=\"async\" loading=\"lazy\"  \/>            <\/p>\n<p>                <img width=\"333\" height=\"500\" src=\"https:\/\/www.europesays.com\/fr\/wp-content\/uploads\/2025\/07\/france-strasbourg-espace-django-wr-126-sur-140-333x500.jpg\" class=\"attachment-gallery size-gallery\" alt=\"Espace Django 2025, coulisses, rangement, musiciens, techniciens, concert, salle, malles, ambiance, montage\" data-full-url=\"https:\/\/pokaa.fr\/wp-content\/uploads\/2025\/07\/15\/france-strasbourg-espace-django-wr-126-sur-140.jpg\" decoding=\"async\" loading=\"lazy\"  \/>            <\/p>\n<p>                <img width=\"750\" height=\"500\" src=\"https:\/\/www.europesays.com\/fr\/wp-content\/uploads\/2025\/07\/france-strasbourg-espace-django-wr-114-sur-140-750x500.jpg\" class=\"attachment-gallery size-gallery\" alt=\"Espace Django 2025, coulisses, rangement, musiciens, techniciens, concert, salle, c\u00e2bles, ambiance, \u00e9lectricit\u00e9, montage\" data-full-url=\"https:\/\/pokaa.fr\/wp-content\/uploads\/2025\/07\/15\/france-strasbourg-espace-django-wr-114-sur-140.jpg\" decoding=\"async\" loading=\"lazy\"  \/>            <\/p>\n<p>                    \u00a9 Wilfried Rion \/ Pokaa<\/p>\n<p>Celle-ci s\u2019ach\u00e8ve m\u00eame sur<b> une photo de groupe, avec les artistes, la technique, les b\u00e9n\u00e9voles<\/b>\u2026<\/p>\n<p>\u00ab\u00a0C\u2019est seulement pour les belles dates\u00a0\u00bb, pr\u00e9cise Elisa dans un sourire.<\/p>\n<p>                <img width=\"750\" height=\"500\" src=\"https:\/\/www.europesays.com\/fr\/wp-content\/uploads\/2025\/07\/france-strasbourg-espace-django-wr-133-sur-140-750x500.jpg\" class=\"attachment-gallery size-gallery\" alt=\"Espace Django 2025, coulisses, techniciens, rangement, musiciens, concert, ambiance, montage, nuit\" data-full-url=\"https:\/\/pokaa.fr\/wp-content\/uploads\/2025\/07\/15\/france-strasbourg-espace-django-wr-133-sur-140.jpg\" decoding=\"async\" loading=\"lazy\"  \/>            <\/p>\n<p>                <img width=\"750\" height=\"500\" src=\"https:\/\/www.europesays.com\/fr\/wp-content\/uploads\/2025\/07\/france-strasbourg-espace-django-wr-134-sur-140-750x500.jpg\" class=\"attachment-gallery size-gallery\" alt=\"Espace Django 2025, transports, minibus, concert, ambiance, nuit\" data-full-url=\"https:\/\/pokaa.fr\/wp-content\/uploads\/2025\/07\/15\/france-strasbourg-espace-django-wr-134-sur-140.jpg\" decoding=\"async\" loading=\"lazy\"  \/>            <\/p>\n<p>                <img width=\"750\" height=\"500\" src=\"https:\/\/www.europesays.com\/fr\/wp-content\/uploads\/2025\/07\/france-strasbourg-espace-django-wr-135-sur-140-750x500.jpg\" class=\"attachment-gallery size-gallery\" alt=\"Espace Django 2025, minibus, musiciens, transports, ambiance, nuit\" data-full-url=\"https:\/\/pokaa.fr\/wp-content\/uploads\/2025\/07\/15\/france-strasbourg-espace-django-wr-135-sur-140.jpg\" decoding=\"async\" loading=\"lazy\"  \/>            <\/p>\n<p>                    Le mat\u00e9riel de Malik Djoudi qui retourne au tourbus. \u00a9 Wilfried Rion \/ Pokaa<\/p>\n<p>    <img width=\"800\" height=\"533\" src=\"https:\/\/www.europesays.com\/fr\/wp-content\/uploads\/2025\/07\/france-strasbourg-espace-django-wr-2-sur-3-800x533.jpg\" class=\"attachment-image-size-L size-image-size-L\" alt=\"Espace Django 2025, \u00e9quipes, salle, ambiance, Cl\u00e9ment Visage, Malik Djoudi, Beno\u00eet Van Kote, Mourad Mabrouki, Elisa Rivi\u00e8re, Stanislas Lestage, Baya Ndongui, b\u00e9n\u00e9voles\" decoding=\"async\" loading=\"lazy\"  \/>         Les \u00e9quipes de Malik Djoudi, Cl\u00e9ment Visage et de l&rsquo;Espace Django r\u00e9unies. \u00a9 Wilfried Rion \/ Pokaa <\/p>\n<p>Pour aller plus loin\u00a0: l&rsquo;accessibilit\u00e9, la devise de Django<\/p>\n<p><b>Si ce 28 mars \u00e9tait complet, l\u00e0 n\u2019est pas l\u2019objectif de l\u2019\u00e9quipe<\/b>. Si cette date nous a plong\u00e9(e)s dans l\u2019effervescence d\u2019un concert, Django multiplie les actions, \u00e0 l\u2019ann\u00e9e. Parmi ses missions : <b>s\u2019implanter dans le quartier du Neuhof et aller \u00e0 la rencontre de ses \u00e9coles et \u00e9tablissements sp\u00e9cialis\u00e9s<\/b>.<\/p>\n<p>L\u2019id\u00e9e\u00a0: <b>enlever le plus de barri\u00e8res possibles<\/b>, avec des am\u00e9nagements faits sur les horaires (avec des \u00ab Concerts \u00e0 la bonne heure \u00bb en apr\u00e8s-midi), ou sur les tarifs (gratuit\u00e9, petits prix, billets suspendus, etc.).<\/p>\n<p>    <img width=\"800\" height=\"533\" src=\"https:\/\/www.europesays.com\/fr\/wp-content\/uploads\/2025\/07\/france-strasbourg-espace-django-wr-64-sur-140-800x533.jpg\" class=\"attachment-image-size-L size-image-size-L\" alt=\"Espace Django 2025, sc\u00e8ne, concert, salle, lumi\u00e8res, Co-directeur \/ Programmation, Beno\u00eet Van Kote\" decoding=\"async\" loading=\"lazy\"  \/>         Ben\/Beno\u00eet Van Kote (co-direction \/ programmation). \u00a9 Wilfried Rion \/ Pokaa <\/p>\n<p>    <img width=\"800\" height=\"533\" src=\"https:\/\/www.europesays.com\/fr\/wp-content\/uploads\/2025\/07\/france-strasbourg-espace-django-wr-1-sur-140-800x533.jpg\" class=\"attachment-image-size-L size-image-size-L\" alt=\"Espace Django 2025, coulisses, concert, musiciens, montages, salle, sc\u00e8nes, ambiance, lumi\u00e8res, r\u00e9gis, nuages, techniciens, Charg\u00e9e de production, Elisa Rivi\u00e8re\" decoding=\"async\" loading=\"lazy\"  \/>         Elisa en pleine orga&rsquo; (sous le nuage de la sc\u00e9nographie de Malik Djoudi). \u00a9 Wilfried Rion \/ Pokaa <\/p>\n<p>Sans compter<a href=\"https:\/\/www.espacedjango.eu\/actualite\/face-a-face-b-autour-des-concerts-et-residences-ce-mois-ci\/\" target=\"_blank\" rel=\"noopener\"> le programme \u00ab\u00a0Face A\/Face B\u00a0\u00bb<\/a> <b>pour faire conna\u00eetre les m\u00e9tiers de la lumi\u00e8re aux jeunes du quartier<\/b>.<b> <\/b>Une volont\u00e9 de transmission, initi\u00e9e par <a href=\"https:\/\/www.espacedjango.eu\/actualite\/chacun-e-sa-route\/\" target=\"_blank\" rel=\"noopener\"><b>Arthur Panafieu<\/b> <b>\u2013 le r\u00e9gisseur lumi\u00e8re de Django <\/b><\/a>. <b>Ancien \u00e9l\u00e8ve d\u00e9crocheur<\/b>, devenu l\u2019un des meilleurs dans son domaine.<\/p>\n<p><b>\u00ab Il leur parle des frissons qu\u2019il a \u00e0 allumer les lumi\u00e8res devant 50 000 personnes \u00e0 la F\u00eate de l\u2019Huma, alors qu\u2019il a \u00e9t\u00e9 seul au fond de la classe \u00e0 pas savoir quelle \u00e9tait sa place \u00bb<\/b>, raconte Stan. Certain(e)s coll\u00e9gien(ne)s insistent m\u00eame pour \u00ab\u00a0venir les soirs de concerts, pour \u00eatre derri\u00e8re la console\u00a0\u00bb.<\/p>\n<p>    <img width=\"400\" height=\"600\" src=\"https:\/\/www.europesays.com\/fr\/wp-content\/uploads\/2025\/07\/france-strasbourg-espace-django-wr-14-sur-140-400x600.jpg\" class=\"attachment-image-size-M size-image-size-M\" alt=\"Espace Django 2025, concert, bureaux, salle, Assistant administration, production, Stanislas Lestage\" decoding=\"async\" loading=\"lazy\"  \/>         Stan \u00e0 son bureau. \u00a9 Wilfried Rion \/ Pokaa <\/p>\n<p>Bref. <b>Si Django c\u2019est 210 jours d\u2019occupation \u00e0 l\u2019ann\u00e9e, et 27 dates<\/b>,<b> c\u2019est aussi : neuf postes serr\u00e9s dans un petit open space et des missions qui d\u00e9bordent<\/b>\u2026<\/p>\n<p>\u00ab Le projet de Django est trop gros pour l\u2019espace qu\u2019il a \u00bb,\u00a0nous explique Stan. Une belle conclusion \u00e0 cet article, dont le sujet \u00e9tait finalement trop gros aussi, pour l\u2019espace qu\u2019il avait.<\/p>\n<p>On retiendra surtout de cette grande \u00ab\u00a0maison\u00a0\u00bb, <b>sa chaleureuse \u00e9quipe que l\u2019on remercie pour l\u2019accueil<\/b>. On reviendra la saison prochaine, c\u2019est certain.<\/p>\n<p>                <img width=\"750\" height=\"500\" src=\"https:\/\/www.europesays.com\/fr\/wp-content\/uploads\/2025\/07\/france-strasbourg-espace-django-wr-35-sur-140-750x500.jpg\" class=\"attachment-gallery size-gallery\" alt=\"Espace Django 2025, coulisses, concert, salle, ambiance, lumi\u00e8res, r\u00e9gis, techniciens, consoles, retour, enceinte, local, cables\" data-full-url=\"https:\/\/pokaa.fr\/wp-content\/uploads\/2025\/07\/15\/france-strasbourg-espace-django-wr-35-sur-140.jpg\" decoding=\"async\" loading=\"lazy\"  \/>            <\/p>\n<p>                <img width=\"750\" height=\"500\" src=\"https:\/\/www.europesays.com\/fr\/wp-content\/uploads\/2025\/07\/france-strasbourg-espace-django-wr-67-sur-140-750x500.jpg\" class=\"attachment-gallery size-gallery\" alt=\"Espace Django 2025, sc\u00e8ne, concert, salle, lumi\u00e8res, handicape, sourd, groupe, chansigne, Charg\u00e9 de m\u00e9diation, Baya Ndongui\" data-full-url=\"https:\/\/pokaa.fr\/wp-content\/uploads\/2025\/07\/15\/france-strasbourg-espace-django-wr-67-sur-140.jpg\" decoding=\"async\" loading=\"lazy\"  \/>            <\/p>\n<p>                <img width=\"750\" height=\"500\" src=\"https:\/\/www.europesays.com\/fr\/wp-content\/uploads\/2025\/07\/france-strasbourg-espace-django-wr-18-sur-140-750x500.jpg\" class=\"attachment-gallery size-gallery\" alt=\"Espace Django 2025, concert, salle, sc\u00e8nes, ambiance, lumi\u00e8res, r\u00e9gis, techniciens, Assistant administration, production, Stanislas Lestage\" data-full-url=\"https:\/\/pokaa.fr\/wp-content\/uploads\/2025\/07\/15\/france-strasbourg-espace-django-wr-18-sur-140.jpg\" decoding=\"async\" loading=\"lazy\"  \/>            <\/p>\n<p>                    \u00a9 Wilfried Rion \/ Pokaa<\/p>\n<p>    <img width=\"800\" height=\"533\" src=\"https:\/\/www.europesays.com\/fr\/wp-content\/uploads\/2025\/07\/france-strasbourg-espace-django-wr-13-sur-140-800x533.jpg\" class=\"attachment-image-size-L size-image-size-L\" alt=\"Espace Django 2025, concert, bureaux, salle, Assistant administration, production, Stanislas Lestage, Co-directeur, Programmation, Beno\u00eet Van Kote, Co-directeur, Action culturelle, Mourad Mabrouki\" decoding=\"async\" loading=\"lazy\"  \/>         L&rsquo;open space de l&rsquo;Espace Django, \u00e0 l&rsquo;\u00e9tage (avec de gauche \u00e0 droite : Stan, Ben et Mourad). \u00a9 Wilfried Rion \/ Pokaa <\/p>\n<p>            Espace Django<\/p>\n<p>            Quoi ?<br \/>\n            Espace culturel        <\/p>\n<p>            o\u00f9 ?<br \/>\n            4 impasse Kiefer, \u00e0 Strasbourg        <\/p>\n<p>                Plus d&rsquo;infos ?<\/p>\n<p><a href=\"https:\/\/www.espacedjango.eu\/\" target=\"_blank\" rel=\"noopener\">Le site web<\/a><br \/><a href=\"https:\/\/www.facebook.com\/DjangoReinhardtStrasbourg\/?fref=ts\" target=\"_blank\" rel=\"noopener\">La page Facebook<\/a><br \/><a href=\"https:\/\/www.instagram.com\/espace_django\/\" target=\"_blank\" rel=\"noopener\">La page Instagram<\/a><\/p>\n<p><script async src=\"\/\/www.instagram.com\/embed.js\"><\/script><\/p>\n","protected":false},"excerpt":{"rendered":"\u00ab\u00a0Un lieu qui met l\u2019humain en son centre\u00a0\u00bb, nous dira-t-on plusieurs fois ce jour-l\u00e0. L\u2019Espace Django, un peu&hellip;\n","protected":false},"author":2,"featured_media":275260,"comment_status":"","ping_status":"","sticky":false,"template":"","format":"standard","meta":{"footnotes":""},"categories":[2820],"tags":[1111,11,41467,1697,3934,251,12085,1777,674,1011,27,775,873,41468,12,9026,25,640],"class_list":{"0":"post-275259","1":"post","2":"type-post","3":"status-publish","4":"format-standard","5":"has-post-thumbnail","7":"category-strasbourg","8":"tag-actu","9":"tag-actualites","10":"tag-clement-visage","11":"tag-concert","12":"tag-coulisses","13":"tag-culture","14":"tag-espace-django","15":"tag-eu","16":"tag-europe","17":"tag-fr","18":"tag-france","19":"tag-grand-est","20":"tag-musique","21":"tag-neuhof","22":"tag-news","23":"tag-portrait","24":"tag-republique-francaise","25":"tag-strasbourg"},"share_on_mastodon":{"url":"https:\/\/pubeurope.com\/@fr\/114919745151896493","error":""},"_links":{"self":[{"href":"https:\/\/www.europesays.com\/fr\/wp-json\/wp\/v2\/posts\/275259","targetHints":{"allow":["GET"]}}],"collection":[{"href":"https:\/\/www.europesays.com\/fr\/wp-json\/wp\/v2\/posts"}],"about":[{"href":"https:\/\/www.europesays.com\/fr\/wp-json\/wp\/v2\/types\/post"}],"author":[{"embeddable":true,"href":"https:\/\/www.europesays.com\/fr\/wp-json\/wp\/v2\/users\/2"}],"replies":[{"embeddable":true,"href":"https:\/\/www.europesays.com\/fr\/wp-json\/wp\/v2\/comments?post=275259"}],"version-history":[{"count":0,"href":"https:\/\/www.europesays.com\/fr\/wp-json\/wp\/v2\/posts\/275259\/revisions"}],"wp:featuredmedia":[{"embeddable":true,"href":"https:\/\/www.europesays.com\/fr\/wp-json\/wp\/v2\/media\/275260"}],"wp:attachment":[{"href":"https:\/\/www.europesays.com\/fr\/wp-json\/wp\/v2\/media?parent=275259"}],"wp:term":[{"taxonomy":"category","embeddable":true,"href":"https:\/\/www.europesays.com\/fr\/wp-json\/wp\/v2\/categories?post=275259"},{"taxonomy":"post_tag","embeddable":true,"href":"https:\/\/www.europesays.com\/fr\/wp-json\/wp\/v2\/tags?post=275259"}],"curies":[{"name":"wp","href":"https:\/\/api.w.org\/{rel}","templated":true}]}}