{"id":275263,"date":"2025-07-26T13:22:12","date_gmt":"2025-07-26T13:22:12","guid":{"rendered":"https:\/\/www.europesays.com\/fr\/275263\/"},"modified":"2025-07-26T13:22:12","modified_gmt":"2025-07-26T13:22:12","slug":"njf-ce-soir-mc-bride-dans-les-habits-de-ray-brown","status":"publish","type":"post","link":"https:\/\/www.europesays.com\/fr\/275263\/","title":{"rendered":"NJF : ce soir, Mc Bride dans les habits de Ray Brown !"},"content":{"rendered":"<p>                    <img loading=\"lazy\" decoding=\"async\" src=\"https:\/\/www.europesays.com\/fr\/wp-content\/uploads\/2025\/07\/9c1a21fbb4eb3c7796fca1db7f8818.png\" class=\"img-responsive post-image\" width=\"680\" height=\"510\" alt=\"NJF : ce soir, Mc Bride\" title=\"NJF : ce soir, Mc Bride dans les habits de Ray Brown !\"\/><\/p>\n<p class=\"chapo\">Il faut bien un g\u00e9ant pour c\u00e9l\u00e9brer un autre g\u00e9ant. Le bassiste et compositeur Christian Mc Bride (neuf Grammy au compteur jazz, R&amp;B, pop\/rock, hip-hop\/n\u00e9o- soul et musique classique) s\u2019attaque ce soir au th\u00e9\u00e2tre de Verdure (21h45) au r\u00e9pertoire foisonnant de Ray Brown avec ses deux complices, Benny Green au piano et Greg Hutchinton aux drums.<\/p>\n<p>Son immense culture musicale lui permet de revisiter le monument Brown qui joua avec Dizzie Gillepsie, Charlie Parker, Bud Powell Max Roach, Quincy Jones et bien s\u00fbr Oscar Peterson qui fut pour lui un long compagnon de route au sein du trio de ce dernier. Ces collaborations ne l\u2019emp\u00each\u00e8rent pas de d\u00e9velopper sa carri\u00e8re de leader et l\u2019on trouve dans sa discographie quantit\u00e9 d\u2019albums qui t\u00e9moignent de son \u00e9clectisme. Il fut aussi un temps le mari d\u2019une certaine <strong>Ella Fitzgerald<\/strong>. Autant d\u2019influences puis\u00e9es \u00e0 la meilleure source. Il taquina aussi la trompette, le violoncelle et la basse \u00e9lectrique en plus de \u00ab\u00a0la grand m\u00e8re\u00a0\u00bb contrebasse qui fut son instrument de pr\u00e9dilection, avec laquelle il visita notamment le bebop et le hardbop..<\/p>\n<p>Plus d\u2019une corde \u00e0 son instrument<\/p>\n<p><strong>Pas de quoi effrayer Mc Bride, d\u00e9j\u00e0 venu \u00e0 plusieurs reprises \u00e0 Nice, qui se mettra au service de son a\u00een\u00e9.<br class=\"autobr\"\/><br \/>\n<\/strong><br class=\"autobr\"\/><br \/>\nIssu d\u2019un milieu musical, ayant suivi une solide formation classique qui le mena jusqu\u2019\u00e0 la prestigieuse Juilliard Scholl de Ney York, Mc Bride est devenu l\u2019un des poids lourds de la sc\u00e8ne jazz d\u2019aujourd\u2019hui. Comme instrumentiste aux c\u00f4t\u00e9s de <strong>Diana Krall, Herbie Hancock, Freddie Hubbard, Chick Corea, Joe Handerson<\/strong> et bien d\u2019autres, mais aussi sur des sc\u00e8nes pop et soul avec<strong> James Brown, Pat Metheny et Sting<\/strong>. Il a cr\u00e9\u00e9 son propre groupe qui \u00e9volue entre jazz acoustique, post bebop, fusion et funk. Autant dire qu\u2019il a plus d\u2019une corde \u00e0 son instrument\u2026<br class=\"autobr\"\/><br \/>\nNul doute qu\u2019il regarde d\u2019un \u0153il (et d\u2019une oreille) int\u00e9ress\u00e9 ce Nice Jazz Fest\u2019 2025 car il est devenu il y a une dizaine d\u2019ann\u00e9es le directeur artistique du prestigieux Newport Jazz Festival cr\u00e9\u00e9 par <strong>George Wein <\/strong> qui fut le boss de La Grande Parade du Jazz de Nice. L\u2019histoire est un \u00e9ternel recommencement\u2026<\/p>\n<p><strong>Un autre concert \u00e0 signaler<\/strong>\u00a0: celui des Cookers, un septet de garnements d\u2019un certain \u00e2ge si ce n\u2019est d\u2019un \u00e2ge certain, qui \u00ab\u00a0envoient\u00a0\u00bb du lourd en offrant le meilleur du post-bop de leur adolescence. Ils \u00e9criront une page d\u2019histoire ce soir \u00e0 partir de 23 heures au th\u00e9\u00e2tre de Verdure.<\/p>\n<p>Lire aussi\u00a0: <a href=\"https:\/\/www.petitesaffiches.fr\/culture,106\/nice-jazz-fest-la-fievre-du,36596.html\" rel=\"nofollow noopener\" target=\"_blank\">Nice Jazz Fest\u00a0: la fi\u00e8vre du vendredi soir&#8230;<\/a><br class=\"autobr\"\/><\/p>\n","protected":false},"excerpt":{"rendered":"Il faut bien un g\u00e9ant pour c\u00e9l\u00e9brer un autre g\u00e9ant. Le bassiste et compositeur Christian Mc Bride (neuf&hellip;\n","protected":false},"author":2,"featured_media":275264,"comment_status":"","ping_status":"","sticky":false,"template":"","format":"standard","meta":{"footnotes":""},"categories":[2819],"tags":[1111,11,2408,1777,674,1011,27,12,2401,882,25],"class_list":{"0":"post-275263","1":"post","2":"type-post","3":"status-publish","4":"format-standard","5":"has-post-thumbnail","7":"category-nice","8":"tag-actu","9":"tag-actualites","10":"tag-appels-d","11":"tag-eu","12":"tag-europe","13":"tag-fr","14":"tag-france","15":"tag-news","16":"tag-nice","17":"tag-provence-alpes-cote-dazur","18":"tag-republique-francaise"},"share_on_mastodon":{"url":"https:\/\/pubeurope.com\/@fr\/114919751411055481","error":""},"_links":{"self":[{"href":"https:\/\/www.europesays.com\/fr\/wp-json\/wp\/v2\/posts\/275263","targetHints":{"allow":["GET"]}}],"collection":[{"href":"https:\/\/www.europesays.com\/fr\/wp-json\/wp\/v2\/posts"}],"about":[{"href":"https:\/\/www.europesays.com\/fr\/wp-json\/wp\/v2\/types\/post"}],"author":[{"embeddable":true,"href":"https:\/\/www.europesays.com\/fr\/wp-json\/wp\/v2\/users\/2"}],"replies":[{"embeddable":true,"href":"https:\/\/www.europesays.com\/fr\/wp-json\/wp\/v2\/comments?post=275263"}],"version-history":[{"count":0,"href":"https:\/\/www.europesays.com\/fr\/wp-json\/wp\/v2\/posts\/275263\/revisions"}],"wp:featuredmedia":[{"embeddable":true,"href":"https:\/\/www.europesays.com\/fr\/wp-json\/wp\/v2\/media\/275264"}],"wp:attachment":[{"href":"https:\/\/www.europesays.com\/fr\/wp-json\/wp\/v2\/media?parent=275263"}],"wp:term":[{"taxonomy":"category","embeddable":true,"href":"https:\/\/www.europesays.com\/fr\/wp-json\/wp\/v2\/categories?post=275263"},{"taxonomy":"post_tag","embeddable":true,"href":"https:\/\/www.europesays.com\/fr\/wp-json\/wp\/v2\/tags?post=275263"}],"curies":[{"name":"wp","href":"https:\/\/api.w.org\/{rel}","templated":true}]}}