{"id":275267,"date":"2025-07-26T13:24:29","date_gmt":"2025-07-26T13:24:29","guid":{"rendered":"https:\/\/www.europesays.com\/fr\/275267\/"},"modified":"2025-07-26T13:24:29","modified_gmt":"2025-07-26T13:24:29","slug":"juillet-neuf-tues-sur-les-routes-departementales","status":"publish","type":"post","link":"https:\/\/www.europesays.com\/fr\/275267\/","title":{"rendered":"Juillet\u00a0: neuf\u00a0tu\u00e9s sur les routes d\u00e9partementales"},"content":{"rendered":"<p>L\u2019op\u00e9ration de s\u00e9curit\u00e9 routi\u00e8re venait \u00e0 peine de commencer ce jeudi apr\u00e8s-midi qu\u2019un automobiliste a refus\u00e9 de s\u2019arr\u00eater.<\/p>\n<p>Il s\u2019est enfui malgr\u00e9 les policiers qui lui intimaient de s\u2019arr\u00eater. S\u2019il n\u2019a pas \u00e9t\u00e9 interpell\u00e9 dans la foul\u00e9e, le conducteur sera n\u00e9anmoins vite retrouv\u00e9, sa plaque d\u2019immatriculation ayant \u00e9t\u00e9 pass\u00e9e au fichier. <strong> \u00a0La voiture \u00e9tait immobilis\u00e9e en raison de l\u2019absence du dernier contr\u00f4le technique\u00a0\u00bb,<\/strong> notait le commissaire Alexis de Pr\u00e9morel. Autrement dit, il n\u2019avait pas le droit de rouler. Une proc\u00e9dure \u00e0 son encontre a \u00e9t\u00e9 ouverte.<\/p>\n<p>Il y a quasiment autant de morts sur la route que l\u2019ann\u00e9e derni\u00e8re<\/p>\n<p>Dix-sept policiers nationaux, dont trois motocyclistes et six de la police municipale participaient \u00e0 ces contr\u00f4les al\u00e9atoires (tests d\u2019alcool\u00e9mie et de stup\u00e9fiants) au niveau de l\u2019entr\u00e9e de la route de Paris dans Nantes. Certains des automobilistes arr\u00eat\u00e9s \u00e9taient pri\u00e9s de se soumettre \u00e0 un test d\u2019alcool\u00e9mie et de stup\u00e9fiants.<\/p>\n<p>Sur cinquante\u00a0v\u00e9hicules contr\u00f4l\u00e9s par la police, dix-sept contraventions diverses au code de la route ont \u00e9t\u00e9 dress\u00e9es, un d\u00e9faut d\u2019assurance rep\u00e9r\u00e9 et six v\u00e9hicules immobilis\u00e9s. La gendarmerie a contr\u00f4l\u00e9 le passager d\u2019un v\u00e9hicule qui poss\u00e9dait 4, 5\u00a0grammes de MDMA (amph\u00e9tamine) et dress\u00e9 quatre contraventions\u00a0: un non port ceinture, un pneu lisse et deux d\u00e9fauts de contr\u00f4le technique.<\/p>\n<p>L\u2019\u00e9quipe plac\u00e9e sur le p\u00e9riph\u00e9rique pr\u00e8s de la Beaujoire, charg\u00e9e de contr\u00f4ler la vitesse avec des jumelles, n\u2019est pas rest\u00e9e longtemps puisqu\u2019elle a d\u00fb intervenir sur un accident qui s\u2019est produit non loin sur le p\u00e9riph\u00e9rique.<\/p>\n<p>1\u00a0467\u00a0suspensions de permis<\/p>\n<p>Sur place, la directrice du cabinet du pr\u00e9fet des Pays-de-Loire et de Loire-Atlantique, Marie Argouarc\u2019h, en a profit\u00e9 pour encourager et f\u00e9liciter les \u00e9quipes.<\/p>\n<p>\u00a0Depuis d\u00e9but juillet, neuf\u00a0personnes ont \u00e9t\u00e9 tu\u00e9es, ce qui porte \u00e0 vingt-trois\u00a0le nombre de d\u00e9c\u00e8s sur les routes de Loire-Atlantique en 2025.\u00a0 Une situation quasi identique \u00e0 l\u2019an dernier puisque vingt-quatre\u00a0personnes avaient trouv\u00e9 la mort \u00e0 la m\u00eame p\u00e9riode.<\/p>\n<p> <strong> \u00a0Dans 33\u00a0% des accidents, l\u2019alcool est pr\u00e9sent et la vitesse \u00e0 29\u00a0%.\u00a0<\/strong> Depuis le d\u00e9but de l\u2019ann\u00e9e,\u00a0la gendarmerie a r\u00e9alis\u00e9 67\u00a0295\u00a0d\u00e9pistages d\u2019alcool\u00e9mie, aboutissant \u00e0 la constatation de 1\u00a0540\u00a0alcool\u00e9mies\u00a0\u00bb.<\/p>\n<p>De son c\u00f4t\u00e9, la police nationale a constat\u00e9 4\u00a0114\u00a0d\u00e9lits routiers, dont 454\u00a0alcool\u00e9mies et 227\u00a0conduites sous l\u2019usage de stup\u00e9fiants\u00a0\u00bb. Au total,\u00a01\u00a0467\u00a0suspensions de permis ont \u00e9t\u00e9 prononc\u00e9es depuis le 1er\u00a0janvier.<\/p>\n<p>Pr\u00e9vention<\/p>\n<p>Une trentaine de b\u00e9n\u00e9voles, des intervenants d\u00e9partementaux en s\u00e9curit\u00e9 routi\u00e8re se d\u00e9placent \u00a0dans les \u00e9coles et les entreprises, ajoute Marie Helgouarc\u2019h. I ls proposent des exercices ludiques autour de la pr\u00e9vention routi\u00e8re, de la s\u00e9curit\u00e9. Il faut toujours rappeler que celui qui conduit ne boit pas et faire attention aux longs trajets qui fatiguent en ces p\u00e9riodes de vacances\u00a0.<\/p>\n<p>\u00a0<\/p>\n","protected":false},"excerpt":{"rendered":"L\u2019op\u00e9ration de s\u00e9curit\u00e9 routi\u00e8re venait \u00e0 peine de commencer ce jeudi apr\u00e8s-midi qu\u2019un automobiliste a refus\u00e9 de s\u2019arr\u00eater.&hellip;\n","protected":false},"author":2,"featured_media":275268,"comment_status":"","ping_status":"","sticky":false,"template":"","format":"standard","meta":{"footnotes":""},"categories":[2818],"tags":[1111,11,35497,1777,674,1011,27,2868,766,12,2636,25,11616,10470],"class_list":{"0":"post-275267","1":"post","2":"type-post","3":"status-publish","4":"format-standard","5":"has-post-thumbnail","7":"category-nantes","8":"tag-actu","9":"tag-actualites","10":"tag-departementales","11":"tag-eu","12":"tag-europe","13":"tag-fr","14":"tag-france","15":"tag-juillet","16":"tag-nantes","17":"tag-news","18":"tag-pays-de-la-loire","19":"tag-republique-francaise","20":"tag-routes","21":"tag-tues"},"share_on_mastodon":{"url":"https:\/\/pubeurope.com\/@fr\/114919759121282547","error":""},"_links":{"self":[{"href":"https:\/\/www.europesays.com\/fr\/wp-json\/wp\/v2\/posts\/275267","targetHints":{"allow":["GET"]}}],"collection":[{"href":"https:\/\/www.europesays.com\/fr\/wp-json\/wp\/v2\/posts"}],"about":[{"href":"https:\/\/www.europesays.com\/fr\/wp-json\/wp\/v2\/types\/post"}],"author":[{"embeddable":true,"href":"https:\/\/www.europesays.com\/fr\/wp-json\/wp\/v2\/users\/2"}],"replies":[{"embeddable":true,"href":"https:\/\/www.europesays.com\/fr\/wp-json\/wp\/v2\/comments?post=275267"}],"version-history":[{"count":0,"href":"https:\/\/www.europesays.com\/fr\/wp-json\/wp\/v2\/posts\/275267\/revisions"}],"wp:featuredmedia":[{"embeddable":true,"href":"https:\/\/www.europesays.com\/fr\/wp-json\/wp\/v2\/media\/275268"}],"wp:attachment":[{"href":"https:\/\/www.europesays.com\/fr\/wp-json\/wp\/v2\/media?parent=275267"}],"wp:term":[{"taxonomy":"category","embeddable":true,"href":"https:\/\/www.europesays.com\/fr\/wp-json\/wp\/v2\/categories?post=275267"},{"taxonomy":"post_tag","embeddable":true,"href":"https:\/\/www.europesays.com\/fr\/wp-json\/wp\/v2\/tags?post=275267"}],"curies":[{"name":"wp","href":"https:\/\/api.w.org\/{rel}","templated":true}]}}