{"id":275269,"date":"2025-07-26T13:25:11","date_gmt":"2025-07-26T13:25:11","guid":{"rendered":"https:\/\/www.europesays.com\/fr\/275269\/"},"modified":"2025-07-26T13:25:11","modified_gmt":"2025-07-26T13:25:11","slug":"un-trentenaire-blesse-et-heliporte-apres-un-accident-grave-au-sud-de-nantes","status":"publish","type":"post","link":"https:\/\/www.europesays.com\/fr\/275269\/","title":{"rendered":"Un trentenaire bless\u00e9 et h\u00e9liport\u00e9 apr\u00e8s un accident grave au sud de Nantes"},"content":{"rendered":"<p>Selon les sapeurs-pompiers, la grande vitesse a provoqu\u00e9 un choc brutal. Un homme de 35\u00a0ans a \u00e9t\u00e9 pris en charge par les secours apr\u00e8s un accident survenu peu apr\u00e8s 6\u00a0h\u00a030 ce samedi 26\u00a0juillet, sur la route d\u00e9partementale 73, au lieu-dit la Grande talonni\u00e8re, sur le territoire de la commune de Paulx, au sud de Nantes.<\/p>\n<p>Pris en charge par le Smur<\/p>\n<p>Lors de leur intervention, les pompiers ont second\u00e9 les m\u00e9decins du service mobile d\u2019urgences et de r\u00e9animation (Smur), arriv\u00e9 en h\u00e9licopt\u00e8re. La victime a \u00e9t\u00e9 prise en charge et h\u00e9liport\u00e9e vers le CHU de Nantes. Nous ignorons, \u00e0 ce stade, le degr\u00e9 de gravit\u00e9 de ses blessures.<\/p>\n<p>\u00a0<\/p>\n","protected":false},"excerpt":{"rendered":"Selon les sapeurs-pompiers, la grande vitesse a provoqu\u00e9 un choc brutal. Un homme de 35\u00a0ans a \u00e9t\u00e9 pris&hellip;\n","protected":false},"author":2,"featured_media":275270,"comment_status":"","ping_status":"","sticky":false,"template":"","format":"standard","meta":{"footnotes":""},"categories":[2818],"tags":[119,1111,11,3916,1777,674,1011,27,16871,4308,766,12,2636,25,7053,19841],"class_list":{"0":"post-275269","1":"post","2":"type-post","3":"status-publish","4":"format-standard","5":"has-post-thumbnail","7":"category-nantes","8":"tag-accident","9":"tag-actu","10":"tag-actualites","11":"tag-blesse","12":"tag-eu","13":"tag-europe","14":"tag-fr","15":"tag-france","16":"tag-grave","17":"tag-heliporte","18":"tag-nantes","19":"tag-news","20":"tag-pays-de-la-loire","21":"tag-republique-francaise","22":"tag-sud","23":"tag-trentenaire"},"share_on_mastodon":{"url":"https:\/\/pubeurope.com\/@fr\/114919762962319140","error":""},"_links":{"self":[{"href":"https:\/\/www.europesays.com\/fr\/wp-json\/wp\/v2\/posts\/275269","targetHints":{"allow":["GET"]}}],"collection":[{"href":"https:\/\/www.europesays.com\/fr\/wp-json\/wp\/v2\/posts"}],"about":[{"href":"https:\/\/www.europesays.com\/fr\/wp-json\/wp\/v2\/types\/post"}],"author":[{"embeddable":true,"href":"https:\/\/www.europesays.com\/fr\/wp-json\/wp\/v2\/users\/2"}],"replies":[{"embeddable":true,"href":"https:\/\/www.europesays.com\/fr\/wp-json\/wp\/v2\/comments?post=275269"}],"version-history":[{"count":0,"href":"https:\/\/www.europesays.com\/fr\/wp-json\/wp\/v2\/posts\/275269\/revisions"}],"wp:featuredmedia":[{"embeddable":true,"href":"https:\/\/www.europesays.com\/fr\/wp-json\/wp\/v2\/media\/275270"}],"wp:attachment":[{"href":"https:\/\/www.europesays.com\/fr\/wp-json\/wp\/v2\/media?parent=275269"}],"wp:term":[{"taxonomy":"category","embeddable":true,"href":"https:\/\/www.europesays.com\/fr\/wp-json\/wp\/v2\/categories?post=275269"},{"taxonomy":"post_tag","embeddable":true,"href":"https:\/\/www.europesays.com\/fr\/wp-json\/wp\/v2\/tags?post=275269"}],"curies":[{"name":"wp","href":"https:\/\/api.w.org\/{rel}","templated":true}]}}