{"id":275275,"date":"2025-07-26T13:29:12","date_gmt":"2025-07-26T13:29:12","guid":{"rendered":"https:\/\/www.europesays.com\/fr\/275275\/"},"modified":"2025-07-26T13:29:12","modified_gmt":"2025-07-26T13:29:12","slug":"la-justice-reconnait-lindignite-des-conditions-de-detention-a-la-prison-de-seysses","status":"publish","type":"post","link":"https:\/\/www.europesays.com\/fr\/275275\/","title":{"rendered":"La justice reconna\u00eet \u00ab l\u2019indignit\u00e9 des conditions de d\u00e9tention \u00bb \u00e0 la prison de Seysses"},"content":{"rendered":"<p><strong>incarc\u00e9ration &#8211; Le juge des r\u00e9f\u00e9r\u00e9s, saisi par l\u2019Observatoire international des prisons, \u00ab\u00a0enjoint l\u2019\u00c9tat de prendre 12 mesures concr\u00e8tes et imm\u00e9diates\u00a0\u00bb, parmi lesquelles \u00ab\u00a0la protection des personnes vuln\u00e9rables, l\u2019am\u00e9lioration de l\u2019hygi\u00e8ne et de la propret\u00e9\u00a0\u00bb<\/strong><\/p>\n<p>C\u2019est une \u00ab\u00a0victoire juridique\u00a0\u00bb pour l\u2019Observatoire international des prisons (OIP). Le juge des r\u00e9f\u00e9r\u00e9s du tribunal administratif de <a href=\"https:\/\/www.20minutes.fr\/toulouse\/?at_medium=RSS%20feed&amp;at_campaign=ynews&amp;utm_source=yahoo&amp;utm_medium=rss&amp;utm_campaign=news_feed&amp;utm_content=in_article_link\" rel=\"nofollow noopener\" target=\"_blank\" data-ylk=\"slk:Toulouse;elm:context_link;itc:0;sec:content-canvas\" class=\"link \">Toulouse <\/a>a reconnu \u00ab\u00a0l\u2019indignit\u00e9 des conditions de d\u00e9tention\u00a0\u00bb au centre p\u00e9nitentiaire de Toulouse-Seysses apr\u00e8s avoir \u00e9t\u00e9 saisi par la branche fran\u00e7aise de l\u2019OIP, a indiqu\u00e9 l\u2019organisation ce samedi.<\/p>\n<p>Dans sa d\u00e9cision, rendue vendredi, le juge des r\u00e9f\u00e9r\u00e9s \u00ab\u00a0enjoint l\u2019\u00c9tat de prendre 12 mesures concr\u00e8tes et imm\u00e9diates\u00a0\u00bb, parmi lesquelles \u00ab\u00a0la protection des personnes vuln\u00e9rables, l\u2019am\u00e9lioration de l\u2019hygi\u00e8ne et de la propret\u00e9\u00a0\u00bb ou encore \u00ab\u00a0la r\u00e9paration des \u00e9quipements essentiels\u00a0\u00bb, pr\u00e9cise l\u2019<a href=\"https:\/\/www.20minutes.fr\/dossier\/oip?at_medium=RSS%20feed&amp;at_campaign=ynews&amp;utm_source=yahoo&amp;utm_medium=rss&amp;utm_campaign=news_feed&amp;utm_content=in_article_link\" rel=\"nofollow noopener\" target=\"_blank\" data-ylk=\"slk:OIP;elm:context_link;itc:0;sec:content-canvas\" class=\"link \">OIP<\/a> dans un communiqu\u00e9.<\/p>\n<p>\u00ab\u00a0Un signal fort\u00a0\u00bb<\/p>\n<p>\u00ab\u00a0Cette victoire juridique est un signal fort\u00a0: face aux atteintes graves et structurelles aux droits fondamentaux, le droit reste un levier de protection\u00a0\u00bb, ajoute l\u2019OIP. Un rapport du Contr\u00f4leur g\u00e9n\u00e9ral des lieux de privation de libert\u00e9 (CGLPL), datant du 4\u00a0juillet, avait une nouvelle fois alert\u00e9 sur la situation dans cet \u00e9tablissement, marqu\u00e9e par une <a href=\"https:\/\/www.20minutes.fr\/dossier\/surpopulation_carcerale?at_medium=RSS%20feed&amp;at_campaign=ynews&amp;utm_source=yahoo&amp;utm_medium=rss&amp;utm_campaign=news_feed&amp;utm_content=in_article_link\" rel=\"nofollow noopener\" target=\"_blank\" data-ylk=\"slk:surpopulation;elm:context_link;itc:0;sec:content-canvas\" class=\"link \">surpopulation<\/a> end\u00e9mique et des conditions sanitaires probl\u00e9matiques.<\/p>\n<p>\u00ab\u00a0Alors que cette alerte n\u2019a suscit\u00e9 aucune r\u00e9action de la part du ministre de la Justice, la section fran\u00e7aise de l\u2019Observatoire international des prisons et l\u2019A3D [association d\u2019avocats pour la d\u00e9fense des droits des d\u00e9tenus] ont saisi le juge des r\u00e9f\u00e9r\u00e9s du tribunal administratif de Toulouse\u00a0\u00bb, avaient indiqu\u00e9 ces organisations le 16\u00a0juillet, d\u00e9non\u00e7ant des \u00ab\u00a0conditions de d\u00e9tention inhumaines (&#8230;)<\/p>\n<p><a href=\"https:\/\/www.20minutes.fr\/societe\/4165425-20250726-toulouse-justice-reconnait-indignite-conditions-detention-prison-seysses?at_medium=RSS%20feed&amp;at_campaign=ynews&amp;utm_source=yahoo&amp;utm_medium=rss&amp;utm_campaign=news_feed&amp;utm_content=read_more_link&quot;\" rel=\"nofollow noopener\" target=\"_blank\" data-ylk=\"slk:Lire la suite sur 20minutes;elm:context_link;itc:0;sec:content-canvas\" class=\"link \">Lire la suite sur 20minutes<\/a><\/p>\n<p>\u00c0 lire aussi :<br \/><a href=\"https:\/\/www.20minutes.fr\/lille\/4164648-20250721-conditions-detention-contraires-dignite-redoine-faid-assouplies?at_medium=RSS%20feed&amp;at_campaign=ynews&amp;utm_source=yahoo&amp;utm_medium=rss&amp;utm_campaign=news_feed&amp;utm_content=related_content_link\" rel=\"nofollow noopener\" target=\"_blank\" data-ylk=\"slk:Les conditions de d\u00e9tention de R\u00e9doine Fa\u00efd, \u00ab\u00a0contraires \u00e0 la dignit\u00e9\u00a0\u00bb, seront assouplies;elm:context_link;itc:0;sec:content-canvas\" class=\"link \">Les conditions de d\u00e9tention de R\u00e9doine Fa\u00efd, \u00ab\u00a0contraires \u00e0 la dignit\u00e9\u00a0\u00bb, seront assouplies<\/a><br \/><a href=\"https:\/\/www.20minutes.fr\/societe\/4154994-20250522-operation-prison-break-permis-saisie-164-telephones-detention?at_medium=RSS%20feed&amp;at_campaign=ynews&amp;utm_source=yahoo&amp;utm_medium=rss&amp;utm_campaign=news_feed&amp;utm_content=related_content_link\" rel=\"nofollow noopener\" target=\"_blank\" data-ylk=\"slk:L\u2019op\u00e9ration \u00ab\u00a0Prison break\u00a0\u00bb a permis la saisie de 164 t\u00e9l\u00e9phones en d\u00e9tention;elm:context_link;itc:0;sec:content-canvas\" class=\"link \">L\u2019op\u00e9ration \u00ab\u00a0Prison break\u00a0\u00bb a permis la saisie de 164 t\u00e9l\u00e9phones en d\u00e9tention<\/a><\/p>\n","protected":false},"excerpt":{"rendered":"incarc\u00e9ration &#8211; Le juge des r\u00e9f\u00e9r\u00e9s, saisi par l\u2019Observatoire international des prisons, \u00ab\u00a0enjoint l\u2019\u00c9tat de prendre 12 mesures&hellip;\n","protected":false},"author":2,"featured_media":275276,"comment_status":"","ping_status":"","sticky":false,"template":"","format":"standard","meta":{"footnotes":""},"categories":[2816],"tags":[1111,11,32459,41470,1777,674,1011,27,19736,4145,12,2680,41471,41469,25,2312],"class_list":{"0":"post-275275","1":"post","2":"type-post","3":"status-publish","4":"format-standard","5":"has-post-thumbnail","7":"category-toulouse","8":"tag-actu","9":"tag-actualites","10":"tag-conditions-de-detention","11":"tag-droits-des-detenus","12":"tag-eu","13":"tag-europe","14":"tag-fr","15":"tag-france","16":"tag-juge-des-referes","17":"tag-ministre-de-la-justice","18":"tag-news","19":"tag-occitanie","20":"tag-oip","21":"tag-protection-des-personnes","22":"tag-republique-francaise","23":"tag-toulouse"},"share_on_mastodon":{"url":"https:\/\/pubeurope.com\/@fr\/114919778758880862","error":""},"_links":{"self":[{"href":"https:\/\/www.europesays.com\/fr\/wp-json\/wp\/v2\/posts\/275275","targetHints":{"allow":["GET"]}}],"collection":[{"href":"https:\/\/www.europesays.com\/fr\/wp-json\/wp\/v2\/posts"}],"about":[{"href":"https:\/\/www.europesays.com\/fr\/wp-json\/wp\/v2\/types\/post"}],"author":[{"embeddable":true,"href":"https:\/\/www.europesays.com\/fr\/wp-json\/wp\/v2\/users\/2"}],"replies":[{"embeddable":true,"href":"https:\/\/www.europesays.com\/fr\/wp-json\/wp\/v2\/comments?post=275275"}],"version-history":[{"count":0,"href":"https:\/\/www.europesays.com\/fr\/wp-json\/wp\/v2\/posts\/275275\/revisions"}],"wp:featuredmedia":[{"embeddable":true,"href":"https:\/\/www.europesays.com\/fr\/wp-json\/wp\/v2\/media\/275276"}],"wp:attachment":[{"href":"https:\/\/www.europesays.com\/fr\/wp-json\/wp\/v2\/media?parent=275275"}],"wp:term":[{"taxonomy":"category","embeddable":true,"href":"https:\/\/www.europesays.com\/fr\/wp-json\/wp\/v2\/categories?post=275275"},{"taxonomy":"post_tag","embeddable":true,"href":"https:\/\/www.europesays.com\/fr\/wp-json\/wp\/v2\/tags?post=275275"}],"curies":[{"name":"wp","href":"https:\/\/api.w.org\/{rel}","templated":true}]}}