{"id":275277,"date":"2025-07-26T13:30:19","date_gmt":"2025-07-26T13:30:19","guid":{"rendered":"https:\/\/www.europesays.com\/fr\/275277\/"},"modified":"2025-07-26T13:30:19","modified_gmt":"2025-07-26T13:30:19","slug":"roubaix-express-une-aventure-culturelle-et-sportive-pour-les-enfants-roubaisiens","status":"publish","type":"post","link":"https:\/\/www.europesays.com\/fr\/275277\/","title":{"rendered":"Roubaix Express : une aventure culturelle et sportive pour les enfants roubaisiens"},"content":{"rendered":"<p class=\"introduction\">Les enfants des centres de loisirs de Roubaix ont particip\u00e9 \u00e0 une course pas comme les autres \u00e0 travers notre ville. Inspir\u00e9 de l\u2019\u00e9mission P\u00e9kin Express, le projet Roubaix Express 2025 leur a propos\u00e9 une grande aventure collective m\u00ealant \u00e9nigmes, d\u00e9fis sportifs, \u00e9preuves culturelles et exploration du patrimoine local.<\/p>\n<p>Le d\u00e9part de ce challenge itin\u00e9rant pour les 10\/11 ans, s\u2019est fait depuis l\u2019H\u00f4tel de Ville et, \u00e0 chaque \u00e9tape, une nouvelle mission les attendait : d\u00e9fis sportifs, \u00e9nigmes historiques, jeux d\u2019orientation\u2026 L\u2019objectif : renforcer l\u2019esprit d\u2019\u00e9quipe, l\u2019autonomie, l\u2019entraide et la curiosit\u00e9 culturelle des jeunes participants.<\/p>\n<p>La premi\u00e8re journ\u00e9e s\u2019est termin\u00e9e par une nuit dans trois centres de loisirs partenaires (Aubrac, Camus et Anatole France). Le lendemain, l\u2019arriv\u00e9e festive \u00e9tait localis\u00e9e au Stab V\u00e9lodrome, o\u00f9 des animations et des gradins ont permis aux autres enfants, familles et \u00e9quipes d\u2019encourager les participants.<\/p>\n<p>Cl\u00f4ture en beaut\u00e9 le 24 juillet<\/p>\n<p>Une c\u00e9r\u00e9monie de cl\u00f4ture a eu lieu le 24 juillet \u00e0 Anatole France, avec remise des prix par tranches d\u2019\u00e2ges tout au long de la journ\u00e9e, pour valoriser les efforts et la progression de tous les jeunes aventuriers.<\/p>\n<p>Roubaix Express, ce fut bien plus qu\u2019un jeu : une fa\u00e7on originale de tisser des liens entre les enfants des diff\u00e9rents centres de loisirs, de s\u2019approprier le territoire, et de d\u00e9couvrir la richesse patrimoniale et culturelle de Roubaix en s\u2019amusant.<\/p>\n<p>Cr\u00e9dit Photos : Service Jeunesse \/ Lucas Demoor, service Communication , ville de Roubaix<\/p>\n","protected":false},"excerpt":{"rendered":"Les enfants des centres de loisirs de Roubaix ont particip\u00e9 \u00e0 une course pas comme les autres \u00e0&hellip;\n","protected":false},"author":2,"featured_media":275278,"comment_status":"","ping_status":"","sticky":false,"template":"","format":"standard","meta":{"footnotes":""},"categories":[2815],"tags":[1111,11,41472,17545,1777,674,1011,27,13634,811,4075,1307,12,25],"class_list":{"0":"post-275277","1":"post","2":"type-post","3":"status-publish","4":"format-standard","5":"has-post-thumbnail","7":"category-lille","8":"tag-actu","9":"tag-actualites","10":"tag-centre-de-loisirs","11":"tag-ete-2025","12":"tag-eu","13":"tag-europe","14":"tag-fr","15":"tag-france","16":"tag-grandes-vacances","17":"tag-hauts-de-france","18":"tag-jeunesse","19":"tag-lille","20":"tag-news","21":"tag-republique-francaise"},"share_on_mastodon":{"url":"https:\/\/pubeurope.com\/@fr\/114919782740538822","error":""},"_links":{"self":[{"href":"https:\/\/www.europesays.com\/fr\/wp-json\/wp\/v2\/posts\/275277","targetHints":{"allow":["GET"]}}],"collection":[{"href":"https:\/\/www.europesays.com\/fr\/wp-json\/wp\/v2\/posts"}],"about":[{"href":"https:\/\/www.europesays.com\/fr\/wp-json\/wp\/v2\/types\/post"}],"author":[{"embeddable":true,"href":"https:\/\/www.europesays.com\/fr\/wp-json\/wp\/v2\/users\/2"}],"replies":[{"embeddable":true,"href":"https:\/\/www.europesays.com\/fr\/wp-json\/wp\/v2\/comments?post=275277"}],"version-history":[{"count":0,"href":"https:\/\/www.europesays.com\/fr\/wp-json\/wp\/v2\/posts\/275277\/revisions"}],"wp:featuredmedia":[{"embeddable":true,"href":"https:\/\/www.europesays.com\/fr\/wp-json\/wp\/v2\/media\/275278"}],"wp:attachment":[{"href":"https:\/\/www.europesays.com\/fr\/wp-json\/wp\/v2\/media?parent=275277"}],"wp:term":[{"taxonomy":"category","embeddable":true,"href":"https:\/\/www.europesays.com\/fr\/wp-json\/wp\/v2\/categories?post=275277"},{"taxonomy":"post_tag","embeddable":true,"href":"https:\/\/www.europesays.com\/fr\/wp-json\/wp\/v2\/tags?post=275277"}],"curies":[{"name":"wp","href":"https:\/\/api.w.org\/{rel}","templated":true}]}}