{"id":275284,"date":"2025-07-26T13:34:10","date_gmt":"2025-07-26T13:34:10","guid":{"rendered":"https:\/\/www.europesays.com\/fr\/275284\/"},"modified":"2025-07-26T13:34:10","modified_gmt":"2025-07-26T13:34:10","slug":"un-restaurant-indien-contraint-de-fermer-pres-de-lyon","status":"publish","type":"post","link":"https:\/\/www.europesays.com\/fr\/275284\/","title":{"rendered":"un restaurant indien contraint de fermer pr\u00e8s de Lyon"},"content":{"rendered":"<p itemprop=\"description\"><strong><br \/>&#13;<br \/>\nUn contr\u00f4le sanitaire a conduit \u00e0 une d\u00e9cision radicale \u00e0 Givors.<br \/>&#13;<br \/>\n<\/strong><\/p>\n<p>La pr\u00e9f\u00e8te du Rh\u00f4ne a ordonn\u00e9 la fermeture administrative du restaurant\u00a0Village Indien, situ\u00e9 rue Jean Ligonnet \u00e0 Givors, apr\u00e8s la constatation de \u00ab\u00a0manquements graves aux r\u00e8gles d\u2019hygi\u00e8ne\u00a0\u00bb lors d\u2019un contr\u00f4le men\u00e9 par la direction d\u00e9partementale de la protection des populations (DDPP).<\/p>\n<p>\u00a0<\/p>\n<p>Selon les services de l\u2019\u00c9tat, plusieurs anomalies ont \u00e9t\u00e9 relev\u00e9es dans l\u2019\u00e9tablissement, notamment un d\u00e9faut de maintenance et de nettoyage des locaux, des denr\u00e9es entrepos\u00e9es dans de mauvaises conditions et une absence de tra\u00e7abilit\u00e9 des produits alimentaires.\u00a0<\/p>\n<p>Une mise en demeure avait \u00e9t\u00e9 adress\u00e9e le 17 juin, mais les obligations sanitaires n\u2019ayant pas \u00e9t\u00e9 respect\u00e9es, la pr\u00e9fecture a pris une mesure de fermeture pour \u00ab\u00a0prot\u00e9ger la sant\u00e9 des consommateurs\u00a0\u00bb.<\/p>\n<p>Pour esp\u00e9rer rouvrir, le restaurant devra transmettre un plan de lutte contre les nuisibles et proc\u00e9der \u00e0 une d\u00e9sinfection compl\u00e8te des lieux (sols, murs, plafonds, portes\u2026).<\/p>\n","protected":false},"excerpt":{"rendered":"&#13; Un contr\u00f4le sanitaire a conduit \u00e0 une d\u00e9cision radicale \u00e0 Givors.&#13; La pr\u00e9f\u00e8te du Rh\u00f4ne a ordonn\u00e9&hellip;\n","protected":false},"author":2,"featured_media":275285,"comment_status":"","ping_status":"","sticky":false,"template":"","format":"standard","meta":{"footnotes":""},"categories":[1889],"tags":[1111,11,2813,2190,2430,1109,251,1112,2811,1777,674,118,1011,27,1922,1110,1114,2428,2810,12,241,316,25,2812,517,800],"class_list":{"0":"post-275284","1":"post","2":"type-post","3":"status-publish","4":"format-standard","5":"has-post-thumbnail","7":"category-lyon","8":"tag-actu","9":"tag-actualites","10":"tag-article","11":"tag-asvel","12":"tag-auvergne-rhone-alpes","13":"tag-breves","14":"tag-culture","15":"tag-depeches","16":"tag-economique","17":"tag-eu","18":"tag-europe","19":"tag-faits-divers","20":"tag-fr","21":"tag-france","22":"tag-info","23":"tag-informations","24":"tag-infos","25":"tag-lyon","26":"tag-lyonmag","27":"tag-news","28":"tag-ol","29":"tag-politique","30":"tag-republique-francaise","31":"tag-sociale","32":"tag-sport","33":"tag-transports"},"share_on_mastodon":{"url":"https:\/\/pubeurope.com\/@fr\/114919798492348525","error":""},"_links":{"self":[{"href":"https:\/\/www.europesays.com\/fr\/wp-json\/wp\/v2\/posts\/275284","targetHints":{"allow":["GET"]}}],"collection":[{"href":"https:\/\/www.europesays.com\/fr\/wp-json\/wp\/v2\/posts"}],"about":[{"href":"https:\/\/www.europesays.com\/fr\/wp-json\/wp\/v2\/types\/post"}],"author":[{"embeddable":true,"href":"https:\/\/www.europesays.com\/fr\/wp-json\/wp\/v2\/users\/2"}],"replies":[{"embeddable":true,"href":"https:\/\/www.europesays.com\/fr\/wp-json\/wp\/v2\/comments?post=275284"}],"version-history":[{"count":0,"href":"https:\/\/www.europesays.com\/fr\/wp-json\/wp\/v2\/posts\/275284\/revisions"}],"wp:featuredmedia":[{"embeddable":true,"href":"https:\/\/www.europesays.com\/fr\/wp-json\/wp\/v2\/media\/275285"}],"wp:attachment":[{"href":"https:\/\/www.europesays.com\/fr\/wp-json\/wp\/v2\/media?parent=275284"}],"wp:term":[{"taxonomy":"category","embeddable":true,"href":"https:\/\/www.europesays.com\/fr\/wp-json\/wp\/v2\/categories?post=275284"},{"taxonomy":"post_tag","embeddable":true,"href":"https:\/\/www.europesays.com\/fr\/wp-json\/wp\/v2\/tags?post=275284"}],"curies":[{"name":"wp","href":"https:\/\/api.w.org\/{rel}","templated":true}]}}