{"id":275288,"date":"2025-07-26T13:39:10","date_gmt":"2025-07-26T13:39:10","guid":{"rendered":"https:\/\/www.europesays.com\/fr\/275288\/"},"modified":"2025-07-26T13:39:10","modified_gmt":"2025-07-26T13:39:10","slug":"quatre-hommes-de-nationalite-bulgare-juges-a-lautomne","status":"publish","type":"post","link":"https:\/\/www.europesays.com\/fr\/275288\/","title":{"rendered":"quatre hommes de nationalit\u00e9 bulgare jug\u00e9s \u00e0 l&rsquo;automne"},"content":{"rendered":"<p>            Par<br \/>\n        <strong><br \/>\n            <a href=\"https:\/\/actu.fr\/auteur\/redaction-paris\" title=\"Consulter tous les articles de R\u00e9daction Paris\" target=\"_blank\" rel=\"noopener\">R\u00e9daction Paris<\/a><br \/>\n        <\/strong><\/p>\n<p>        Publi\u00e9 le<\/p>\n<p>            26 juil. 2025 \u00e0 15h16        <\/p>\n<p>Un proc\u00e8s organis\u00e9 \u00e0 l\u2019automne. Selon une information de <a href=\"https:\/\/www.franceinfo.fr\/faits-divers\/info-franceinfo-tags-de-mains-rouges-au-memorial-de-la-shoah-quatre-hommes-de-nationalite-bulgare-seront-juges-en-fin-d-annee_7399162.html\" target=\"_blank\" rel=\"noopener\">franceinfo <\/a>confirm\u00e9e aupr\u00e8s de l\u2019AFP par le parquet de <a href=\"https:\/\/actu.fr\/paris\/\" target=\"_blank\" rel=\"noopener\">Paris<\/a>, <strong>quatre hommes de nationalit\u00e9 bulgare<\/strong> seront jug\u00e9s dans le cadre de l\u2019affaire des <a href=\"https:\/\/actu.fr\/ile-de-france\/paris_75056\/des-actes-inqualifiables-le-memorial-de-la-shoah-vandalise-a-paris-anne-hidalgo-saisit-le-procureur_61062957.html\" target=\"_blank\" rel=\"noopener\">\u00ab\u2009mains rouges\u2009\u00bb tagu\u00e9es sur le M\u00e9morial de la Shoah<\/a>, en mai\u00a02024, dans le centre de Paris. Trois d\u2019entre eux se trouvent en <strong>d\u00e9tention provisoire<\/strong>, tandis que le quatri\u00e8me est en <strong>fuite<\/strong>.<\/p>\n<p>La piste d\u2019une ing\u00e9rence russe<\/p>\n<p class=\" wall-content\">Ces quatre personnes sont suspect\u00e9es d\u2019avoir particip\u00e9 \u00e0 l\u2019\u00e9laboration d\u2019une trentaine de tags de mains rouges, <strong>un symbole controvers\u00e9 de soutien \u00e0 la cause palestinienne associ\u00e9 au lynchage de soldats isra\u00e9liens<\/strong> \u00e0 Ramallah, en 2000, dans la nuit du 13 au 14 mai 2024. Des pochoirs avaient \u00e9t\u00e9 appos\u00e9s sur le Mur des Justes du M\u00e9morial de la Shoah. Les suspects avaient \u00e9t\u00e9 identifi\u00e9s gr\u00e2ce \u00e0 l\u2019analyse des images de vid\u00e9osurveillance, de leurs lignes t\u00e9l\u00e9phoniques, des r\u00e9servations de vols et d\u2019un h\u00f4tel.<\/p>\n<p class=\" wall-content\">L\u2019enqu\u00eate avait permis d\u2019avancer l\u2019hypoth\u00e8se d\u2019une <strong>action de d\u00e9stabilisation<\/strong> men\u00e9e par la <a href=\"https:\/\/actu.fr\/tag\/russie\" target=\"_blank\" rel=\"noopener\">Russie<\/a> \u00e0 distance. Cette action s\u2019int\u00e9grait dans \u00ab\u2009une strat\u00e9gie plus large visant \u00e0 diffuser de fausses informations et \u00e9galement \u00e0 <strong>diviser l\u2019opinion fran\u00e7aise<\/strong> ou attiser les tensions internes en faisant appel \u00e0 des <strong>proxies<\/strong>, c\u2019est-\u00e0-dire des personnes qui ne travaillent pas pour ces services mais sont r\u00e9mun\u00e9r\u00e9es par eux pour des t\u00e2ches ponctuelles par le biais d\u2019interm\u00e9diaires, notamment dans des pays voisins de la Russie\u2009\u00bb, a ajout\u00e9 le parquet, cit\u00e9 par l\u2019AFP.<\/p>\n<p class=\" wall-content\">Le service <strong>Viginum<\/strong>, charg\u00e9 de la lutte contre les ing\u00e9rences num\u00e9riques \u00e9trang\u00e8res, avait observ\u00e9 \u00ab\u2009une instrumentalisation\u2009\u00bb de cette affaire sur X \u00ab\u2009par des acteurs li\u00e9s \u00e0 la Russie\u2009\u00bb. Cette op\u00e9ration avait \u00e9t\u00e9 \u00ab\u2009conduite par le dispositif d\u2019influence russe RRN \u00e0 travers un r\u00e9seau de plusieurs milliers de comptes inauthentiques sur Twitter et par un pseudo m\u00e9dia fran\u00e7ais cr\u00e9\u00e9 par RRN intitul\u00e9 Artichoc\u2009\u00bb, selon le parquet.<\/p>\n<p class=\" wall-content\">Source\u2009: AFP<\/p>\n<p class=\" wall-content\">Suivez toute l\u2019actualit\u00e9 de vos villes et m\u00e9dias favoris en vous inscrivant \u00e0 <a href=\"https:\/\/moncompte.actu.fr\" title=\"D\u00e9couvez Mon Actu\" rel=\"nofollow noopener\" data-trk=\"{&quot;cta&quot;:{&quot;action&quot;:&quot;https:\\\/\\\/moncompte.actu.fr&quot;,&quot;category&quot;:&quot;mon compte&quot;,&quot;from&quot;:&quot;article footer&quot;,&quot;name&quot;:&quot;Mon actu&quot;,&quot;type&quot;:&quot;cta&quot;}}\" target=\"_blank\">Mon Actu<\/a>.<\/p>\n<ul class=\"ac-article-tag wall-content\">\n<li><a href=\"https:\/\/actu.fr\/tag\/justice\" data-trk=\"{&quot;cta&quot;:{&quot;action&quot;:&quot;Justice&quot;,&quot;category&quot;:&quot;tag&quot;,&quot;from&quot;:&quot;article footer&quot;,&quot;name&quot;:&quot;Justice&quot;,&quot;type&quot;:&quot;cta&quot;}}\" target=\"_blank\" rel=\"noopener\">#Justice<\/a><\/li>\n<li><a href=\"https:\/\/actu.fr\/tag\/memorial-de-la-shoah\" data-trk=\"{&quot;cta&quot;:{&quot;action&quot;:&quot;M\\u00e9morial de la Shoah&quot;,&quot;category&quot;:&quot;tag&quot;,&quot;from&quot;:&quot;article footer&quot;,&quot;name&quot;:&quot;M\\u00e9morial de la Shoah&quot;,&quot;type&quot;:&quot;cta&quot;}}\" target=\"_blank\" rel=\"noopener\">#M\u00e9morial de la Shoah<\/a><\/li>\n<\/ul>\n","protected":false},"excerpt":{"rendered":"Par R\u00e9daction Paris Publi\u00e9 le 26 juil. 2025 \u00e0 15h16 Un proc\u00e8s organis\u00e9 \u00e0 l\u2019automne. Selon une information&hellip;\n","protected":false},"author":2,"featured_media":275289,"comment_status":"","ping_status":"","sticky":false,"template":"","format":"standard","meta":{"footnotes":""},"categories":[1888],"tags":[1111,1928,11,1927,1777,674,1011,27,303,17056,12,1926,626,1925,25,104],"class_list":{"0":"post-275288","1":"post","2":"type-post","3":"status-publish","4":"format-standard","5":"has-post-thumbnail","7":"category-paris","8":"tag-actu","9":"tag-actu-paris","10":"tag-actualites","11":"tag-actualites-paris","12":"tag-eu","13":"tag-europe","14":"tag-fr","15":"tag-france","16":"tag-justice","17":"tag-memorial-de-la-shoah","18":"tag-news","19":"tag-news-paris","20":"tag-paris","21":"tag-paris-news","22":"tag-republique-francaise","23":"tag-societe"},"share_on_mastodon":{"url":"https:\/\/pubeurope.com\/@fr\/114919818090583613","error":""},"_links":{"self":[{"href":"https:\/\/www.europesays.com\/fr\/wp-json\/wp\/v2\/posts\/275288","targetHints":{"allow":["GET"]}}],"collection":[{"href":"https:\/\/www.europesays.com\/fr\/wp-json\/wp\/v2\/posts"}],"about":[{"href":"https:\/\/www.europesays.com\/fr\/wp-json\/wp\/v2\/types\/post"}],"author":[{"embeddable":true,"href":"https:\/\/www.europesays.com\/fr\/wp-json\/wp\/v2\/users\/2"}],"replies":[{"embeddable":true,"href":"https:\/\/www.europesays.com\/fr\/wp-json\/wp\/v2\/comments?post=275288"}],"version-history":[{"count":0,"href":"https:\/\/www.europesays.com\/fr\/wp-json\/wp\/v2\/posts\/275288\/revisions"}],"wp:featuredmedia":[{"embeddable":true,"href":"https:\/\/www.europesays.com\/fr\/wp-json\/wp\/v2\/media\/275289"}],"wp:attachment":[{"href":"https:\/\/www.europesays.com\/fr\/wp-json\/wp\/v2\/media?parent=275288"}],"wp:term":[{"taxonomy":"category","embeddable":true,"href":"https:\/\/www.europesays.com\/fr\/wp-json\/wp\/v2\/categories?post=275288"},{"taxonomy":"post_tag","embeddable":true,"href":"https:\/\/www.europesays.com\/fr\/wp-json\/wp\/v2\/tags?post=275288"}],"curies":[{"name":"wp","href":"https:\/\/api.w.org\/{rel}","templated":true}]}}