{"id":275290,"date":"2025-07-26T13:40:13","date_gmt":"2025-07-26T13:40:13","guid":{"rendered":"https:\/\/www.europesays.com\/fr\/275290\/"},"modified":"2025-07-26T13:40:13","modified_gmt":"2025-07-26T13:40:13","slug":"un-bagage-abandonne-provoque-des-dizaines-de-retards","status":"publish","type":"post","link":"https:\/\/www.europesays.com\/fr\/275290\/","title":{"rendered":"un bagage abandonn\u00e9 provoque des dizaines de retards"},"content":{"rendered":"<p>Apr\u00e8s la pagaille en gare de Lyon vendredi soir, c\u2019est la gare Montparnasse qui est touch\u00e9e par d\u2019importants retards ce samedi 26 juillet. Un bagage abandonn\u00e9 a n\u00e9cessit\u00e9 l\u2019intervention des services de d\u00e9minage dans le hall principal.<\/p>\n<p class=\"fig-paragraph\">Un week-end de d\u00e9part des vacances d\u00e9cid\u00e9ment difficile dans les gares parisiennes. Apr\u00e8s la\u00a0<a href=\"http:\/\/www.lefigaro.fr\/conjoncture\/paris-pagaille-a-la-gare-de-lyon-ou-les-trains-affichent-jusqu-a-4h30-de-retard-20250725\" data-fig-type=\"NewsFlash\" data-gtm-custom-categorie=\"navigation\" data-gtm-custom-action=\"crossclick\" data-gtm-custom-label=\"Contextuel\" data-gtm-event=\"customEventSPE\" data-fig-domain=\"LEFIGARO\" target=\"_blank\" rel=\"noopener\">pagaille en gare de Lyon<\/a>\u00a0vendredi soir, o\u00f9 les trains ont affich\u00e9 jusqu\u2019\u00e0 4h30 de retard, c\u2019est la gare Montparnasse qui a \u00e9t\u00e9 touch\u00e9e samedi matin par d\u2019importants retards. Aucun train n\u2019a pu partir entre 9h53 et 11h30, a constat\u00e9 Le Figaro sur place.<\/p>\n<p class=\"fig-paragraph\">La faute \u00e0 un bagage abandonn\u00e9 \u00e0 bord d\u2019un TGV en provenance de Quimper. Malgr\u00e9 plusieurs annonces dans le hall de la gare pour inviter le voyageur fautif, l\u2019incident a n\u00e9cessit\u00e9 l\u2019intervention des services de d\u00e9minage. Le hall principal a \u00e9t\u00e9 \u00e9vacu\u00e9, des cordons de s\u00e9curit\u00e9 emp\u00eachant les voyageurs de circuler. L\u2019intervention a dur\u00e9 une \u00abquinzaine de minutes\u00bb selon la SNCF, et s\u2019est termin\u00e9e vers 11h15. Le personnel en gare a alors laiss\u00e9 tous les portiques ouverts pour acc\u00e9l\u00e9rer les embarquements.<\/p>\n<p>                                    <a class=\"fig-a11y-skip a11y-hidden\" href=\"#fig-a11y-skip-main-inarticle\"><br \/>\n        Passer la publicit\u00e9<br \/>\n    <\/a><\/p>\n<p class=\"fig-paragraph\">Des trains \u00e0 destination de Bordeaux, Rennes, Hendaye et Toulouse ont affich\u00e9 jusqu\u2019\u00e0 1h40 de retard. Seul un train \u00e0 destination de Brest a \u00e9t\u00e9 autoris\u00e9 \u00e0 partir \u00e0 10h53, puisque la voie de d\u00e9part &#8211; la 24 &#8211; se situe dans le hall 3, \u00e0 quelques minutes de marche des halls 1 et 2. Malgr\u00e9 ces retards qui perturbent les d\u00e9parts en vacances, l\u2019ambiance \u00e9tait calme dans la foule. \u00abC\u2019\u00e9tait une proc\u00e9dure habituelle, cela arrive souvent dans les gares parisiennes\u00bb, tente de rassurer un porte-parole de la SNCF. C\u2019est peut-\u00eatre bien l\u00e0 le probl\u00e8me.<\/p>\n","protected":false},"excerpt":{"rendered":"Apr\u00e8s la pagaille en gare de Lyon vendredi soir, c\u2019est la gare Montparnasse qui est touch\u00e9e par d\u2019importants&hellip;\n","protected":false},"author":2,"featured_media":275291,"comment_status":"","ping_status":"","sticky":false,"template":"","format":"standard","meta":{"footnotes":""},"categories":[1888],"tags":[1111,1928,11,1927,1777,674,1011,27,8037,12,1926,626,1925,25],"class_list":{"0":"post-275290","1":"post","2":"type-post","3":"status-publish","4":"format-standard","5":"has-post-thumbnail","7":"category-paris","8":"tag-actu","9":"tag-actu-paris","10":"tag-actualites","11":"tag-actualites-paris","12":"tag-eu","13":"tag-europe","14":"tag-fr","15":"tag-france","16":"tag-gare-montparnasse","17":"tag-news","18":"tag-news-paris","19":"tag-paris","20":"tag-paris-news","21":"tag-republique-francaise"},"share_on_mastodon":{"url":"https:\/\/pubeurope.com\/@fr\/114919822153345537","error":""},"_links":{"self":[{"href":"https:\/\/www.europesays.com\/fr\/wp-json\/wp\/v2\/posts\/275290","targetHints":{"allow":["GET"]}}],"collection":[{"href":"https:\/\/www.europesays.com\/fr\/wp-json\/wp\/v2\/posts"}],"about":[{"href":"https:\/\/www.europesays.com\/fr\/wp-json\/wp\/v2\/types\/post"}],"author":[{"embeddable":true,"href":"https:\/\/www.europesays.com\/fr\/wp-json\/wp\/v2\/users\/2"}],"replies":[{"embeddable":true,"href":"https:\/\/www.europesays.com\/fr\/wp-json\/wp\/v2\/comments?post=275290"}],"version-history":[{"count":0,"href":"https:\/\/www.europesays.com\/fr\/wp-json\/wp\/v2\/posts\/275290\/revisions"}],"wp:featuredmedia":[{"embeddable":true,"href":"https:\/\/www.europesays.com\/fr\/wp-json\/wp\/v2\/media\/275291"}],"wp:attachment":[{"href":"https:\/\/www.europesays.com\/fr\/wp-json\/wp\/v2\/media?parent=275290"}],"wp:term":[{"taxonomy":"category","embeddable":true,"href":"https:\/\/www.europesays.com\/fr\/wp-json\/wp\/v2\/categories?post=275290"},{"taxonomy":"post_tag","embeddable":true,"href":"https:\/\/www.europesays.com\/fr\/wp-json\/wp\/v2\/tags?post=275290"}],"curies":[{"name":"wp","href":"https:\/\/api.w.org\/{rel}","templated":true}]}}