{"id":275294,"date":"2025-07-26T13:42:13","date_gmt":"2025-07-26T13:42:13","guid":{"rendered":"https:\/\/www.europesays.com\/fr\/275294\/"},"modified":"2025-07-26T13:42:13","modified_gmt":"2025-07-26T13:42:13","slug":"paris-demande-des-explications-a-la-compagnie-aerienne","status":"publish","type":"post","link":"https:\/\/www.europesays.com\/fr\/275294\/","title":{"rendered":"Paris demande des \u00abexplications\u00bb \u00e0 la compagnie a\u00e9rienne"},"content":{"rendered":"<p>Ce mercredi, une cinquantaine d\u2019adolescents fran\u00e7ais de confession juive ont \u00e9t\u00e9 d\u00e9barqu\u00e9s d\u2019un avion alors qu\u2019ils rentraient de vacances en Espagne.<\/p>\n<p class=\"fig-paragraph\">Le ministre fran\u00e7ais des Affaires \u00e9trang\u00e8res Jean-No\u00ebl Barrot a appel\u00e9 la PDG de la compagnie Vueling, Carolina Martinoli, pour lui demander des \u00ab\u00e9l\u00e9ments d&rsquo;explication\u00bb apr\u00e8s qu&rsquo;une cinquantaine d&rsquo;adolescents fran\u00e7ais de confession juive ont \u00e9t\u00e9\u00a0<a href=\"http:\/\/www.lefigaro.fr\/flash-actu\/chahut-ou-antisemitisme-vueling-prise-dans-des-vents-contraires-20250725\" data-fig-type=\"NewsFlash\" data-gtm-custom-categorie=\"navigation\" data-gtm-custom-action=\"crossclick\" data-gtm-custom-label=\"Contextuel\" data-gtm-event=\"customEventSPE\" data-fig-domain=\"LEFIGARO\" rel=\"nofollow noopener\" target=\"_blank\">d\u00e9barqu\u00e9s d&rsquo;un avion<\/a>\u00a0alors qu&rsquo;ils rentraient de vacances en Espagne.<\/p>\n<p class=\"fig-paragraph\">Lors de cet entretien, le chef de la diplomatie fran\u00e7aise a fait \u00abpart de la vive \u00e9motion suscit\u00e9e par le d\u00e9barquement d\u2019un groupe de jeunes Fran\u00e7ais juifs d\u2019un avion de la compagnie\u00bb, affirme samedi le Quai d\u2019Orsay dans un communiqu\u00e9, \u00e0 propos de l\u2019incident survenu mercredi, qui a d\u00e9clench\u00e9\u00a0<a href=\"http:\/\/www.lefigaro.fr\/international\/vueling-accusee-d-antisemitisme-apres-avoir-debarque-une-cinquantaine-d-adolescents-juifs-la-compagnie-dement-20250724\" data-fig-type=\"NewsFlash\" data-gtm-custom-categorie=\"navigation\" data-gtm-custom-action=\"crossclick\" data-gtm-custom-label=\"Contextuel\" data-gtm-event=\"customEventSPE\" data-fig-domain=\"LEFIGARO\" rel=\"nofollow noopener\" target=\"_blank\">une vive pol\u00e9mique<\/a>. \u00abIl a \u00e9t\u00e9 demand\u00e9 des \u00e9l\u00e9ments d&rsquo;explication, notamment pour d\u00e9terminer si ces compatriotes avaient fait l&rsquo;objet de discriminations li\u00e9es \u00e0 leur confession\u00bb, pr\u00e9cise-t-il.<\/p>\n<p>                                    <a class=\"fig-a11y-skip a11y-hidden\" href=\"#fig-a11y-skip-main-inarticle\"><br \/>\n        Passer la publicit\u00e9<br \/>\n    <\/a><\/p>\n<p class=\"fig-paragraph\">Carolina Martinoli a assur\u00e9 au Quai d\u2019Orsay \u00abqu\u2019une enqu\u00eate interne rigoureuse \u00e9tait en cours et que les conclusions de cette enqu\u00eate seraient partag\u00e9es avec les autorit\u00e9s fran\u00e7aises et espagnoles\u00bb. Des explications ont \u00e9galement \u00e9t\u00e9 demand\u00e9es \u00e0 l\u2019ambassadeur d\u2019Espagne en France.<\/p>\n<p>L\u2019organisation de la colonie va porter plainte<\/p>\n<p class=\"fig-paragraph\">L\u2019association Club Kineret, organisatrice de la colonie de vacances, a annonc\u00e9 son intention de porter plainte contre le transporteur \u00abpour violence physique, psychologique et discrimination sur le fondement de la religion\u00bb, a affirm\u00e9 jeudi \u00e0 l\u2019AFP son avocate, Julie Jacob. Elle a \u00e9voqu\u00e9 des \u00abcirconstances aggravantes\u00bb, certains enfants \u00e9tant \u00e2g\u00e9s de \u00abmoins de 15 ans\u00bb.<\/p>\n<p class=\"fig-paragraph\">Dans un long communiqu\u00e9 publi\u00e9 jeudi matin sur le r\u00e9seau social X, la compagnie espagnole avait imput\u00e9 cet incident aux adolescents, accus\u00e9s d\u2019avoir eu un \u00abcomportement inappropri\u00e9\u00bb et \u00abune attitude fortement conflictuelle, mettant en p\u00e9ril le bon d\u00e9roulement du vol\u00bb. Une version r\u00e9fut\u00e9e \u00abformellement et cat\u00e9goriquement\u00bb par l\u2019association Club Kineret, organisatrice de cette colonie de vacances, qui a assur\u00e9 quelques heures plus tard, que les adolescents avaient \u00e9t\u00e9 d\u00e9barqu\u00e9s \u00absans motif valable\u00bb.<\/p>\n<p class=\"fig-paragraph\">L\u2019incident s\u2019est produit mercredi apr\u00e8s-midi, lorsque ce groupe, qui se trouvait en Espagne depuis deux semaines, s\u2019appr\u00eatait \u00e0 d\u00e9coller de l\u2019a\u00e9roport de Valence \u00e0 destination de Paris-Orly.<\/p>\n","protected":false},"excerpt":{"rendered":"Ce mercredi, une cinquantaine d\u2019adolescents fran\u00e7ais de confession juive ont \u00e9t\u00e9 d\u00e9barqu\u00e9s d\u2019un avion alors qu\u2019ils rentraient de&hellip;\n","protected":false},"author":2,"featured_media":275295,"comment_status":"","ping_status":"","sticky":false,"template":"","format":"standard","meta":{"footnotes":""},"categories":[1888],"tags":[11,6155,1777,674,1011,27,12,626,25,39532],"class_list":{"0":"post-275294","1":"post","2":"type-post","3":"status-publish","4":"format-standard","5":"has-post-thumbnail","7":"category-paris","8":"tag-actualites","9":"tag-antisemitisme","10":"tag-eu","11":"tag-europe","12":"tag-fr","13":"tag-france","14":"tag-news","15":"tag-paris","16":"tag-republique-francaise","17":"tag-vueling"},"share_on_mastodon":{"url":"https:\/\/pubeurope.com\/@fr\/114919830040797546","error":""},"_links":{"self":[{"href":"https:\/\/www.europesays.com\/fr\/wp-json\/wp\/v2\/posts\/275294","targetHints":{"allow":["GET"]}}],"collection":[{"href":"https:\/\/www.europesays.com\/fr\/wp-json\/wp\/v2\/posts"}],"about":[{"href":"https:\/\/www.europesays.com\/fr\/wp-json\/wp\/v2\/types\/post"}],"author":[{"embeddable":true,"href":"https:\/\/www.europesays.com\/fr\/wp-json\/wp\/v2\/users\/2"}],"replies":[{"embeddable":true,"href":"https:\/\/www.europesays.com\/fr\/wp-json\/wp\/v2\/comments?post=275294"}],"version-history":[{"count":0,"href":"https:\/\/www.europesays.com\/fr\/wp-json\/wp\/v2\/posts\/275294\/revisions"}],"wp:featuredmedia":[{"embeddable":true,"href":"https:\/\/www.europesays.com\/fr\/wp-json\/wp\/v2\/media\/275295"}],"wp:attachment":[{"href":"https:\/\/www.europesays.com\/fr\/wp-json\/wp\/v2\/media?parent=275294"}],"wp:term":[{"taxonomy":"category","embeddable":true,"href":"https:\/\/www.europesays.com\/fr\/wp-json\/wp\/v2\/categories?post=275294"},{"taxonomy":"post_tag","embeddable":true,"href":"https:\/\/www.europesays.com\/fr\/wp-json\/wp\/v2\/tags?post=275294"}],"curies":[{"name":"wp","href":"https:\/\/api.w.org\/{rel}","templated":true}]}}