{"id":275302,"date":"2025-07-26T13:46:14","date_gmt":"2025-07-26T13:46:14","guid":{"rendered":"https:\/\/www.europesays.com\/fr\/275302\/"},"modified":"2025-07-26T13:46:14","modified_gmt":"2025-07-26T13:46:14","slug":"le-royaume-uni-veut-larguer-de-laide-humanitaire-et-evacuer-des-enfants-ayant-besoin-dune-aide-medicale","status":"publish","type":"post","link":"https:\/\/www.europesays.com\/fr\/275302\/","title":{"rendered":"Le Royaume-Uni veut larguer de l\u2019aide humanitaire et \u00e9vacuer des enfants ayant besoin d\u2019une aide m\u00e9dicale"},"content":{"rendered":"<p>Face \u00e0 la situation humanitaire dramatique \u00e0 <a href=\"https:\/\/www.20minutes.fr\/monde\/gaza\/\" target=\"_blank\" class=\"color-ultramarine c-link\" rel=\"noopener\">Gaza<\/a>, les Europ\u00e9ens tentent de prendre les devants. Un porte-parole de Downing Street a annonc\u00e9 ce samedi que le <a href=\"https:\/\/www.20minutes.fr\/monde\/royaume-uni\/\" class=\"color-ultramarine c-link\" target=\"_blank\" rel=\"noopener\">Royaume-Uni<\/a> se pr\u00e9parait \u00e0 larguer de l\u2019<a href=\"https:\/\/www.20minutes.fr\/monde\/aide_humanitaire\/\" target=\"_blank\" class=\"color-ultramarine c-link\" rel=\"noopener\">aide humanitaire<\/a> \u00e0 la population du territoire palestinien et \u00e0 \u00e9vacuer des \u00ab\u00a0enfants ayant besoin d\u2019une assistance m\u00e9dicale\u00a0\u00bb.<\/p>\n<\/p>\n<p>\u00ab\u00a0Le Premier ministre [Keir Starmer] a expliqu\u00e9 comment le Royaume-Uni allait \u00e9galement mettre en \u0153uvre des plans visant \u00e0 collaborer avec des partenaires tels que la <a href=\"https:\/\/www.20minutes.fr\/monde\/jordanie\/\" target=\"_blank\" class=\"color-ultramarine c-link\" rel=\"noopener\">Jordanie<\/a> pour acheminer de l\u2019aide par voie a\u00e9rienne et \u00e9vacuer les enfants ayant besoin d\u2019une assistance m\u00e9dicale\u00a0\u00bb, a d\u00e9clar\u00e9 le porte-parole dans un communiqu\u00e9, publi\u00e9 \u00e0 l\u2019issue d\u2019un entretien t\u00e9l\u00e9phonique entre <a href=\"https:\/\/www.20minutes.fr\/monde\/keir-starmer\/\" target=\"_blank\" class=\"color-ultramarine c-link\" rel=\"noopener\">Keir Starmer<\/a>, <a href=\"https:\/\/www.20minutes.fr\/politique\/emmanuel-macron\/\" target=\"_blank\" class=\"color-ultramarine c-link\" rel=\"noopener\">Emmanuel Macron<\/a> et le chancelier allemand <a href=\"https:\/\/www.20minutes.fr\/politique\/friedrich-merz\/\" target=\"_blank\" class=\"color-ultramarine c-link\" rel=\"noopener\">Friedrich Merz<\/a>.<\/p>\n<p>Le territoire palestinien menac\u00e9 de famine<\/p>\n<p>La veille, Paris, Berlin et Londres ont exhort\u00e9 le gouvernement isra\u00e9lien \u00e0 \u00ab\u00a0lever imm\u00e9diatement les restrictions sur l\u2019acheminement de l\u2019aide\u00a0\u00bb. Isra\u00ebl fait face \u00e0 une pression internationale croissante concernant la situation humanitaire dramatique de Gaza. Il a tr\u00e8s partiellement assoupli fin mai un blocus total impos\u00e9 d\u00e9but mars \u00e0 l\u2019enclave palestinienne, qui a entra\u00een\u00e9 de tr\u00e8s graves p\u00e9nuries de nourriture, m\u00e9dicaments et autres biens de premi\u00e8re n\u00e9cessit\u00e9.<\/p>\n<p><a href=\"https:\/\/www.20minutes.fr\/monde\/gaza\/\" target=\"_blank\" class=\"c-link c-btn c-btn--primary\" rel=\"noopener\">Notre dossier sur Gaza<\/a><\/p>\n<p>Selon le Programme alimentaire mondial, l\u2019agence de l\u2019<a href=\"https:\/\/www.20minutes.fr\/monde\/onu\/\" target=\"_blank\" class=\"color-ultramarine c-link\" rel=\"noopener\">ONU<\/a> s\u2019occupant de l\u2019aide alimentaire, un tiers environ des habitants de la bande de Gaza ne mangent pas pendant des jours. Vendredi, un responsable isra\u00e9lien a affirm\u00e9 \u00e0 l\u2019AFP que les largages d\u2019aide humanitaire allaient reprendre rapidement dans la bande de Gaza, ravag\u00e9e par plus de vingt et un mois de guerre et menac\u00e9e de <a href=\"https:\/\/www.20minutes.fr\/monde\/famine\/\" target=\"_blank\" class=\"color-ultramarine c-link\" rel=\"noopener\">famine<\/a>. Ces largages doivent se faire \u00ab\u00a0sous la coordination des <a href=\"https:\/\/www.20minutes.fr\/dossier\/emirats_arabes_unis\" target=\"_blank\" class=\"color-ultramarine c-link\" rel=\"noopener\">Emirats Arabes Unis<\/a> et de la Jordanie\u00a0\u00bb, a-t-il dit sous couvert d\u2019anonymat.<\/p>\n","protected":false},"excerpt":{"rendered":"Face \u00e0 la situation humanitaire dramatique \u00e0 Gaza, les Europ\u00e9ens tentent de prendre les devants. Un porte-parole de&hellip;\n","protected":false},"author":2,"featured_media":275303,"comment_status":"","ping_status":"","sticky":false,"template":"","format":"standard","meta":{"footnotes":""},"categories":[1588],"tags":[47,11,16176,3259,1777,674,12980,665,664,4534,74,12,473,1853,1851,1850,1852],"class_list":{"0":"post-275302","1":"post","2":"type-post","3":"status-publish","4":"format-standard","5":"has-post-thumbnail","7":"category-royaume-uni","8":"tag-actualite","9":"tag-actualites","10":"tag-aide-humanitaire","11":"tag-conflit-israelo-palestinien","12":"tag-eu","13":"tag-europe","14":"tag-famine","15":"tag-gaza","16":"tag-israel","17":"tag-londres","18":"tag-monde","19":"tag-news","20":"tag-royaume-uni","21":"tag-royaume-uni-de-grande-bretagne-et-dirlande-du-nord","22":"tag-uk","23":"tag-united-kingdom","24":"tag-united-kingdom-of-great-britain-and-northern-ireland"},"share_on_mastodon":{"url":"https:\/\/pubeurope.com\/@fr\/114919845591927682","error":""},"_links":{"self":[{"href":"https:\/\/www.europesays.com\/fr\/wp-json\/wp\/v2\/posts\/275302","targetHints":{"allow":["GET"]}}],"collection":[{"href":"https:\/\/www.europesays.com\/fr\/wp-json\/wp\/v2\/posts"}],"about":[{"href":"https:\/\/www.europesays.com\/fr\/wp-json\/wp\/v2\/types\/post"}],"author":[{"embeddable":true,"href":"https:\/\/www.europesays.com\/fr\/wp-json\/wp\/v2\/users\/2"}],"replies":[{"embeddable":true,"href":"https:\/\/www.europesays.com\/fr\/wp-json\/wp\/v2\/comments?post=275302"}],"version-history":[{"count":0,"href":"https:\/\/www.europesays.com\/fr\/wp-json\/wp\/v2\/posts\/275302\/revisions"}],"wp:featuredmedia":[{"embeddable":true,"href":"https:\/\/www.europesays.com\/fr\/wp-json\/wp\/v2\/media\/275303"}],"wp:attachment":[{"href":"https:\/\/www.europesays.com\/fr\/wp-json\/wp\/v2\/media?parent=275302"}],"wp:term":[{"taxonomy":"category","embeddable":true,"href":"https:\/\/www.europesays.com\/fr\/wp-json\/wp\/v2\/categories?post=275302"},{"taxonomy":"post_tag","embeddable":true,"href":"https:\/\/www.europesays.com\/fr\/wp-json\/wp\/v2\/tags?post=275302"}],"curies":[{"name":"wp","href":"https:\/\/api.w.org\/{rel}","templated":true}]}}