{"id":275306,"date":"2025-07-26T13:48:13","date_gmt":"2025-07-26T13:48:13","guid":{"rendered":"https:\/\/www.europesays.com\/fr\/275306\/"},"modified":"2025-07-26T13:48:13","modified_gmt":"2025-07-26T13:48:13","slug":"leurope-sait-enfin-ou-chercher-les-terres-rares","status":"publish","type":"post","link":"https:\/\/www.europesays.com\/fr\/275306\/","title":{"rendered":"L&rsquo;Europe sait enfin o\u00f9 chercher les terres rares"},"content":{"rendered":"<p>D\u00e9sormais, la tant redout\u00e9e crise des terres rares\u00a0fait un peu moins peur. Du moins \u00e0 l&rsquo;Europe, qui a compl\u00e9t\u00e9 le projet REEsilience, lanc\u00e9 en 2022, avec lequel elle a cherch\u00e9 \u00e0 dresser une liste de tous les gisements de terres rares en les classant selon des crit\u00e8res de risque environnemental, social et, en g\u00e9n\u00e9ral, de faisabilit\u00e9.<\/p>\n<p>Le rapport indique qu&rsquo;il existe 149 gisements dans le monde entier et que l&rsquo;Europe en poss\u00e8de plusieurs qui pourraient \u00eatre exploit\u00e9s de mani\u00e8re durable. Ces derniers pourraient suffire \u00e0 satisfaire les demandes du Vieux Continent.<\/p>\n<p>Le r\u00f4le central de l&rsquo;Europe<\/p>\n<p>Le projet REEsilience a \u00e9t\u00e9 financ\u00e9 par l&rsquo;<a href=\"https:\/\/fr.motor1.com\/news\/756650\/europe-interdire-fibre-carbone-2029\/\" data-inline-widget=\"internal-links\" data-type-id=\"0\" data-params=\"%7B%22article_edition_id%22%3A%22756650%22%2C%22section%22%3A%221%22%2C%22alias%22%3A%22europe-interdire-fibre-carbone-2029%22%7D\" target=\"_blank\" rel=\"noopener\">Union europ\u00e9enne<\/a> et par l&rsquo;UKRI, le fonds britannique qui soutient la recherche et l&rsquo;innovation. Il a mis en \u00e9vidence que de nombreuses sources de terres rares dans des r\u00e9gions \u00e9cologiquement sensibles, comme certaines zones du Br\u00e9sil, de l&rsquo;Afrique centrale et de l&rsquo;Asie du Sud-Est, pr\u00e9sentaient des risques environnementaux et sociaux consid\u00e9rables.<\/p>\n<p>En revanche, les gisements situ\u00e9s dans des pays comme la Norv\u00e8ge, la Su\u00e8de, la Finlande, le Canada et l&rsquo;Australie pr\u00e9sentaient des risques moindres, offrant des profils g\u00e9ologiques favorables. Le complexe norv\u00e9gien de Fen, par exemple, a \u00e9t\u00e9 identifi\u00e9 comme un site particuli\u00e8rement prometteur gr\u00e2ce \u00e0 ses dimensions et \u00e0 la qualit\u00e9 du minerai. Le Groenland se distingue \u00e9galement comme une source de <a href=\"https:\/\/fr.motor1.com\/news\/761774\/crise-terres-rares-risques-europe\/\" data-inline-widget=\"internal-links\" data-type-id=\"0\" data-params=\"%7B%22article_edition_id%22%3A%22761774%22%2C%22section%22%3A%221%22%2C%22alias%22%3A%22crise-terres-rares-risques-europe%22%7D\" target=\"_blank\" rel=\"noopener\">terres rares<\/a> \u00e0 faible risque.<\/p>\n<p>        <img decoding=\"async\" src=\"https:\/\/www.europesays.com\/fr\/wp-content\/uploads\/2025\/04\/16x9-tr.png\" alt=\"Piattaforma GM Ultium : le moteur EV \u00e0 aimants permanents de 255 kW de GM sera utilis\u00e9 pour des applications de traction int\u00e9grale et de traction arri\u00e8re \u00e0 haute performance.\" width=\"16\" height=\"9\" loading=\"lazy\"\/><\/p>\n<p>Le moteur \u00e9lectrique GM Ultium<\/p>\n<p>Une cha\u00eene stable, en plus d&rsquo;\u00eatre durable<\/p>\n<p>En plus de cartographier les sources, le projet a d\u00e9velopp\u00e9 un mod\u00e8le de simulation des sc\u00e9narios futurs de la cha\u00eene d&rsquo;approvisionnement qui inclut \u00e9galement des interruptions potentielles et des strat\u00e9gies de r\u00e9silience comme l&rsquo;augmentation du recyclage et l&rsquo;extension du cycle de vie du produit.<\/p>\n<p>Willem Auping, professeur \u00e0 l&rsquo;universit\u00e9 n\u00e9erlandaise TU Delft, a observ\u00e9 : \u00ab\u00a0La mod\u00e9lisation de simulation de syst\u00e8mes incertains comme les cha\u00eenes d&rsquo;approvisionnement mondiales des m\u00e9taux peut vraiment aider \u00e0 comprendre les d\u00e9fis futurs de ces syst\u00e8mes et comment les surmonter\u00a0\u00bb. Les premiers r\u00e9sultats sugg\u00e8rent que, bien que les chocs d&rsquo;approvisionnement puissent d\u00e9clencher une volatilit\u00e9 des prix, des mesures de r\u00e9silience strat\u00e9gique att\u00e9nueraient substantiellement ces impacts.<\/p>\n<p>Mais concr\u00e8tement, que se passera-t-il ? Le projet se terminera officiellement en juin 2026. Cette derni\u00e8re ann\u00e9e, il cherchera \u00e0 construire une fili\u00e8re europ\u00e9enne pour les terres rares qui soit efficace et durable. L&rsquo;objectif est clair : d&rsquo;une part, on souhaite r\u00e9duire la d\u00e9pendance \u00e0 la Chine, qui a un r\u00f4le h\u00e9g\u00e9monique, d&rsquo;autre part, on veut renforcer un secteur, celui de la production de magn\u00e9tos pour moteurs \u00e9lectriques et pas seulement, qui a une valeur strat\u00e9gique dans la transition \u00e9cologique.<\/p>\n","protected":false},"excerpt":{"rendered":"D\u00e9sormais, la tant redout\u00e9e crise des terres rares\u00a0fait un peu moins peur. Du moins \u00e0 l&rsquo;Europe, qui a&hellip;\n","protected":false},"author":2,"featured_media":275307,"comment_status":"","ping_status":"","sticky":false,"template":"","format":"standard","meta":{"footnotes":""},"categories":[1586],"tags":[11,1777,674,1011,27,12,25,8836],"class_list":{"0":"post-275306","1":"post","2":"type-post","3":"status-publish","4":"format-standard","5":"has-post-thumbnail","7":"category-europe","8":"tag-actualites","9":"tag-eu","10":"tag-europe","11":"tag-fr","12":"tag-france","13":"tag-news","14":"tag-republique-francaise","15":"tag-vs"},"share_on_mastodon":{"url":"https:\/\/pubeurope.com\/@fr\/114919853490617505","error":""},"_links":{"self":[{"href":"https:\/\/www.europesays.com\/fr\/wp-json\/wp\/v2\/posts\/275306","targetHints":{"allow":["GET"]}}],"collection":[{"href":"https:\/\/www.europesays.com\/fr\/wp-json\/wp\/v2\/posts"}],"about":[{"href":"https:\/\/www.europesays.com\/fr\/wp-json\/wp\/v2\/types\/post"}],"author":[{"embeddable":true,"href":"https:\/\/www.europesays.com\/fr\/wp-json\/wp\/v2\/users\/2"}],"replies":[{"embeddable":true,"href":"https:\/\/www.europesays.com\/fr\/wp-json\/wp\/v2\/comments?post=275306"}],"version-history":[{"count":0,"href":"https:\/\/www.europesays.com\/fr\/wp-json\/wp\/v2\/posts\/275306\/revisions"}],"wp:featuredmedia":[{"embeddable":true,"href":"https:\/\/www.europesays.com\/fr\/wp-json\/wp\/v2\/media\/275307"}],"wp:attachment":[{"href":"https:\/\/www.europesays.com\/fr\/wp-json\/wp\/v2\/media?parent=275306"}],"wp:term":[{"taxonomy":"category","embeddable":true,"href":"https:\/\/www.europesays.com\/fr\/wp-json\/wp\/v2\/categories?post=275306"},{"taxonomy":"post_tag","embeddable":true,"href":"https:\/\/www.europesays.com\/fr\/wp-json\/wp\/v2\/tags?post=275306"}],"curies":[{"name":"wp","href":"https:\/\/api.w.org\/{rel}","templated":true}]}}