{"id":275308,"date":"2025-07-26T13:49:13","date_gmt":"2025-07-26T13:49:13","guid":{"rendered":"https:\/\/www.europesays.com\/fr\/275308\/"},"modified":"2025-07-26T13:49:13","modified_gmt":"2025-07-26T13:49:13","slug":"agir-maintenant-au-nom-du-droit-international-et-voici-comment-par-43-anciens-ambassadeurs-de-lue-liberation","status":"publish","type":"post","link":"https:\/\/www.europesays.com\/fr\/275308\/","title":{"rendered":"agir maintenant au nom du droit international et voici comment, par 43 anciens ambassadeurs de l\u2019UE \u2013 Lib\u00e9ration"},"content":{"rendered":"<p class=\"sc-ksZaOG ehjQrN text-element\">Aux pr\u00e9sidents du Conseil europ\u00e9en, de la Commission europ\u00e9enne et du Parlement europ\u00e9en, ainsi qu\u2019au Haut Repr\u00e9sentant de l\u2019Union europ\u00e9enne pour les affaires \u00e9trang\u00e8res et la politique de s\u00e9curit\u00e9,<\/p>\n<p class=\"sc-ksZaOG ehjQrN text-element\">Aux chefs de gouvernement et aux ministres des Affaires \u00e9trang\u00e8res des Etats membres de l\u2019UE,<\/p>\n<p class=\"sc-ksZaOG ehjQrN text-element\">Nous, 43 anciens ambassadeurs de l\u2019Union europ\u00e9enne, avons \u00e9t\u00e9 constern\u00e9s et indign\u00e9s par le massacre d\u2019Isra\u00e9liens innocents et la prise d\u2019otages perp\u00e9tr\u00e9s le 7 octobre 2023 par le Hamas et d\u2019autres groupes. Aucune cause ne peut justifier de tels actes, que nous condamnons sans r\u00e9serve.<\/p>\n<p class=\"sc-ksZaOG ehjQrN text-element\">Aujourd\u2019hui, cependant, nous assistons au spectacle monstrueux d\u2019Isra\u00ebl commettant quotidiennement des crimes atroces contre le peuple palestinien, surtout \u00e0 Gaza, mais aussi en Cisjordanie occup\u00e9e, au travers d\u2019une campagne utilisant de fa\u00e7on syst\u00e9matique la brutalit\u00e9, la d\u00e9shumanisation et le d\u00e9placement.<\/p>\n<p class=\"sc-ksZaOG ehjQrN text-element\">L\u2019Union europ\u00e9enne et la quasi-totalit\u00e9 de ses Etats membres n\u2019ont pas r\u00e9agi de mani\u00e8re suffisamment forte et d\u00e9termin\u00e9e \u00e0 ces \u00e9v\u00e9nements horribles.<\/p>\n<p class=\"sc-ksZaOG ehjQrN text-element\">En tant que anciens ambassadeurs de l\u2019UE, nous avons consacr\u00e9 notre vie professionnelle \u00e0 d\u00e9fendre et \u00e0 promouvoir les valeurs fondamentales europ\u00e9ennes et le droit international, \u00e0 b\u00e2tir la r\u00e9putation de l\u2019Union europ\u00e9enne et \u00e0 d\u00e9fendre les int\u00e9r\u00eats de ses peuples. Ces int\u00e9r\u00eats et cette r\u00e9putation sont aujourd\u2019hui gravement menac\u00e9s en raison de l\u2019inaction de l\u2019UE.<\/p>\n<p class=\"sc-ksZaOG ehjQrN text-element\">Depuis plus de vingt et un mois, le gouvernement N\u00e9tanyahou m\u00e8ne une campagne incessante de viole<\/p>\n","protected":false},"excerpt":{"rendered":"Aux pr\u00e9sidents du Conseil europ\u00e9en, de la Commission europ\u00e9enne et du Parlement europ\u00e9en, ainsi qu\u2019au Haut Repr\u00e9sentant de&hellip;\n","protected":false},"author":2,"featured_media":275309,"comment_status":"","ping_status":"","sticky":false,"template":"","format":"standard","meta":{"footnotes":""},"categories":[1586],"tags":[11,952,9268,1777,674,1779,1076,1011,27,3517,664,12,3521,25,1778,364],"class_list":{"0":"post-275308","1":"post","2":"type-post","3":"status-publish","4":"format-standard","5":"has-post-thumbnail","7":"category-europe","8":"tag-actualites","9":"tag-benyamin-netanyahou","10":"tag-droits-humain","11":"tag-eu","12":"tag-europe","13":"tag-european-union","14":"tag-extreme-droite","15":"tag-fr","16":"tag-france","17":"tag-gaza-l-escalade","18":"tag-israel","19":"tag-news","20":"tag-onu","21":"tag-republique-francaise","22":"tag-ue","23":"tag-union-europeenne"},"share_on_mastodon":{"url":"https:\/\/pubeurope.com\/@fr\/114919857446161357","error":""},"_links":{"self":[{"href":"https:\/\/www.europesays.com\/fr\/wp-json\/wp\/v2\/posts\/275308","targetHints":{"allow":["GET"]}}],"collection":[{"href":"https:\/\/www.europesays.com\/fr\/wp-json\/wp\/v2\/posts"}],"about":[{"href":"https:\/\/www.europesays.com\/fr\/wp-json\/wp\/v2\/types\/post"}],"author":[{"embeddable":true,"href":"https:\/\/www.europesays.com\/fr\/wp-json\/wp\/v2\/users\/2"}],"replies":[{"embeddable":true,"href":"https:\/\/www.europesays.com\/fr\/wp-json\/wp\/v2\/comments?post=275308"}],"version-history":[{"count":0,"href":"https:\/\/www.europesays.com\/fr\/wp-json\/wp\/v2\/posts\/275308\/revisions"}],"wp:featuredmedia":[{"embeddable":true,"href":"https:\/\/www.europesays.com\/fr\/wp-json\/wp\/v2\/media\/275309"}],"wp:attachment":[{"href":"https:\/\/www.europesays.com\/fr\/wp-json\/wp\/v2\/media?parent=275308"}],"wp:term":[{"taxonomy":"category","embeddable":true,"href":"https:\/\/www.europesays.com\/fr\/wp-json\/wp\/v2\/categories?post=275308"},{"taxonomy":"post_tag","embeddable":true,"href":"https:\/\/www.europesays.com\/fr\/wp-json\/wp\/v2\/tags?post=275308"}],"curies":[{"name":"wp","href":"https:\/\/api.w.org\/{rel}","templated":true}]}}