{"id":275314,"date":"2025-07-26T13:55:11","date_gmt":"2025-07-26T13:55:11","guid":{"rendered":"https:\/\/www.europesays.com\/fr\/275314\/"},"modified":"2025-07-26T13:55:11","modified_gmt":"2025-07-26T13:55:11","slug":"un-jeune-talent-fidjien-avoue-quil-ne-connaissait-pas-le-club-a-son-arrivee","status":"publish","type":"post","link":"https:\/\/www.europesays.com\/fr\/275314\/","title":{"rendered":"un jeune talent fidjien avoue qu\u2019il ne connaissait pas le club \u00e0 son arriv\u00e9e"},"content":{"rendered":"<p>Le Stade Toulousain poursuit sa strat\u00e9gie. Ces derni\u00e8res ann\u00e9es, les champions en titre ont pris l\u2019habitude de s\u2019appuyer sur leur formation pour dominer le rugby europ\u00e9en et faire souffler leurs cadres lors des doublons. Pour que les jeunes joueurs s\u2019aguerrissent, il n\u2019est pas rare que le club haut-garonnais les envoie en pr\u00eat en Pro D2.<\/p>\n<p>De nombreuses r\u00e9ussites sont \u00e0 noter, la plus marquante \u00e9tant bien \u00e9videmment celle de Thomas Ramos, \u00e9lu meilleur joueur de Pro D2 avec Colomiers avant de s\u2019imposer comme une l\u00e9gende du Stade. Alors que Paul Mallez va r\u00e9int\u00e9grer le groupe en tant qu\u2019international fran\u00e7ais apr\u00e8s deux saisons \u00e0 Aix-en-Provence, plusieurs jeunes \u00e9l\u00e9ments vont rester en Pro D2.<\/p>\n<p>\u00ab\u00a0On conna\u00eet plus Toulon ou Clermont\u00a0\u00bb<\/p>\n<p>C\u2019est notamment le cas d\u2019Eto Bainivalu, pr\u00eat\u00e9 \u00e0 Brive. Ce puissant centre fijdien est consid\u00e9r\u00e9 comme un espoir toulousain mais n\u2019a encore jamais r\u00e9ussi \u00e0 faire son trou. Pour <a href=\"https:\/\/www.lamontagne.fr\/brive-la-gaillarde-19100\/sports\/stade-toulousain-famille-a-bordeaux-et-garde-forestier-qui-est-le-nouveau-centre-du-ca-brive-eto-bainivalu_14724898\/\" rel=\"nofollow noopener\" target=\"_blank\">La Montagne<\/a>, il a d\u00e9voil\u00e9 le contexte autour de sa signature en 2020, assurant que Toulouse n\u2019\u00e9tait pas tr\u00e8s connu aux Fidji.<\/p>\n<blockquote>\n<p>\u00ab\u00a0Toulouse cherchait un centre pour jouer avec son \u00e9quipe Espoirs apr\u00e8s la saison du Covid. Moi, mon visa avait expir\u00e9 en Nouvelle-Z\u00e9lande donc j\u2019\u00e9tais rentr\u00e9 aux Fidji. Quand j\u2019ai \u00e9t\u00e9 contact\u00e9, je n\u2019avais jamais entendu parler de ce club. Je ne connaissais aucun joueur. Aux Fidji, on conna\u00eet plus Toulon ou Clermont o\u00f9 des gars de chez nous ont explos\u00e9.\u00a0\u00bb<\/p>\n<\/blockquote>\n<p>Pour autant, Bainivalu explique avoir v\u00e9cu un r\u00eave \u00e9veill\u00e9 \u00e0 Ernest-Wallon, avec l\u2019opportunit\u00e9 de s\u2019entra\u00eener avec certains des meilleurs joueurs du monde.<\/p>\n<blockquote>\n<p>\u00ab\u00a0Sinc\u00e8rement, je ne saurais pas comment d\u00e9crire Toulouse\u2026 J\u2019ai c\u00f4toy\u00e9, \u00e9chang\u00e9 avec des superstars de notre sport. Des joueurs incroyables sur le terrain mais aussi de tr\u00e8s belles personnes en dehors qui m\u2019ont permis de comprendre beaucoup de choses.\u00a0\u00bb<\/p>\n<\/blockquote>\n<p>Partagez cette info avec vos amis et vos proches en cliquant ici<br \/>Pour r\u00e9sumer<\/p>\n<p>Pr\u00eat\u00e9 \u00e0 Brive la saison prochaine apr\u00e8s avoir fait ses gammes avec l\u2019\u00e9quipe espoirs du Stade Toulousain, un jeune joueur fidjien assure que Toulon et Clermont sont plus connus dans son pays en raison des figures nationales pass\u00e9es par ces deux clubs.<\/p>\n<p> <img decoding=\"async\" width=\"76\" height=\"76\" loading=\"lazy\" src=\"https:\/\/www.europesays.com\/fr\/wp-content\/uploads\/2025\/04\/avatar-quinze.png\" alt=\"Arnaud D\u00e9chelotte\"\/><\/p>\n","protected":false},"excerpt":{"rendered":"Le Stade Toulousain poursuit sa strat\u00e9gie. Ces derni\u00e8res ann\u00e9es, les champions en titre ont pris l\u2019habitude de s\u2019appuyer&hellip;\n","protected":false},"author":2,"featured_media":275315,"comment_status":"","ping_status":"","sticky":false,"template":"","format":"standard","meta":{"footnotes":""},"categories":[1416],"tags":[1011,27,479,1468,60],"class_list":{"0":"post-275314","1":"post","2":"type-post","3":"status-publish","4":"format-standard","5":"has-post-thumbnail","7":"category-rugby","8":"tag-fr","9":"tag-france","10":"tag-rugby","11":"tag-rugby-football","12":"tag-sports"},"share_on_mastodon":{"url":"https:\/\/pubeurope.com\/@fr\/114919880977013737","error":""},"_links":{"self":[{"href":"https:\/\/www.europesays.com\/fr\/wp-json\/wp\/v2\/posts\/275314","targetHints":{"allow":["GET"]}}],"collection":[{"href":"https:\/\/www.europesays.com\/fr\/wp-json\/wp\/v2\/posts"}],"about":[{"href":"https:\/\/www.europesays.com\/fr\/wp-json\/wp\/v2\/types\/post"}],"author":[{"embeddable":true,"href":"https:\/\/www.europesays.com\/fr\/wp-json\/wp\/v2\/users\/2"}],"replies":[{"embeddable":true,"href":"https:\/\/www.europesays.com\/fr\/wp-json\/wp\/v2\/comments?post=275314"}],"version-history":[{"count":0,"href":"https:\/\/www.europesays.com\/fr\/wp-json\/wp\/v2\/posts\/275314\/revisions"}],"wp:featuredmedia":[{"embeddable":true,"href":"https:\/\/www.europesays.com\/fr\/wp-json\/wp\/v2\/media\/275315"}],"wp:attachment":[{"href":"https:\/\/www.europesays.com\/fr\/wp-json\/wp\/v2\/media?parent=275314"}],"wp:term":[{"taxonomy":"category","embeddable":true,"href":"https:\/\/www.europesays.com\/fr\/wp-json\/wp\/v2\/categories?post=275314"},{"taxonomy":"post_tag","embeddable":true,"href":"https:\/\/www.europesays.com\/fr\/wp-json\/wp\/v2\/tags?post=275314"}],"curies":[{"name":"wp","href":"https:\/\/api.w.org\/{rel}","templated":true}]}}