{"id":275327,"date":"2025-07-26T14:03:10","date_gmt":"2025-07-26T14:03:10","guid":{"rendered":"https:\/\/www.europesays.com\/fr\/275327\/"},"modified":"2025-07-26T14:03:10","modified_gmt":"2025-07-26T14:03:10","slug":"ce-quen-pensent-les-lecteurs-de-la-provence","status":"publish","type":"post","link":"https:\/\/www.europesays.com\/fr\/275327\/","title":{"rendered":"ce qu&rsquo;en pensent les lecteurs de \u00ab\u00a0La Provence\u00a0\u00bb"},"content":{"rendered":"<p>Devant le mus\u00e9e, la petite place Saint-Jean-de-Malte, d\u00e9gag\u00e9e d\u2019habitude, en dit long sur l\u2019exposition d\u2019envergure internationale qui se tient tout \u00e0 c\u00f4t\u00e9, <a href=\"https:\/\/www.laprovence.com\/article\/culture-loisirs\/49303765014822\/voir-pour-alerter-au-plus-vite-pour-lexpo-cezanne-le-musee-granet-daix-se-transforme-en-immense-coffre-fort\" target=\"_blank\" rel=\"nofollow noopener\">au mus\u00e9e Granet<\/a>\u00a0: sous des tentes sont dispos\u00e9s d\u2019imposants d\u00e9tecteurs pour assurer les contr\u00f4les de s\u00e9curit\u00e9 et un abri fait office de vestiaire pour les visiteurs.<\/p>\n<p>Les files d\u2019attente s\u2019allongent. Il est 19\u00a0h\u00a015 en ce jeudi d\u2019\u00e9t\u00e9 et dans la queue se tissent d\u00e9j\u00e0 les premiers liens. C\u2019est autour des billets d\u2019entr\u00e9e de<a href=\"https:\/\/www.laprovence.com\/article\/culture-loisirs\/49303765014822\/voir-pour-alerter-au-plus-vite-pour-lexpo-cezanne-le-musee-granet-daix-se-transforme-en-immense-coffre-fort\" target=\"_blank\" rel=\"nofollow noopener\"> l\u2019exposition Cezanne au Jas de Bouffan<\/a>, o\u00f9 apparaissent certaines des toiles expos\u00e9es dans l\u2019embl\u00e9matique mus\u00e9e aixois, que les langues des 100 lecteurs invit\u00e9s par La Provence \u00e0 d\u00e9couvrir l\u2019\u00e9v\u00e9nement phare de cet \u00e9t\u00e9 aixois se d\u00e9lient.<\/p>\n<p>\u00ab\u00a0C\u2019est la premi\u00e8re fois de ma vie que je gagne quelque chose\u00a0!, se f\u00e9licite l\u2019un d\u2019eux, le regard plein d\u2019impatience, plant\u00e9 devant l\u2019entr\u00e9e du mus\u00e9e. J\u2019avais d\u00e9j\u00e0 pris une place pour septembre\u00a0\u00bb, raconte-t-il. Puis de se r\u00e9jouir de cette occasion de d\u00e9couvrir l\u2019exposition avec, finalement, un peu d\u2019avance.<\/p>\n<p>135\u00a0\u0153uvres qui n\u2019ont jamais \u00e9t\u00e9 expos\u00e9es ensemble auparavant<\/p>\n<p>Qu\u2019ils soient venus seuls ou accompagn\u00e9s de leurs amis ou conjoint, les lecteurs n\u2019ont pas manqu\u00e9 de d\u00e9gainer leur smartphone &#8211;\u00a0ou plus conventionnel appareil photo\u00a0&#8211; pour immortaliser ce moment hors du temps. Certains n\u2019ont pas h\u00e9sit\u00e9 une seule seconde \u00e0 embarquer une chaise pliante, <a href=\"https:\/\/www.laprovence.com\/article\/region\/8269561337012114\/environ-1-500-personnes-ont-assiste-au-vernissage-de-lexposition-cezanne-au-jas-de-bouffan-au-musee-granet\" target=\"_blank\" rel=\"nofollow noopener\">anticipant sans doute une attente<\/a> qui n\u2019aura pas exc\u00e9d\u00e9 la trentaine de minutes.<\/p>\n","protected":false},"excerpt":{"rendered":"Devant le mus\u00e9e, la petite place Saint-Jean-de-Malte, d\u00e9gag\u00e9e d\u2019habitude, en dit long sur l\u2019exposition d\u2019envergure internationale qui se&hellip;\n","protected":false},"author":2,"featured_media":275328,"comment_status":"","ping_status":"","sticky":false,"template":"","format":"standard","meta":{"footnotes":""},"categories":[1358],"tags":[17,1348,1384,1385,35017,5649,251,1386,58,59,1011,27,14982,35016,32326,21522,41475],"class_list":{"0":"post-275327","1":"post","2":"type-post","3":"status-publish","4":"format-standard","5":"has-post-thumbnail","7":"category-arts-et-design","8":"tag-17","9":"tag-arts","10":"tag-arts-and-design","11":"tag-arts-et-design","12":"tag-bouffan","13":"tag-cezanne","14":"tag-culture","15":"tag-design","16":"tag-divertissement","17":"tag-entertainment","18":"tag-fr","19":"tag-france","20":"tag-inedite","21":"tag-jas","22":"tag-lexpo","23":"tag-pensent","24":"tag-quen"},"share_on_mastodon":{"url":"https:\/\/pubeurope.com\/@fr\/114919912513606510","error":""},"_links":{"self":[{"href":"https:\/\/www.europesays.com\/fr\/wp-json\/wp\/v2\/posts\/275327","targetHints":{"allow":["GET"]}}],"collection":[{"href":"https:\/\/www.europesays.com\/fr\/wp-json\/wp\/v2\/posts"}],"about":[{"href":"https:\/\/www.europesays.com\/fr\/wp-json\/wp\/v2\/types\/post"}],"author":[{"embeddable":true,"href":"https:\/\/www.europesays.com\/fr\/wp-json\/wp\/v2\/users\/2"}],"replies":[{"embeddable":true,"href":"https:\/\/www.europesays.com\/fr\/wp-json\/wp\/v2\/comments?post=275327"}],"version-history":[{"count":0,"href":"https:\/\/www.europesays.com\/fr\/wp-json\/wp\/v2\/posts\/275327\/revisions"}],"wp:featuredmedia":[{"embeddable":true,"href":"https:\/\/www.europesays.com\/fr\/wp-json\/wp\/v2\/media\/275328"}],"wp:attachment":[{"href":"https:\/\/www.europesays.com\/fr\/wp-json\/wp\/v2\/media?parent=275327"}],"wp:term":[{"taxonomy":"category","embeddable":true,"href":"https:\/\/www.europesays.com\/fr\/wp-json\/wp\/v2\/categories?post=275327"},{"taxonomy":"post_tag","embeddable":true,"href":"https:\/\/www.europesays.com\/fr\/wp-json\/wp\/v2\/tags?post=275327"}],"curies":[{"name":"wp","href":"https:\/\/api.w.org\/{rel}","templated":true}]}}