{"id":275335,"date":"2025-07-26T14:07:12","date_gmt":"2025-07-26T14:07:12","guid":{"rendered":"https:\/\/www.europesays.com\/fr\/275335\/"},"modified":"2025-07-26T14:07:12","modified_gmt":"2025-07-26T14:07:12","slug":"beyond-the-spider-verse-prend-encore-du-retard","status":"publish","type":"post","link":"https:\/\/www.europesays.com\/fr\/275335\/","title":{"rendered":"Beyond the Spider-Verse prend (encore) du retard"},"content":{"rendered":"<p>La sortie de Spider-Man: Beyond the Spider-Verse est de nouveau repouss\u00e9e. Initialement pr\u00e9vu pour d\u00e9but 2024, le film avait d\u00e9j\u00e0 \u00e9t\u00e9 d\u00e9plac\u00e9 au 4 juin 2027. Il faudra d\u00e9sormais patienter trois semaines suppl\u00e9mentaires\u00a0: le studio vient de caler la nouvelle date au 25 juin 2027. Un report qui ne s\u2019explique pas par un retard de production, mais par une volont\u00e9 bien plus terre-\u00e0-terre\u00a0: viser le bon cr\u00e9neau pour remplir les salles\u00a0!<\/p>\n<p> Sony ajuste son calendrier pour viser juste <\/p>\n<p>Selon les informations partag\u00e9es par Sony, ce l\u00e9ger glissement de calendrier permettrait d\u2019attendre que les enfants soient tous en vacances d\u2019\u00e9t\u00e9, un moment toujours propice aux grosses sorties familiales. C\u2019est aussi, selon le co-sc\u00e9nariste Christopher Miller, une meilleure p\u00e9riode pour exploiter pleinement les salles IMAX.<\/p>\n<p>\u00ab\u00a0C\u2019est un meilleur cr\u00e9neau\u00a0\u00bb, a-t-il <a href=\"https:\/\/x.com\/chrizmillr\/status\/1946335084425920962\" rel=\"nofollow\">justifi\u00e9<\/a> sur X (anciennement Twitter). Et pour cause\u00a0: la date du 4 juin \u00e9tait coinc\u00e9e entre deux mastodontes du box-office, Star Wars: Starfighter d\u2019un c\u00f4t\u00e9, et Dragons 2 de l\u2019autre. Le 25 juin offre un peu plus d\u2019oxyg\u00e8ne avant que d\u2019autres blockbusters ne pointent le bout de leur nez.<\/p>\n<p>Quatre ans s\u00e9pareront donc Beyond the Spider-Verse de son pr\u00e9d\u00e9cesseur, Across the Spider-Verse, qui s\u2019\u00e9tait termin\u00e9 sur un suspense haletant. Le nouveau film reprendra directement l\u00e0 o\u00f9 on avait laiss\u00e9 Miles Morales\u00a0: bloqu\u00e9 dans une dimension parall\u00e8le, face \u00e0 une version alternative de lui-m\u00eame devenue le redoutable Prowler. De leur c\u00f4t\u00e9, Gwen Stacy et d\u2019autres alli\u00e9s partent \u00e0 sa recherche \u00e0 travers le multivers, avec en toile de fond une menace bien plus grande qu\u2019eux.<\/p>\n<p>Ce troisi\u00e8me film, pr\u00e9sent\u00e9 comme la conclusion de la trilogie, suscite de grandes attentes. Les deux premiers volets ont en effet bouscul\u00e9 l\u2019animation au cin\u00e9ma, en particulier pour les super-h\u00e9ros. Into the Spider-Verse (2018) avait d\u00e9croch\u00e9 l\u2019Oscar du meilleur film d\u2019animation et engrang\u00e9 pr\u00e8s de 400 millions de dollars de recettes. Across the Spider-Verse (2023) a fait encore mieux, avec 690 millions r\u00e9colt\u00e9s dans le monde et une r\u00e9ception critique quasi unanime.<\/p>\n<p>R\u00e9alis\u00e9 par Bob Persichetti et Justin K. Thompson, avec un sc\u00e9nario sign\u00e9 Phil Lord, Christopher Miller et David Callaham, Beyond the Spider-Verse veut conclure cette saga de la mani\u00e8re la plus spectaculaire qui soit. Et m\u00eame si le public devra faire preuve d\u2019un peu plus de patience, les fans pourront se consoler avec un autre film de l\u2019univers\u00a0: Spider-Man: Brand New Day, avec Tom Holland, est toujours pr\u00e9vu pour le 31 juillet 2026.<\/p>\n<blockquote>\n<p class=\"text-base text-neutral-700 dark:text-neutral-300\">\ud83d\udfe3 Pour ne manquer aucune news sur le Journal du Geek, abonnez-vous sur <a href=\"https:\/\/news.google.com\/publications\/CAAqBwgKMNr_hAswwYyCAw?hl=fr&amp;gl=FR&amp;ceid=FR%3Afr\" target=\"_blank\" rel=\"nofollow noopener\">Google Actualit\u00e9s<\/a> et sur <a href=\"https:\/\/whatsapp.com\/channel\/0029VaClM5y4tRry12tb7D2h\" target=\"_blank\" rel=\"nofollow noopener\">notre WhatsApp<\/a>. Et si vous nous adorez, on a <a href=\"https:\/\/www.journaldugeek.com\/newsletter\/\" target=\"_blank\" rel=\"nofollow noopener\">une newsletter tous les matins<\/a>.<\/p>\n<\/blockquote>\n","protected":false},"excerpt":{"rendered":"La sortie de Spider-Man: Beyond the Spider-Verse est de nouveau repouss\u00e9e. Initialement pr\u00e9vu pour d\u00e9but 2024, le film&hellip;\n","protected":false},"author":2,"featured_media":275336,"comment_status":"","ping_status":"","sticky":false,"template":"","format":"standard","meta":{"footnotes":""},"categories":[1354],"tags":[58,59,1346,1011,27,1360,33923],"class_list":{"0":"post-275335","1":"post","2":"type-post","3":"status-publish","4":"format-standard","5":"has-post-thumbnail","7":"category-films","8":"tag-divertissement","9":"tag-entertainment","10":"tag-films","11":"tag-fr","12":"tag-france","13":"tag-movies","14":"tag-spider-man"},"share_on_mastodon":{"url":"https:\/\/pubeurope.com\/@fr\/114919928208544288","error":""},"_links":{"self":[{"href":"https:\/\/www.europesays.com\/fr\/wp-json\/wp\/v2\/posts\/275335","targetHints":{"allow":["GET"]}}],"collection":[{"href":"https:\/\/www.europesays.com\/fr\/wp-json\/wp\/v2\/posts"}],"about":[{"href":"https:\/\/www.europesays.com\/fr\/wp-json\/wp\/v2\/types\/post"}],"author":[{"embeddable":true,"href":"https:\/\/www.europesays.com\/fr\/wp-json\/wp\/v2\/users\/2"}],"replies":[{"embeddable":true,"href":"https:\/\/www.europesays.com\/fr\/wp-json\/wp\/v2\/comments?post=275335"}],"version-history":[{"count":0,"href":"https:\/\/www.europesays.com\/fr\/wp-json\/wp\/v2\/posts\/275335\/revisions"}],"wp:featuredmedia":[{"embeddable":true,"href":"https:\/\/www.europesays.com\/fr\/wp-json\/wp\/v2\/media\/275336"}],"wp:attachment":[{"href":"https:\/\/www.europesays.com\/fr\/wp-json\/wp\/v2\/media?parent=275335"}],"wp:term":[{"taxonomy":"category","embeddable":true,"href":"https:\/\/www.europesays.com\/fr\/wp-json\/wp\/v2\/categories?post=275335"},{"taxonomy":"post_tag","embeddable":true,"href":"https:\/\/www.europesays.com\/fr\/wp-json\/wp\/v2\/tags?post=275335"}],"curies":[{"name":"wp","href":"https:\/\/api.w.org\/{rel}","templated":true}]}}