{"id":275345,"date":"2025-07-26T14:12:11","date_gmt":"2025-07-26T14:12:11","guid":{"rendered":"https:\/\/www.europesays.com\/fr\/275345\/"},"modified":"2025-07-26T14:12:11","modified_gmt":"2025-07-26T14:12:11","slug":"franchises-medicales-arrets-maladie-la-ministre-de-la-sante-precise-les-pistes-envisagees-pour-faire-des-economies","status":"publish","type":"post","link":"https:\/\/www.europesays.com\/fr\/275345\/","title":{"rendered":"Franchises m\u00e9dicales, arr\u00eats maladie\u2026 La ministre de la Sant\u00e9 pr\u00e9cise les pistes envisag\u00e9es pour faire des \u00e9conomies"},"content":{"rendered":"<p>Quelles pistes pour faire des \u00e9conomies\u00a0? <a href=\"https:\/\/www.20minutes.fr\/politique\/catherine-vautrin\/\" target=\"_blank\" class=\"color-ultramarine c-link\" rel=\"noopener\">Catherine Vautrin<\/a>, la ministre du Travail, de la <a href=\"https:\/\/www.20minutes.fr\/sante\/\" target=\"_blank\" class=\"color-ultramarine c-link\" rel=\"noopener\">Sant\u00e9<\/a>, des Solidarit\u00e9s et des Familles, a d\u00e9taill\u00e9 les mesures d\u2019\u00e9conomie pour freiner les d\u00e9penses de sant\u00e9 l\u2019an prochain dans une interview au Monde publi\u00e9e ce samedi. Le Premier ministre a demand\u00e9 mi-juillet que les d\u00e9penses de sant\u00e9 soient frein\u00e9es de \u00ab\u00a0l\u2019ordre de\u00a0\u00bb cinq milliards d\u2019euros l\u2019an prochain, en demandant notamment un effort de \u00ab\u00a0responsabilisation\u00a0\u00bb des Fran\u00e7ais.<\/p>\n<\/p>\n<p>La ministre rappelle que <a href=\"https:\/\/www.20minutes.fr\/politique\/francois_bayrou\/\" target=\"_blank\" class=\"color-ultramarine c-link\" rel=\"noopener\">Fran\u00e7ois Bayrou<\/a> a notamment annonc\u00e9 \u00ab\u00a0le doublement du plafond des franchises m\u00e9dicales\u00a0\u00bb \u00e0 100 euros par an (soit les sommes non rembours\u00e9es au patient, fix\u00e9es \u00e0 1 euro par bo\u00eete de m\u00e9dicament). Soulignant qu&rsquo;\u00ab\u00a0il faut arr\u00eater avec cette id\u00e9e que l\u2019<a href=\"https:\/\/www.20minutes.fr\/dossier\/assurance_maladie\" target=\"_blank\" class=\"color-ultramarine c-link\" rel=\"noopener\">Assurance-maladie<\/a>, \u00ab\u00a0c\u2019est gratuit, j\u2019y ai droit\u00a0\u00bb\u00a0\u00bb, elle pr\u00e9cise qu\u2019il y aura un plafond fix\u00e9 \u00ab\u00a0\u00e0 8 euros maximum par mois\u00a0\u00bb, et r\u00e9affirme que ces franchises seront pay\u00e9es \u00ab\u00a0au comptoir\u00a0\u00bb.<\/p>\n<p>Les affections longue dur\u00e9e dans le viseur<\/p>\n<p>Concernant les affections longue dur\u00e9e (ALD), \u00e9galement cit\u00e9es par Fran\u00e7ois Bayrou parmi les mesures d\u2019\u00e9conomies, Catherine Vautrin indique qu\u2019il s\u2019agira d\u2019abord de \u00ab\u00a0faciliter la sortie de ce r\u00e9gime, quand le m\u00e9decin d\u00e9clare que vous \u00eates pleinement gu\u00e9ris d\u2019un accident vasculaire c\u00e9r\u00e9bral ou d\u2019un <a href=\"https:\/\/www.20minutes.fr\/dossier\/cancer\" target=\"_blank\" class=\"color-ultramarine c-link\" rel=\"noopener\">cancer<\/a>, par exemple\u00a0\u00bb. Elle ajoute que le gouvernement entend \u00ab\u00a0interroger le maintien du remboursement \u00e0 100\u00a0% des cures thermales et des <a href=\"https:\/\/www.20minutes.fr\/dossier\/medicament\" target=\"_blank\" class=\"color-ultramarine c-link\" rel=\"noopener\">m\u00e9dicaments<\/a> dont le service m\u00e9dical rendu est faible pour les patients en ALD\u00a0\u00bb.<\/p>\n<p>Sur un autre sujet sensible, objet de \u00ab\u00a0d\u00e9rive\u00a0\u00bb selon Fran\u00e7ois Bayrou, celui des <a href=\"https:\/\/www.20minutes.fr\/dossier\/arret_maladie\" target=\"_blank\" class=\"color-ultramarine c-link\" rel=\"noopener\">arr\u00eats maladie<\/a>, la ministre explique que le transfert de la prise en charge de ces arr\u00eats, jusqu\u2019au septi\u00e8me jour, \u00e0 l\u2019employeur est une piste \u00ab\u00a0\u00e0 l\u2019\u00e9tude\u00a0\u00bb et \u00ab\u00a0doit faire l\u2019objet de discussions avec les partenaires sociaux\u00a0\u00bb. \u00ab\u00a0Dans cette hypoth\u00e8se, les entreprises seraient amen\u00e9es \u00e0 prendre le relais sur cette p\u00e9riode suppl\u00e9mentaire de carence, du quatri\u00e8me au septi\u00e8me jour\u00a0\u00bb, dit-elle.<\/p>\n<p>Limiter le \u00ab\u00a0nomadisme m\u00e9dical\u00a0\u00bb<\/p>\n<p>La ministre indique encore que le gouvernement entend \u00ab\u00a0mettre fin \u00e0 des abus\u00a0\u00bb et souhaite \u00ab\u00a0limiter tout premier arr\u00eat de travail \u00e0 quinze jours en <a href=\"https:\/\/www.20minutes.fr\/dossier\/medecine\" target=\"_blank\" class=\"color-ultramarine c-link\" rel=\"noopener\">m\u00e9decine<\/a> de ville\u00a0\u00bb, et \u00e0 \u00ab\u00a0un mois en sortie d\u2019hospitalisation\u00a0\u00bb, l\u2019id\u00e9e \u00e9tant d\u2019avoir \u00ab\u00a0une r\u00e9\u00e9valuation plus r\u00e9guli\u00e8re des situations\u00a0\u00bb.<\/p>\n<p>En mati\u00e8re de pr\u00e9vention, la ministre rel\u00e8ve que \u00ab\u00a0les r\u00e9sidents d\u2019<a href=\"https:\/\/www.20minutes.fr\/dossier\/ehpad\" class=\"color-ultramarine c-link\" target=\"_blank\" rel=\"noopener\">Ehpad<\/a> sont aujourd\u2019hui vaccin\u00e9s contre la <a href=\"https:\/\/www.20minutes.fr\/dossier\/grippe\" class=\"color-ultramarine c-link\" target=\"_blank\" rel=\"noopener\">grippe<\/a> \u00e0 hauteur de 85\u00a0%\u00a0\u00bb, estimant qu\u2019il reste \u00ab\u00a0au moins dix points suppl\u00e9mentaires de taux de vaccination\u00a0\u00bb \u00e0 atteindre. \u00ab\u00a0Pour cela, je souhaite que la vaccination devienne obligatoire pour les personnes \u00e2g\u00e9es en \u00e9tablissement\u00a0\u00bb, indique-t-elle.<\/p>\n<p><a href=\"https:\/\/www.20minutes.fr\/sante\/\" target=\"_blank\" class=\"c-link c-btn c-btn--primary\" rel=\"noopener\">Notre dossier sur la sant\u00e9<\/a><\/p>\n<p>Elle pointe aussi le \u00ab\u00a0nomadisme m\u00e9dical\u00a0\u00bb, en estimant que le recours \u00e0 un deuxi\u00e8me avis \u00ab\u00a0se comprend tout \u00e0 fait apr\u00e8s le diagnostic d\u2019une pathologie\u00a0\u00bb, mais que \u00ab\u00a0ce n\u2019est pas le cas d\u2019une troisi\u00e8me, quatri\u00e8me, cinqui\u00e8me consultation identique aupr\u00e8s d\u2019autres praticiens [\u2026]. Il faut limiter leur prise en charge\u00a0\u00bb, dit-elle.<\/p>\n","protected":false},"excerpt":{"rendered":"Quelles pistes pour faire des \u00e9conomies\u00a0? Catherine Vautrin, la ministre du Travail, de la Sant\u00e9, des Solidarit\u00e9s et&hellip;\n","protected":false},"author":2,"featured_media":275346,"comment_status":"","ping_status":"","sticky":false,"template":"","format":"standard","meta":{"footnotes":""},"categories":[6],"tags":[47,30829,732,35,6970,33,34,1011,27,225,71,731],"class_list":{"0":"post-275345","1":"post","2":"type-post","3":"status-publish","4":"format-standard","5":"has-post-thumbnail","7":"category-economie","8":"tag-actualite","9":"tag-arret-maladie","10":"tag-assurance-maladie","11":"tag-business","12":"tag-catherine-vautrin","13":"tag-economie","14":"tag-economy","15":"tag-fr","16":"tag-france","17":"tag-medicament","18":"tag-sante","19":"tag-securite-sociale"},"share_on_mastodon":{"url":"https:\/\/pubeurope.com\/@fr\/114919947868129591","error":""},"_links":{"self":[{"href":"https:\/\/www.europesays.com\/fr\/wp-json\/wp\/v2\/posts\/275345","targetHints":{"allow":["GET"]}}],"collection":[{"href":"https:\/\/www.europesays.com\/fr\/wp-json\/wp\/v2\/posts"}],"about":[{"href":"https:\/\/www.europesays.com\/fr\/wp-json\/wp\/v2\/types\/post"}],"author":[{"embeddable":true,"href":"https:\/\/www.europesays.com\/fr\/wp-json\/wp\/v2\/users\/2"}],"replies":[{"embeddable":true,"href":"https:\/\/www.europesays.com\/fr\/wp-json\/wp\/v2\/comments?post=275345"}],"version-history":[{"count":0,"href":"https:\/\/www.europesays.com\/fr\/wp-json\/wp\/v2\/posts\/275345\/revisions"}],"wp:featuredmedia":[{"embeddable":true,"href":"https:\/\/www.europesays.com\/fr\/wp-json\/wp\/v2\/media\/275346"}],"wp:attachment":[{"href":"https:\/\/www.europesays.com\/fr\/wp-json\/wp\/v2\/media?parent=275345"}],"wp:term":[{"taxonomy":"category","embeddable":true,"href":"https:\/\/www.europesays.com\/fr\/wp-json\/wp\/v2\/categories?post=275345"},{"taxonomy":"post_tag","embeddable":true,"href":"https:\/\/www.europesays.com\/fr\/wp-json\/wp\/v2\/tags?post=275345"}],"curies":[{"name":"wp","href":"https:\/\/api.w.org\/{rel}","templated":true}]}}