{"id":275353,"date":"2025-07-26T14:16:11","date_gmt":"2025-07-26T14:16:11","guid":{"rendered":"https:\/\/www.europesays.com\/fr\/275353\/"},"modified":"2025-07-26T14:16:11","modified_gmt":"2025-07-26T14:16:11","slug":"un-homme-en-etat-divresse-interpelle-a-villars","status":"publish","type":"post","link":"https:\/\/www.europesays.com\/fr\/275353\/","title":{"rendered":"un homme en \u00e9tat d\u2019ivresse interpell\u00e9 \u00e0 Villars"},"content":{"rendered":"<p>Difficile de savoir quelles \u00e9taient les motivations de cette personne qui a d\u00e9grad\u00e9 de nombreux v\u00e9hicules au cours de la nuit du vendredi\u00a025 au samedi 26\u00a0juillet sur la commune de Villars.<\/p>\n<p>Et c\u2019est toute la complexit\u00e9 du travail qui attend les enqu\u00eateurs charg\u00e9s des investigations apr\u00e8s le placement en garde \u00e0 vue d\u2019un homme \u00e2g\u00e9 de 46 ans et habitant la commune de Chazelles-sur-Lyon.<\/p>\n<p>  Il n\u2019avait pas le droit d\u2019\u00eatre \u00e0 Villars<\/p>\n<p>Tout d\u00e9marre quand des riverains le surprennent en train de d\u00e9grader un v\u00e9hicule stationn\u00e9 \u00e0 Villars. Rapidement ces derniers alertent les services de police qui mobilisent une unit\u00e9 de la Brigade anticriminalit\u00e9 (BAC) sur place. Apr\u00e8s de longues minutes de recherches, les fonctionnaires vont r\u00e9ussir \u00e0 retrouver l\u2019auteur des actes de vandalisme.<\/p>\n<p>Selon le commissaire de permanence au sein de la Direction interd\u00e9partementale de la police nationale, Philippe Saez, \u00ab\u00a0au moins six voitures ont vu leurs pneus crev\u00e9s, des vitres bris\u00e9es ou des r\u00e9troviseurs cass\u00e9s. Tous types de v\u00e9hicules ont \u00e9t\u00e9 cibl\u00e9s, de petites citadines comme des Peugeot 206 et 208 comme des SUV Volkswagen T-Roc\u00a0\u00bb.<\/p>\n<p>Ce dernier ajoute que \u00ab\u00a0des v\u00e9rifications sont en cours pour s\u2019assurer que le nombre de victimes ne soit pas plus important, car des \u00e9l\u00e9ments laissent \u00e0 penser qu\u2019il pourrait avoir aussi agi \u00e0 Saint-Priest-en-Jarez\u00a0\u00bb.<\/p>\n<p>En \u00e9tat d\u2019ivresse manifeste, le quadrag\u00e9naire a finalement \u00e9t\u00e9 interpell\u00e9 par les hommes de la BAC. Au cours de son audition, les policiers ont d\u00e9couvert qu\u2019il se trouvait sous contr\u00f4le judiciaire qui lui interdit de fr\u00e9quenter la commune de Villars. De plus, il a refus\u00e9 de se soumettre au d\u00e9pistage d\u2019alcool\u00e9mie.<\/p>\n<p class=\"note\">Si vous pensez avoir \u00e9t\u00e9 victime de d\u00e9gradations en lien avec ces agissements, vous pouvez prendre contact avec la police via masecurit\u00e9.fr ou en appelant au 04.77.43.28.28.<\/p>\n","protected":false},"excerpt":{"rendered":"Difficile de savoir quelles \u00e9taient les motivations de cette personne qui a d\u00e9grad\u00e9 de nombreux v\u00e9hicules au cours&hellip;\n","protected":false},"author":2,"featured_media":275354,"comment_status":"","ping_status":"","sticky":false,"template":"","format":"standard","meta":{"footnotes":""},"categories":[9653],"tags":[1111,11,2430,271,272,7539,1777,674,274,107,1011,27,3367,12,25,4001,9664,104,10246],"class_list":{"0":"post-275353","1":"post","2":"type-post","3":"status-publish","4":"format-standard","5":"has-post-thumbnail","7":"category-saint-etienne","8":"tag-actu","9":"tag-actualites","10":"tag-auvergne-rhone-alpes","11":"tag-crime","12":"tag-delit-et-contravention","13":"tag-edition-loire-sud","14":"tag-eu","15":"tag-europe","16":"tag-faits-divers-justice","17":"tag-fil-info","18":"tag-fr","19":"tag-france","20":"tag-loire","21":"tag-news","22":"tag-republique-francaise","23":"tag-saint-etienne","24":"tag-saint-etienne-bassin","25":"tag-societe","26":"tag-villars"},"share_on_mastodon":{"url":"https:\/\/pubeurope.com\/@fr\/114919963590361586","error":""},"_links":{"self":[{"href":"https:\/\/www.europesays.com\/fr\/wp-json\/wp\/v2\/posts\/275353","targetHints":{"allow":["GET"]}}],"collection":[{"href":"https:\/\/www.europesays.com\/fr\/wp-json\/wp\/v2\/posts"}],"about":[{"href":"https:\/\/www.europesays.com\/fr\/wp-json\/wp\/v2\/types\/post"}],"author":[{"embeddable":true,"href":"https:\/\/www.europesays.com\/fr\/wp-json\/wp\/v2\/users\/2"}],"replies":[{"embeddable":true,"href":"https:\/\/www.europesays.com\/fr\/wp-json\/wp\/v2\/comments?post=275353"}],"version-history":[{"count":0,"href":"https:\/\/www.europesays.com\/fr\/wp-json\/wp\/v2\/posts\/275353\/revisions"}],"wp:featuredmedia":[{"embeddable":true,"href":"https:\/\/www.europesays.com\/fr\/wp-json\/wp\/v2\/media\/275354"}],"wp:attachment":[{"href":"https:\/\/www.europesays.com\/fr\/wp-json\/wp\/v2\/media?parent=275353"}],"wp:term":[{"taxonomy":"category","embeddable":true,"href":"https:\/\/www.europesays.com\/fr\/wp-json\/wp\/v2\/categories?post=275353"},{"taxonomy":"post_tag","embeddable":true,"href":"https:\/\/www.europesays.com\/fr\/wp-json\/wp\/v2\/tags?post=275353"}],"curies":[{"name":"wp","href":"https:\/\/api.w.org\/{rel}","templated":true}]}}