{"id":275359,"date":"2025-07-26T14:19:35","date_gmt":"2025-07-26T14:19:35","guid":{"rendered":"https:\/\/www.europesays.com\/fr\/275359\/"},"modified":"2025-07-26T14:19:35","modified_gmt":"2025-07-26T14:19:35","slug":"soiree-culte-troie-dans-loeil-des-experts-factuel","status":"publish","type":"post","link":"https:\/\/www.europesays.com\/fr\/275359\/","title":{"rendered":"[Soir\u00e9e Culte] Troie dans l\u2019\u0153il des experts &#8211; Factuel"},"content":{"rendered":"<p>Temps de lecture : 2 minutes<\/p>\n<p>Informations pratiques<\/p>\n<p><strong>Localisation<\/strong> : Amphi Cu\u00e9not, 13 rue Godron, 54000 Nancy<\/p>\n<p> <strong>Date de d\u00e9but<\/strong> : 13\/11\/2025 18:30 <strong>Date de fin<\/strong> : 13\/11\/2025 21:30<\/p>\n<p>Sorti en 2004, Troie (Troy en anglais) de Wolfgang Petersen retrace les \u00e9v\u00e8nements mythologiques de la guerre de Troie, tels que d\u00e9crits par Hom\u00e8re il y a environ 3 000 ans.<\/p>\n<p>Cette interpr\u00e9tation des textes anciens h\u00e9rite de l\u2019esth\u00e9tique des p\u00e9plums pour nous livrer des stars de Hollywood muscl\u00e9es, des combats virils, des effets sp\u00e9ciaux\u2026sp\u00e9ciaux, des d\u00e9cors gigantesques et une iconographie qui s\u2019ancre fortement dans son temps. Bref, une histoire antique fantasm\u00e9e qui nous r\u00e9v\u00e8le plus sur notre civilisation il y a 25 ans que sur le \u00ab vrai \u00bb Achille.<\/p>\n<p>On vous propose un voyage dans le temps, pour tout remettre dans l\u2019ordre avec humour et rigueur ! Avec Fabien Bi\u00e8vre-Perrin, Ma\u00eetre de conf\u00e9rences en r\u00e9ception de l\u2019Antiquit\u00e9 : Universit\u00e9 de Lorraine, arch\u00e9ologue et iconographe Sophie Laribi-Glaudel, Professeure agr\u00e9g\u00e9e d\u2019histoire, enseignante en histoire grecque \u00e0 l\u2019Universit\u00e9 de Lorraine, chercheuse en histoire ancienne, tous deux chercheur\u00b7e au au laboratoire Sciences de l\u2019Antiquit\u00e9 et du Moyen \u00c2ge (UL) et Pauline Schwaller, Doctorante en Litt\u00e9rature Anglophone du XXIe si\u00e8cle au laboratoire Interdisciplinarit\u00e9 Dans les Etudes Anglophones, sp\u00e9cialiste de la r\u00e9\u00e9criture r\u00e9cente des mythes grecs.<\/p>\n<p>R\u00e9servation gratuite<\/p>\n<p>\u00a0<\/p>\n<p><\/p>\n","protected":false},"excerpt":{"rendered":"Temps de lecture : 2 minutes Informations pratiques Localisation : Amphi Cu\u00e9not, 13 rue Godron, 54000 Nancy Date&hellip;\n","protected":false},"author":2,"featured_media":275360,"comment_status":"","ping_status":"","sticky":false,"template":"","format":"standard","meta":{"footnotes":""},"categories":[9635],"tags":[1111,11,1777,674,1011,27,775,1702,12,25],"class_list":{"0":"post-275359","1":"post","2":"type-post","3":"status-publish","4":"format-standard","5":"has-post-thumbnail","7":"category-nancy","8":"tag-actu","9":"tag-actualites","10":"tag-eu","11":"tag-europe","12":"tag-fr","13":"tag-france","14":"tag-grand-est","15":"tag-nancy","16":"tag-news","17":"tag-republique-francaise"},"share_on_mastodon":{"url":"https:\/\/pubeurope.com\/@fr\/114919975403961947","error":""},"_links":{"self":[{"href":"https:\/\/www.europesays.com\/fr\/wp-json\/wp\/v2\/posts\/275359","targetHints":{"allow":["GET"]}}],"collection":[{"href":"https:\/\/www.europesays.com\/fr\/wp-json\/wp\/v2\/posts"}],"about":[{"href":"https:\/\/www.europesays.com\/fr\/wp-json\/wp\/v2\/types\/post"}],"author":[{"embeddable":true,"href":"https:\/\/www.europesays.com\/fr\/wp-json\/wp\/v2\/users\/2"}],"replies":[{"embeddable":true,"href":"https:\/\/www.europesays.com\/fr\/wp-json\/wp\/v2\/comments?post=275359"}],"version-history":[{"count":0,"href":"https:\/\/www.europesays.com\/fr\/wp-json\/wp\/v2\/posts\/275359\/revisions"}],"wp:featuredmedia":[{"embeddable":true,"href":"https:\/\/www.europesays.com\/fr\/wp-json\/wp\/v2\/media\/275360"}],"wp:attachment":[{"href":"https:\/\/www.europesays.com\/fr\/wp-json\/wp\/v2\/media?parent=275359"}],"wp:term":[{"taxonomy":"category","embeddable":true,"href":"https:\/\/www.europesays.com\/fr\/wp-json\/wp\/v2\/categories?post=275359"},{"taxonomy":"post_tag","embeddable":true,"href":"https:\/\/www.europesays.com\/fr\/wp-json\/wp\/v2\/tags?post=275359"}],"curies":[{"name":"wp","href":"https:\/\/api.w.org\/{rel}","templated":true}]}}