{"id":275374,"date":"2025-07-26T14:31:25","date_gmt":"2025-07-26T14:31:25","guid":{"rendered":"https:\/\/www.europesays.com\/fr\/275374\/"},"modified":"2025-07-26T14:31:25","modified_gmt":"2025-07-26T14:31:25","slug":"les-gardes-a-vues-levees-une-information-judiciaire-ouverte-2","status":"publish","type":"post","link":"https:\/\/www.europesays.com\/fr\/275374\/","title":{"rendered":"les gardes \u00e0 vues lev\u00e9es, une information judiciaire ouverte"},"content":{"rendered":"<p>Les gardes \u00e0 vue des trois d\u00e9tenus\u00a0de la maison d\u2019arr\u00eat de Strasbourg \u00e0 l&rsquo;Elsau <a href=\"https:\/\/www.lalsace.fr\/faits-divers-justice\/2025\/07\/24\/tentative-d-evasion-dejouee-a-l-elsau-le-neonazi-valentin-linder-le-terroriste-d-arras-et-un-troisieme-detenu-en-garde-a-vue\" target=\"_blank\" rel=\"noopener\">soup\u00e7onn\u00e9s d\u2019avoir tent\u00e9 de s\u2019\u00e9vader<\/a> ont \u00e9t\u00e9 lev\u00e9es, a annonc\u00e9 ce vendredi 25 juillet le parquet de Strasbourg dans un communiqu\u00e9. Le parquet indique \u00e9galement qu&rsquo;une information judiciaire a \u00e9t\u00e9 ouverte des chefs de tentative d&rsquo;\u00e9vasion et recel de remise illicite d&rsquo;objets \u00e0 des d\u00e9tenus, le tout en bande organis\u00e9e. Les investigations se poursuivront donc sur commission rogatoire. Des examens techniques et des\u00a0auditions vont \u00eatre men\u00e9es.\u00a0<\/p>\n<p>Jeudi, le journal <a href=\"https:\/\/www.leparisien.fr\/faits-divers\/un-terroriste-islamiste-un-neonazi-et-un-troisieme-detenu-soupconnes-dun-projet-devasion-24-07-2025-5Q34DW5C25BU7PXJY7M5VYUUCA.php\" target=\"_blank\" rel=\"noopener\">Le Parisien<\/a> avait rapport\u00e9 que trois d\u00e9tenus de la maison d\u2019arr\u00eat avaient \u00e9t\u00e9 plac\u00e9s en garde \u00e0 vue pour des soup\u00e7ons de tentative d&rsquo;\u00e9vasion.\u00a0Valentin Linder, l&rsquo;ancien leader du groupuscule d\u2019ultra-droite \u00ab Bastion social \u00bb, Mohammed Mogouchkov, le terroriste d\u2019Arras, assassin pr\u00e9sum\u00e9 du professeur <a href=\"https:\/\/www.lalsace.fr\/p\/dominique-bernard\" target=\"_blank\" rel=\"noopener\">Dominique Bernard<\/a> et un troisi\u00e8me d\u00e9tenu de 23 ans, incarc\u00e9r\u00e9 pour \u00ab criminalit\u00e9 organis\u00e9e \u00bb, \u00e9taient plac\u00e9s \u00e0 l\u2019isolement.<\/p>\n<p>Selon nos informations, c\u2019est un technicien pour des travaux qui avait d\u00e9couvert plusieurs d\u00e9gradations sur les portes des cellules des trois d\u00e9tenus mardi 22 juillet, qui a donn\u00e9 l\u2019alerte. La partie inf\u00e9rieure des battants \u00e9tait sci\u00e9e puis colmat\u00e9e avec une p\u00e2te blanche, selon le parquet de Strasbourg. Plusieurs lames de scies ont \u00e9t\u00e9 retrouv\u00e9es dans une cellule. Pour l&rsquo;heure, les enqu\u00eateurs ne savent pas s&rsquo;il y a eu concertation entre les d\u00e9tenus.<\/p>\n<p>Les d\u00e9tenus nient toute projet d&rsquo;\u00e9vasion<\/p>\n<p>Les trois d\u00e9tenus contestent toute participation aux faits. D&rsquo;apr\u00e8s l&rsquo;avocat de Valentin Linder, Thibaut Mathias, l&rsquo;ancien leader du bastion social \u00ab n\u2019a jamais cherch\u00e9 \u00e0 s\u2019\u00e9vader, ni \u00e0 participer \u00e0 cette tentative \u00bb. Il nous pr\u00e9cise que la fouille dans sa cellule n\u2019a rien donn\u00e9. \u00ab Il a \u00e9t\u00e9 extrait de sa cellule, entendu dans la foul\u00e9e, sa garde a vue a dur\u00e9 trente minutes. Ils ont vite compris qu\u2019il n\u2019\u00e9tait pas concern\u00e9. \u00bb Valentin Linder a donc rejoint sa cellule, \u00e0 l&rsquo;isolement, comme depuis le d\u00e9but de son incarc\u00e9ration, en mars 2024.<\/p>\n<p>Le parquet de Strasbourg a ouvert une enqu\u00eate de flagrance pour comprendre les circonstances de cette tentative d\u2019\u00e9vasion. Par ailleurs, des mesures de s\u00e9curit\u00e9 ont \u00e9t\u00e9 prises sans d\u00e9lai et tous les d\u00e9tenus du quartier d\u2019isolement ont \u00e9t\u00e9 transf\u00e9r\u00e9s dans d\u2019autres \u00e9tablissements.<\/p>\n","protected":false},"excerpt":{"rendered":"Les gardes \u00e0 vue des trois d\u00e9tenus\u00a0de la maison d\u2019arr\u00eat de Strasbourg \u00e0 l&rsquo;Elsau soup\u00e7onn\u00e9s d\u2019avoir tent\u00e9 de&hellip;\n","protected":false},"author":2,"featured_media":273007,"comment_status":"","ping_status":"","sticky":false,"template":"","format":"standard","meta":{"footnotes":""},"categories":[2820],"tags":[1111,11,2389,271,272,1777,674,274,107,1011,27,775,12,25,640],"class_list":{"0":"post-275374","1":"post","2":"type-post","3":"status-publish","4":"format-standard","5":"has-post-thumbnail","7":"category-strasbourg","8":"tag-actu","9":"tag-actualites","10":"tag-alsace","11":"tag-crime","12":"tag-delit-et-contravention","13":"tag-eu","14":"tag-europe","15":"tag-faits-divers-justice","16":"tag-fil-info","17":"tag-fr","18":"tag-france","19":"tag-grand-est","20":"tag-news","21":"tag-republique-francaise","22":"tag-strasbourg"},"share_on_mastodon":{"url":"https:\/\/pubeurope.com\/@fr\/114920022760321237","error":""},"_links":{"self":[{"href":"https:\/\/www.europesays.com\/fr\/wp-json\/wp\/v2\/posts\/275374","targetHints":{"allow":["GET"]}}],"collection":[{"href":"https:\/\/www.europesays.com\/fr\/wp-json\/wp\/v2\/posts"}],"about":[{"href":"https:\/\/www.europesays.com\/fr\/wp-json\/wp\/v2\/types\/post"}],"author":[{"embeddable":true,"href":"https:\/\/www.europesays.com\/fr\/wp-json\/wp\/v2\/users\/2"}],"replies":[{"embeddable":true,"href":"https:\/\/www.europesays.com\/fr\/wp-json\/wp\/v2\/comments?post=275374"}],"version-history":[{"count":0,"href":"https:\/\/www.europesays.com\/fr\/wp-json\/wp\/v2\/posts\/275374\/revisions"}],"wp:featuredmedia":[{"embeddable":true,"href":"https:\/\/www.europesays.com\/fr\/wp-json\/wp\/v2\/media\/273007"}],"wp:attachment":[{"href":"https:\/\/www.europesays.com\/fr\/wp-json\/wp\/v2\/media?parent=275374"}],"wp:term":[{"taxonomy":"category","embeddable":true,"href":"https:\/\/www.europesays.com\/fr\/wp-json\/wp\/v2\/categories?post=275374"},{"taxonomy":"post_tag","embeddable":true,"href":"https:\/\/www.europesays.com\/fr\/wp-json\/wp\/v2\/tags?post=275374"}],"curies":[{"name":"wp","href":"https:\/\/api.w.org\/{rel}","templated":true}]}}