{"id":275375,"date":"2025-07-26T14:32:26","date_gmt":"2025-07-26T14:32:26","guid":{"rendered":"https:\/\/www.europesays.com\/fr\/275375\/"},"modified":"2025-07-26T14:32:26","modified_gmt":"2025-07-26T14:32:26","slug":"cest-quoi-cette-soucoupe-volante-au-jardin-des-deux-rives","status":"publish","type":"post","link":"https:\/\/www.europesays.com\/fr\/275375\/","title":{"rendered":"c\u2019est quoi cette soucoupe volante au Jardin des Deux-Rives ?"},"content":{"rendered":"<p><strong>Peut-\u00eatre l\u2019avez-vous d\u00e9j\u00e0 aper\u00e7ue en vous baladant par-del\u00e0 le Rhin, sur les berges allemandes du Jardin des Deux-Rives : depuis maintenant plus de 20 ans, une soucoupe volante est plant\u00e9e l\u00e0, et ne semble plus vouloir red\u00e9coller. Parce que Pokaa est curieux, on a men\u00e9 l\u2019enqu\u00eate pour savoir comment cet OFNI (Objet Forestier Non Identifi\u00e9) a d\u00e9barqu\u00e9 juste \u00e0 c\u00f4t\u00e9 de Strasbourg. <\/strong><\/p>\n<p><strong>OFNI en fran\u00e7ais, ou UFO (Unbekanntes Forst Objekt) pour les Kehlois(es),<\/strong> la dr\u00f4le de soucoupe volante intrigue. Embl\u00e9matique du paysage du Jardin des Deux-Rives, on ne savait pas vraiment comment elle avait atterri l\u00e0, ni ce qu\u2019elle cachait derri\u00e8re ses portes. <strong>On a donc d\u00e9cid\u00e9 d\u2019\u00e9claircir ce myst\u00e8re,<\/strong> et de d\u00e9couvrir ce qu\u2019abrite ce d\u00e9cor digne d\u2019un film.<\/p>\n<p>Durant l\u2019ann\u00e9e, les portes de l\u2019UFO sont souvent ferm\u00e9es et laissent place \u00e0 la curiosit\u00e9. \u0152uvre grandeur nature ? Ph\u00e9nom\u00e8ne paranormal ou tentative de communication de petits hommes verts ? Que nenni. On vous raconte.<\/p>\n<p>                <img width=\"750\" height=\"500\" src=\"https:\/\/www.europesays.com\/fr\/wp-content\/uploads\/2025\/07\/soucoupe-volante-kehl-jardin-des-deux-rives-kabs-10-750x500.jpg\" class=\"attachment-gallery size-gallery\" alt=\"Soucoupe volante Kehl jardin des deux rives KABS (10)\" data-full-url=\"https:\/\/pokaa.fr\/wp-content\/uploads\/2025\/07\/13\/soucoupe-volante-kehl-jardin-des-deux-rives-kabs-10.jpg\" decoding=\"async\" loading=\"lazy\"  \/>            <\/p>\n<p>                <img width=\"750\" height=\"500\" src=\"https:\/\/www.europesays.com\/fr\/wp-content\/uploads\/2025\/07\/soucoupe-volante-kehl-jardin-des-deux-rives-kabs-6-750x500.jpg\" class=\"attachment-gallery size-gallery\" alt=\"Soucoupe volante Kehl jardin des deux rives KABS (6)\" data-full-url=\"https:\/\/pokaa.fr\/wp-content\/uploads\/2025\/07\/13\/soucoupe-volante-kehl-jardin-des-deux-rives-kabs-6.jpg\" decoding=\"async\" loading=\"lazy\"  \/>            <\/p>\n<p>                    \u00a9 Marie Goehner-David \/ Pokaa<\/p>\n<p>    <img width=\"800\" height=\"533\" src=\"https:\/\/www.europesays.com\/fr\/wp-content\/uploads\/2025\/07\/soucoupe-volante-kehl-jardin-des-deux-rives-kabs-2-800x533.jpg\" class=\"attachment-image-size-L size-image-size-L\" alt=\"Soucoupe volante Kehl jardin des deux rives KABS (2)\" decoding=\"async\" loading=\"lazy\"  \/>         \u00a9 Marie Goehner-David \/ Pokaa <\/p>\n<p>Objet spatial et lieu de sensibilisation terrestre<\/p>\n<p>Devant la porte, <strong>une plaque (en allemand uniquement) nous donne quelques indications<\/strong>. L\u2019immersion en territoire inconnu devient encore plus intense, mais fort heureusement, nous ma\u00eetrisons suffisamment la langue de Goethe pour d\u00e9chiffrer les quelques lignes.<\/p>\n<p>                <img width=\"354\" height=\"500\" src=\"https:\/\/www.europesays.com\/fr\/wp-content\/uploads\/2025\/07\/capture-decran-2025-07-13-212809-354x500.png\" class=\"attachment-gallery size-gallery\" alt=\"soucoupe volante kehl jardin des deux rives ufo\" data-full-url=\"https:\/\/pokaa.fr\/wp-content\/uploads\/2025\/07\/13\/capture-decran-2025-07-13-212809.png\" decoding=\"async\" loading=\"lazy\"  \/>            <\/p>\n<p>                <img width=\"750\" height=\"500\" src=\"https:\/\/www.europesays.com\/fr\/wp-content\/uploads\/2025\/07\/soucoupe-volante-kehl-jardin-des-deux-rives-kabs-5-750x500.jpg\" class=\"attachment-gallery size-gallery\" alt=\"Soucoupe volante Kehl jardin des deux rives KABS (5)\" data-full-url=\"https:\/\/pokaa.fr\/wp-content\/uploads\/2025\/07\/13\/soucoupe-volante-kehl-jardin-des-deux-rives-kabs-5.jpg\" decoding=\"async\" loading=\"lazy\"  \/>            <\/p>\n<p>                    \u00a9 Marie Goehner-David \/ Pokaa<\/p>\n<p><strong>L\u2019UFO a pos\u00e9 ses pieds m\u00e9talliques en 2004 dans nos contr\u00e9es, <\/strong>et n\u2019est autre qu\u2019une commande de l\u2019Office r\u00e9gional des for\u00eats du Bade-Wurtemberg,<strong> pour participer \u00e0 la sensibilisation autour de l\u2019environnement.<\/strong><\/p>\n<p>Ainsi, <strong>le lieu accueille r\u00e9guli\u00e8rement des classes vertes (allemandes ou fran\u00e7aises), mais aussi des expositions temporaires, entre avril et octobre.<\/strong> On est donc repass\u00e9 par l\u00e0 durant un week-end, pour profiter de l\u2019ouverture des portes.<\/p>\n<p>                <img width=\"750\" height=\"500\" src=\"https:\/\/www.europesays.com\/fr\/wp-content\/uploads\/2025\/07\/soucoupe-volante-kehl-jardin-des-deux-rives-kabs-7-750x500.jpg\" class=\"attachment-gallery size-gallery\" alt=\"Soucoupe volante Kehl jardin des deux rives KABS (7)\" data-full-url=\"https:\/\/pokaa.fr\/wp-content\/uploads\/2025\/07\/13\/soucoupe-volante-kehl-jardin-des-deux-rives-kabs-7.jpg\" decoding=\"async\" loading=\"lazy\"  \/>            <\/p>\n<p>                <img width=\"750\" height=\"500\" src=\"https:\/\/www.europesays.com\/fr\/wp-content\/uploads\/2025\/07\/soucoupe-volante-kehl-jardin-des-deux-rives-kabs-8-750x500.jpg\" class=\"attachment-gallery size-gallery\" alt=\"Soucoupe volante Kehl jardin des deux rives KABS (8)\" data-full-url=\"https:\/\/pokaa.fr\/wp-content\/uploads\/2025\/07\/13\/soucoupe-volante-kehl-jardin-des-deux-rives-kabs-8.jpg\" decoding=\"async\" loading=\"lazy\"  \/>            <\/p>\n<p>                    \u00a9 Marie Goehner-David \/ Pokaa<\/p>\n<p>Une exposition qui fait bzzzz jusqu\u2019au 17 ao\u00fbt<\/p>\n<p>\u00c0 l\u2019int\u00e9rieur, on se retrouve au milieu <strong>d\u2019une campagne de sensibilisation du KABS, une soci\u00e9t\u00e9 d\u2019action communale contre l\u2019invasion des moustiques.<\/strong> Nous sommes donc bien face \u00e0 des envahisseurs, mais pas de l\u2019espace\u00a0!<\/p>\n<p>                <img width=\"281\" height=\"500\" src=\"https:\/\/www.europesays.com\/fr\/wp-content\/uploads\/2025\/07\/soucoupe-volante-kehl-jardin-des-deux-rives-kabs-11-281x500.jpg\" class=\"attachment-gallery size-gallery\" alt=\"Soucoupe volante Kehl jardin des deux rives KABS (11)\" data-full-url=\"https:\/\/pokaa.fr\/wp-content\/uploads\/2025\/07\/13\/soucoupe-volante-kehl-jardin-des-deux-rives-kabs-11.jpg\" decoding=\"async\" loading=\"lazy\"  \/>            <\/p>\n<p>                <img width=\"306\" height=\"500\" src=\"https:\/\/www.europesays.com\/fr\/wp-content\/uploads\/2025\/07\/soucoupe-volante-kehl-jardin-des-deux-rives-kabs-15-306x500.jpg\" class=\"attachment-gallery size-gallery\" alt=\"Soucoupe volante Kehl jardin des deux rives KABS (15)\" data-full-url=\"https:\/\/pokaa.fr\/wp-content\/uploads\/2025\/07\/13\/soucoupe-volante-kehl-jardin-des-deux-rives-kabs-15.jpg\" decoding=\"async\" loading=\"lazy\"  \/>            <\/p>\n<p>                <img width=\"281\" height=\"500\" src=\"https:\/\/www.europesays.com\/fr\/wp-content\/uploads\/2025\/07\/soucoupe-volante-kehl-jardin-des-deux-rives-kabs-16-281x500.jpg\" class=\"attachment-gallery size-gallery\" alt=\"Soucoupe volante Kehl jardin des deux rives KABS (16)\" data-full-url=\"https:\/\/pokaa.fr\/wp-content\/uploads\/2025\/07\/13\/soucoupe-volante-kehl-jardin-des-deux-rives-kabs-16.jpg\" decoding=\"async\" loading=\"lazy\"  \/>            <\/p>\n<p>                <img width=\"281\" height=\"500\" src=\"https:\/\/www.europesays.com\/fr\/wp-content\/uploads\/2025\/07\/soucoupe-volante-kehl-jardin-des-deux-rives-kabs-14-281x500.jpg\" class=\"attachment-gallery size-gallery\" alt=\"Soucoupe volante Kehl jardin des deux rives KABS (14)\" data-full-url=\"https:\/\/pokaa.fr\/wp-content\/uploads\/2025\/07\/13\/soucoupe-volante-kehl-jardin-des-deux-rives-kabs-14.jpg\" decoding=\"async\" loading=\"lazy\"  \/>            <\/p>\n<p>                <img width=\"889\" height=\"500\" src=\"https:\/\/www.europesays.com\/fr\/wp-content\/uploads\/2025\/07\/soucoupe-volante-kehl-jardin-des-deux-rives-kabs-12-889x500.jpg\" class=\"attachment-gallery size-gallery\" alt=\"Soucoupe volante Kehl jardin des deux rives KABS (12)\" data-full-url=\"https:\/\/pokaa.fr\/wp-content\/uploads\/2025\/07\/13\/soucoupe-volante-kehl-jardin-des-deux-rives-kabs-12.jpg\" decoding=\"async\" loading=\"lazy\"  \/>            <\/p>\n<p>                    \u00a9 Marie Goehner-David \/ Pokaa<\/p>\n<p><strong>L\u2019occasion d\u2019en apprendre plus sur notre pire ennemi estival,<\/strong> sur les diff\u00e9rentes esp\u00e8ces de moustiques, leur cycle de vie, les gestes pour \u00e9viter leur prolif\u00e9ration, et en bonus, de d\u00e9licieuses images de ces merveilleuses bestioles en gros plan.<\/p>\n<p>Malheureusement, <strong>l\u2019exposition n\u2019est accessible qu\u2019aux germanophones, <\/strong>puisqu\u2019aucune traduction n\u2019est propos\u00e9e. <strong>L\u2019entr\u00e9e est n\u00e9anmoins gratuite les samedis et dimanches apr\u00e8s-midis <\/strong>pour celles et ceux qui veulent r\u00e9viser leur allemand. Ou tout simplement : d\u00e9couvrir l\u2019int\u00e9rieur de la soucoupe et se prendre pour un(e) explorateur\/rice spatial(e) pendant un temps !<\/p>\n<p>    <img width=\"580\" height=\"600\" src=\"https:\/\/www.europesays.com\/fr\/wp-content\/uploads\/2025\/07\/soucoupe-volante-kehl-jardin-des-deux-rives-kabs-13-580x600.jpg\" class=\"attachment-image-size-M size-image-size-M\" alt=\"Soucoupe volante Kehl jardin des deux rives KABS (13)\" decoding=\"async\" loading=\"lazy\"  \/>         Bzzzzzzz. \u00a9 Marie Goehner-David \/ Pokaa <\/p>\n<p>            UFO &#8211; Soucoupe volante du Jardin des Deux-Rives<\/p>\n<p>            Quoi ?<br \/>\n            Salle d&rsquo;exposition         <\/p>\n<p>            o\u00f9 ?<br \/>\n            Rheindammstra\u00dfe 1, 77694 Kehl, Allemagne        <\/p>\n<p>                Plus d&rsquo;infos ?<\/p>\n<p>Plusieurs expositions sur l\u2019environnement sont propos\u00e9es chaque ann\u00e9e entre avril et octobre.<\/p>\n<p>Horaires : samedis, dimanches et jours f\u00e9ri\u00e9s de 14h \u00e0 17h. Entr\u00e9e libre et gratuite.<\/p>\n","protected":false},"excerpt":{"rendered":"Peut-\u00eatre l\u2019avez-vous d\u00e9j\u00e0 aper\u00e7ue en vous baladant par-del\u00e0 le Rhin, sur les berges allemandes du Jardin des Deux-Rives&hellip;\n","protected":false},"author":2,"featured_media":275376,"comment_status":"","ping_status":"","sticky":false,"template":"","format":"standard","meta":{"footnotes":""},"categories":[2820],"tags":[1111,11,1777,674,1011,27,775,19096,14871,12,41476,25,41477,640,41478],"class_list":{"0":"post-275375","1":"post","2":"type-post","3":"status-publish","4":"format-standard","5":"has-post-thumbnail","7":"category-strasbourg","8":"tag-actu","9":"tag-actualites","10":"tag-eu","11":"tag-europe","12":"tag-fr","13":"tag-france","14":"tag-grand-est","15":"tag-jardin-des-deux-rives","16":"tag-kehl","17":"tag-news","18":"tag-ofni","19":"tag-republique-francaise","20":"tag-soucoupe-volante","21":"tag-strasbourg","22":"tag-ufo"},"share_on_mastodon":{"url":"https:\/\/pubeurope.com\/@fr\/114920026834127861","error":""},"_links":{"self":[{"href":"https:\/\/www.europesays.com\/fr\/wp-json\/wp\/v2\/posts\/275375","targetHints":{"allow":["GET"]}}],"collection":[{"href":"https:\/\/www.europesays.com\/fr\/wp-json\/wp\/v2\/posts"}],"about":[{"href":"https:\/\/www.europesays.com\/fr\/wp-json\/wp\/v2\/types\/post"}],"author":[{"embeddable":true,"href":"https:\/\/www.europesays.com\/fr\/wp-json\/wp\/v2\/users\/2"}],"replies":[{"embeddable":true,"href":"https:\/\/www.europesays.com\/fr\/wp-json\/wp\/v2\/comments?post=275375"}],"version-history":[{"count":0,"href":"https:\/\/www.europesays.com\/fr\/wp-json\/wp\/v2\/posts\/275375\/revisions"}],"wp:featuredmedia":[{"embeddable":true,"href":"https:\/\/www.europesays.com\/fr\/wp-json\/wp\/v2\/media\/275376"}],"wp:attachment":[{"href":"https:\/\/www.europesays.com\/fr\/wp-json\/wp\/v2\/media?parent=275375"}],"wp:term":[{"taxonomy":"category","embeddable":true,"href":"https:\/\/www.europesays.com\/fr\/wp-json\/wp\/v2\/categories?post=275375"},{"taxonomy":"post_tag","embeddable":true,"href":"https:\/\/www.europesays.com\/fr\/wp-json\/wp\/v2\/tags?post=275375"}],"curies":[{"name":"wp","href":"https:\/\/api.w.org\/{rel}","templated":true}]}}