{"id":275381,"date":"2025-07-26T14:35:21","date_gmt":"2025-07-26T14:35:21","guid":{"rendered":"https:\/\/www.europesays.com\/fr\/275381\/"},"modified":"2025-07-26T14:35:21","modified_gmt":"2025-07-26T14:35:21","slug":"a-nantes-elle-fait-decouvrir-la-recette-secrete-pour-creer-de-laquarelle-artisanale","status":"publish","type":"post","link":"https:\/\/www.europesays.com\/fr\/275381\/","title":{"rendered":"\u00c0 Nantes, elle fait d\u00e9couvrir la recette secr\u00e8te pour cr\u00e9er de l\u2019aquarelle artisanale"},"content":{"rendered":"<p>Quelques coquilles de moules, un peu de liant et une bonne dose de patience\u00a0: c\u2019est la recette magique pour fabriquer de la peinture aquarelle d\u2019un joli gris nacr\u00e9. Install\u00e9e depuis quelques semaines \u00e0 l\u2019Agronaute, sur l\u2019\u00eele de Nantes, \u00c9meline Loiret propose r\u00e9guli\u00e8rement des ateliers pour apprendre \u00e0 cr\u00e9er ses pigments et sa propre peinture aquarelle.<\/p>\n<p><strong> \u00ab\u00a0 <\/strong> <strong>Les pigments sont r\u00e9alis\u00e9s <\/strong>  <strong>\u00e0 partir de min\u00e9ral, de terres et de roches. Le v\u00e9g\u00e9tal lui, ne tient pas \u00e0 la luminosit\u00e9, <\/strong>explique-t-elle. <strong>Avec un pilon, on va broyer ce min\u00e9ral, puis le nettoyer, avant de le m\u00e9langer, avec une molette en verre, \u00e0 un liant et \u00e0 de la glyc\u00e9rine v\u00e9g\u00e9tale.\u00a0\u00bb<\/strong> <\/p>\n<p>Le plus long est encore \u00e0 venir, puisqu\u2019une fois m\u00e9lang\u00e9e, la p\u00e2te obtenue est coul\u00e9e dans des petits godets individuels. Plusieurs couches sont n\u00e9cessaires, avec un temps de s\u00e9chage pouvant aller jusqu\u2019\u00e0 plusieurs semaines selon la m\u00e9t\u00e9o, pour que l\u2019aquarelle soit enfin pr\u00eate \u00e0 \u00eatre utilis\u00e9.<\/p>\n<p>R\u00e9aliser son propre carnet de voyage<\/p>\n<p>\u00c9meline Loiret a d\u00e9couvert ce processus sur les r\u00e9seaux sociaux. <strong>\u00ab\u00a0J\u2019ai commenc\u00e9 \u00e0 en fabriquer d\u2019abord pour moi, puis pour les membres du collectif d\u2019artistes auquel j\u2019appartenais. Je me suis ensuite mise \u00e0 en produire et \u00e0 en vendre\u00a0\u00bb, <\/strong>ajoute-t-elle. Sur son site internet, elle organise r\u00e9guli\u00e8rement des ventes de ses aquarelles artisanales, qu\u2019elle fabrique entre deux ateliers.<\/p>\n<p>\u00c9meline Loiret propose aussi d\u2019apprendre \u00e0 r\u00e9aliser son propre carnet de voyage, en s\u2019initiant au croquis et \u00e0 l\u2019aquarelle, pour \u00a0mettre en sc\u00e8ne ses vacances \u00e0 travers ses photos\u00a0\u00bb. Une bonne id\u00e9e d\u2019activit\u00e9 pour les juillettistes fra\u00eechement rentr\u00e9s chez eux, le t\u00e9l\u00e9phone justement rempli de dizaines de photos\u00a0!<\/p>\n<p><strong>Samedi 26\u00a0juillet, mercredi\u00a06 et vendredi 8\u00a0ao\u00fbt, <\/strong>prochains ateliers avec \u00c9meline Loiret, \u00e0 l\u2019Agronaute, ancien Min, rue du S\u00e9n\u00e9gal, \u00e0 Nantes. De 35 \u00e0 65\u00a0\u20ac. Informations et r\u00e9servations\u00a0: www.octarine-aquarelle.fr.<\/p>\n<p>\u00a0<\/p>\n","protected":false},"excerpt":{"rendered":"Quelques coquilles de moules, un peu de liant et une bonne dose de patience\u00a0: c\u2019est la recette magique&hellip;\n","protected":false},"author":2,"featured_media":275382,"comment_status":"","ping_status":"","sticky":false,"template":"","format":"standard","meta":{"footnotes":""},"categories":[2818],"tags":[1111,11,17843,37254,1812,3979,1777,674,21,1011,27,766,12,2636,14212,25,41479],"class_list":{"0":"post-275381","1":"post","2":"type-post","3":"status-publish","4":"format-standard","5":"has-post-thumbnail","7":"category-nantes","8":"tag-actu","9":"tag-actualites","10":"tag-aquarelle","11":"tag-artisanale","12":"tag-creer","13":"tag-decouvrir","14":"tag-eu","15":"tag-europe","16":"tag-fait","17":"tag-fr","18":"tag-france","19":"tag-nantes","20":"tag-news","21":"tag-pays-de-la-loire","22":"tag-recette","23":"tag-republique-francaise","24":"tag-secrete"},"share_on_mastodon":{"url":"https:\/\/pubeurope.com\/@fr\/114920038302147335","error":""},"_links":{"self":[{"href":"https:\/\/www.europesays.com\/fr\/wp-json\/wp\/v2\/posts\/275381","targetHints":{"allow":["GET"]}}],"collection":[{"href":"https:\/\/www.europesays.com\/fr\/wp-json\/wp\/v2\/posts"}],"about":[{"href":"https:\/\/www.europesays.com\/fr\/wp-json\/wp\/v2\/types\/post"}],"author":[{"embeddable":true,"href":"https:\/\/www.europesays.com\/fr\/wp-json\/wp\/v2\/users\/2"}],"replies":[{"embeddable":true,"href":"https:\/\/www.europesays.com\/fr\/wp-json\/wp\/v2\/comments?post=275381"}],"version-history":[{"count":0,"href":"https:\/\/www.europesays.com\/fr\/wp-json\/wp\/v2\/posts\/275381\/revisions"}],"wp:featuredmedia":[{"embeddable":true,"href":"https:\/\/www.europesays.com\/fr\/wp-json\/wp\/v2\/media\/275382"}],"wp:attachment":[{"href":"https:\/\/www.europesays.com\/fr\/wp-json\/wp\/v2\/media?parent=275381"}],"wp:term":[{"taxonomy":"category","embeddable":true,"href":"https:\/\/www.europesays.com\/fr\/wp-json\/wp\/v2\/categories?post=275381"},{"taxonomy":"post_tag","embeddable":true,"href":"https:\/\/www.europesays.com\/fr\/wp-json\/wp\/v2\/tags?post=275381"}],"curies":[{"name":"wp","href":"https:\/\/api.w.org\/{rel}","templated":true}]}}