{"id":275391,"date":"2025-07-26T14:42:11","date_gmt":"2025-07-26T14:42:11","guid":{"rendered":"https:\/\/www.europesays.com\/fr\/275391\/"},"modified":"2025-07-26T14:42:11","modified_gmt":"2025-07-26T14:42:11","slug":"balades-expos-nouveautes-que-faire-le-dimanche-27-juillet-vers-lille-et-autour-nos-idees-de-sorties","status":"publish","type":"post","link":"https:\/\/www.europesays.com\/fr\/275391\/","title":{"rendered":"Balades, expos, nouveaut\u00e9s\u2026 Que faire le dimanche 27 juillet vers Lille et autour ? Nos id\u00e9es de sorties"},"content":{"rendered":"<p>\n                        Vous ne savez pas quoi faire le dimanche 27\u00a0juillet 2025 \u00e0 Lille et autour\u2009? Voici quelques id\u00e9es pour vous guider.                    <\/p>\n<p>    <img loading=\"lazy\"   decoding=\"async\" class=\"size-large\" src=\"https:\/\/www.europesays.com\/fr\/wp-content\/uploads\/2025\/07\/ebcc228ef1886cfcc228ef188a3dc2v-960x640.jpg\" alt=\"Balade \u00e0 v\u00e9lo dans la MEL, derniers jours d'expo \u00e0 Saint-So, nouveau restaurant... On vous donne des id\u00e9es de sorties du c\u00f4t\u00e9 de Lille (Nord), pour ce dimanche 27 juillet 2025.\" width=\"960\" height=\"640\"\/><br \/>\n    Balade \u00e0 v\u00e9lo dans la MEL, derniers jours d\u2019expo \u00e0 Saint-So, nouveau restaurant\u2026 On vous donne des id\u00e9es de sorties du c\u00f4t\u00e9 de Lille (Nord), pour ce dimanche 27\u00a0juillet 2025. \u00a9Pixabay en haut \u00e0 gauche) ; AV Lille actu (\u00e0 droite) ; Ephemera Group (en bas)                <\/p>\n","protected":false},"excerpt":{"rendered":"Vous ne savez pas quoi faire le dimanche 27\u00a0juillet 2025 \u00e0 Lille et autour\u2009? Voici quelques id\u00e9es pour&hellip;\n","protected":false},"author":2,"featured_media":275392,"comment_status":"","ping_status":"","sticky":false,"template":"","format":"standard","meta":{"footnotes":""},"categories":[2815],"tags":[1111,11,1063,1777,674,652,1011,27,811,1307,1652,12,25],"class_list":{"0":"post-275391","1":"post","2":"type-post","3":"status-publish","4":"format-standard","5":"has-post-thumbnail","7":"category-lille","8":"tag-actu","9":"tag-actualites","10":"tag-animations","11":"tag-eu","12":"tag-europe","13":"tag-famille","14":"tag-fr","15":"tag-france","16":"tag-hauts-de-france","17":"tag-lille","18":"tag-loisirs-culture","19":"tag-news","20":"tag-republique-francaise"},"share_on_mastodon":{"url":"https:\/\/pubeurope.com\/@fr\/114920065860144939","error":""},"_links":{"self":[{"href":"https:\/\/www.europesays.com\/fr\/wp-json\/wp\/v2\/posts\/275391","targetHints":{"allow":["GET"]}}],"collection":[{"href":"https:\/\/www.europesays.com\/fr\/wp-json\/wp\/v2\/posts"}],"about":[{"href":"https:\/\/www.europesays.com\/fr\/wp-json\/wp\/v2\/types\/post"}],"author":[{"embeddable":true,"href":"https:\/\/www.europesays.com\/fr\/wp-json\/wp\/v2\/users\/2"}],"replies":[{"embeddable":true,"href":"https:\/\/www.europesays.com\/fr\/wp-json\/wp\/v2\/comments?post=275391"}],"version-history":[{"count":0,"href":"https:\/\/www.europesays.com\/fr\/wp-json\/wp\/v2\/posts\/275391\/revisions"}],"wp:featuredmedia":[{"embeddable":true,"href":"https:\/\/www.europesays.com\/fr\/wp-json\/wp\/v2\/media\/275392"}],"wp:attachment":[{"href":"https:\/\/www.europesays.com\/fr\/wp-json\/wp\/v2\/media?parent=275391"}],"wp:term":[{"taxonomy":"category","embeddable":true,"href":"https:\/\/www.europesays.com\/fr\/wp-json\/wp\/v2\/categories?post=275391"},{"taxonomy":"post_tag","embeddable":true,"href":"https:\/\/www.europesays.com\/fr\/wp-json\/wp\/v2\/tags?post=275391"}],"curies":[{"name":"wp","href":"https:\/\/api.w.org\/{rel}","templated":true}]}}