{"id":275393,"date":"2025-07-26T14:43:09","date_gmt":"2025-07-26T14:43:09","guid":{"rendered":"https:\/\/www.europesays.com\/fr\/275393\/"},"modified":"2025-07-26T14:43:09","modified_gmt":"2025-07-26T14:43:09","slug":"une-journee-en-famille-pour-sevader-et-couper-du-quotidien","status":"publish","type":"post","link":"https:\/\/www.europesays.com\/fr\/275393\/","title":{"rendered":"Une journ\u00e9e en famille pour s\u2019\u00e9vader et couper du quotidien"},"content":{"rendered":"\n<p>Aux abords de la gare Saint-Charles, \u00e0 7h30 ce vendredi, mamans et enfants attendent avec excitation le bus pour le lac de Saint-Cassien, affr\u00e9t\u00e9 gratuitement par la Ville de Marseille. Dans le cadre du dispositif municipal \u00ab\u00a0S\u2019\u00e9vader\u00a0\u00bb, 105 d\u00e9parts \u00e0 la journ\u00e9e, similaires \u00e0 celui-ci, sont pr\u00e9vus en 2025. Ces propositions de sorties natures, culturelles ou ludiques \u00e0 destination des habitants qui ne partent pas en vacances, f\u00eatent leurs trois ans cette ann\u00e9e.<\/p>\n<p>L\u2019association Famille en Action, bas\u00e9e dans le 3e\u00a0arrondissement de Marseille, est \u00e0 l\u2019origine de l\u2019escapade varoise du jour. \u00ab\u00a0Quand on va dans certains quartiers, il y a des femmes que l\u2019on rencontre, la premi\u00e8re chose qu\u2019elles nous demandent, c\u2019est d\u2019organiser des sorties\u00a0\u00bb, relate Adeline Brossard, \u00e9ducatrice sp\u00e9cialis\u00e9e au sein de l\u2019association. Des habitantes du Moulin de Mai\u00a0(3e) discutent en petit groupe sur le trottoir, leurs sacs de pique-nique pos\u00e9s \u00e0 leurs pieds. Certaines ont d\u00e9j\u00e0 pris part \u00e0 ces excursions.<\/p>\n<p> 7\u00a0000\u00a0b\u00e9n\u00e9ficiaires\n              <\/p>\n<p>\u00ab\u00a0C\u2019est super, affirme Meriem. \u00c7a permet de rassembler les familles, les amis, les voisins\u00a0\u00bb. 7\u00a0000\u00a0personnes devraient b\u00e9n\u00e9ficier de ces sorties \u00e0 la journ\u00e9e, pr\u00e9vues entre le 5\u00a0juillet et le 25\u00a0novembre. \u00ab\u00a0Leur quotidien, c\u2019est souvent de s\u2019occuper de la maison, des enfants, de faire les courses, donc elles ont vraiment besoin de sortir en nature avec leurs enfants\u00a0\u00bb, estime l\u2019accompagnatrice de Famille en Action.<\/p>\n<p>Le programme municipal \u00ab\u00a0S\u2019\u00e9vader\u00a0\u00bb vient compl\u00e9ter celui des \u00ab\u00a0Vacances pour tous\u00a0\u00bb, qui propose des colonies de vacances \u00e0 moindre co\u00fbt pour les petits marseillais. \u00ab\u00a0Les enfants sortent d\u00e9j\u00e0 avec les centres a\u00e9r\u00e9s, mais les mamans n\u2019ont pas l\u2019occasion de sortir, explique Audrey Gatian (PS), adjointe au maire en charge de la politique de la ville. Donc cette sortie en famille, c\u2019est une opportunit\u00e9 de cr\u00e9er des souvenirs ensemble.\u00a0\u00bb<\/p>\n<p>Avant le d\u00e9part, le personnel municipal offre 58\u00a0sacs en toile, un pour chaque participant. \u00c0 l\u2019int\u00e9rieur\u00a0: le programme de l\u2019\u00c9t\u00e9 marseillais, un carnet, des crayons de couleurs et une serviette microfibres, tous estampill\u00e9s du logo de la Ville.<\/p>\n<p>\u00c0 peine le bus arriv\u00e9 pour les r\u00e9cup\u00e9rer, les enfants se ruent pour y monter, suivis peu apr\u00e8s par les adultes. \u00ab\u00a0On vient pour nager, parler mais surtout rigoler\u00a0!\u00a0\u00bb, s\u2019exclame Samira, maman de deux enfants et b\u00e9n\u00e9ficiaire de ce dispositif. Pour l\u2019association encadrante, cette sortie est aussi l\u2019occasion d\u2019apprendre \u00e0 mieux conna\u00eetre les participants et les probl\u00e8mes qu\u2019ils rencontrent.<\/p>\n","protected":false},"excerpt":{"rendered":"Aux abords de la gare Saint-Charles, \u00e0 7h30 ce vendredi, mamans et enfants attendent avec excitation le bus&hellip;\n","protected":false},"author":2,"featured_media":275394,"comment_status":"","ping_status":"","sticky":false,"template":"","format":"standard","meta":{"footnotes":""},"categories":[2814],"tags":[1111,11,1777,674,1011,27,37867,884,12,882,25],"class_list":{"0":"post-275393","1":"post","2":"type-post","3":"status-publish","4":"format-standard","5":"has-post-thumbnail","7":"category-marseille","8":"tag-actu","9":"tag-actualites","10":"tag-eu","11":"tag-europe","12":"tag-fr","13":"tag-france","14":"tag-lilia-fernandez","15":"tag-marseille","16":"tag-news","17":"tag-provence-alpes-cote-dazur","18":"tag-republique-francaise"},"share_on_mastodon":{"url":"https:\/\/pubeurope.com\/@fr\/114920069859715519","error":""},"_links":{"self":[{"href":"https:\/\/www.europesays.com\/fr\/wp-json\/wp\/v2\/posts\/275393","targetHints":{"allow":["GET"]}}],"collection":[{"href":"https:\/\/www.europesays.com\/fr\/wp-json\/wp\/v2\/posts"}],"about":[{"href":"https:\/\/www.europesays.com\/fr\/wp-json\/wp\/v2\/types\/post"}],"author":[{"embeddable":true,"href":"https:\/\/www.europesays.com\/fr\/wp-json\/wp\/v2\/users\/2"}],"replies":[{"embeddable":true,"href":"https:\/\/www.europesays.com\/fr\/wp-json\/wp\/v2\/comments?post=275393"}],"version-history":[{"count":0,"href":"https:\/\/www.europesays.com\/fr\/wp-json\/wp\/v2\/posts\/275393\/revisions"}],"wp:featuredmedia":[{"embeddable":true,"href":"https:\/\/www.europesays.com\/fr\/wp-json\/wp\/v2\/media\/275394"}],"wp:attachment":[{"href":"https:\/\/www.europesays.com\/fr\/wp-json\/wp\/v2\/media?parent=275393"}],"wp:term":[{"taxonomy":"category","embeddable":true,"href":"https:\/\/www.europesays.com\/fr\/wp-json\/wp\/v2\/categories?post=275393"},{"taxonomy":"post_tag","embeddable":true,"href":"https:\/\/www.europesays.com\/fr\/wp-json\/wp\/v2\/tags?post=275393"}],"curies":[{"name":"wp","href":"https:\/\/api.w.org\/{rel}","templated":true}]}}