{"id":275395,"date":"2025-07-26T14:44:17","date_gmt":"2025-07-26T14:44:17","guid":{"rendered":"https:\/\/www.europesays.com\/fr\/275395\/"},"modified":"2025-07-26T14:44:17","modified_gmt":"2025-07-26T14:44:17","slug":"ismael-kone-quitte-marseille-pour-litalie","status":"publish","type":"post","link":"https:\/\/www.europesays.com\/fr\/275395\/","title":{"rendered":"Isma\u00ebl Kon\u00e9 quitte Marseille pour l&rsquo;Italie"},"content":{"rendered":"<p style=\"text-align: justify;\"><strong>TRANSFERTS \u2013 Selon Foot Mercato, le milieu de terrain Isma\u00ebl Kon\u00e9 va quitter l\u2019OM pour rejoindre Sassuolo en Serie A.<\/strong><\/p>\n<p style=\"text-align: justify;\">Tr\u00e8s actif \u00e0 l\u2019occasion de ce mercato estival, l\u2019<strong>Olympique de Marseille<\/strong> sait qu\u2019il doit vendre s\u2019il veut pouvoir boucler toutes les recrues esp\u00e9r\u00e9es. <strong>Medhi<\/strong> <strong>Benatia<\/strong> et Pablo <strong>Longoria<\/strong> ont d\u00e9j\u00e0 act\u00e9 quatre d\u00e9parts : <strong>Luis Henrique<\/strong> a sign\u00e9 \u00e0 l\u2019Inter Milan, <strong>Quentin<\/strong> <strong>Merlin<\/strong> et <strong>Valentin<\/strong> <strong>Rongier<\/strong> se sont engag\u00e9s \u00e0 <strong>Rennes<\/strong> alors que <strong>Pau Lopez<\/strong> a sign\u00e9 \u00e0 Toluca.<\/p>\n<p>Isma\u00ebl Kon\u00e9 \u00e0 <strong>Sassuolo<\/strong><\/p>\n<p style=\"text-align: justify;\">Parmi les joueurs plac\u00e9s sur la liste des transferts par l\u2019<strong>OM<\/strong>, le milieu de terrain <strong>Isma\u00ebl<\/strong> <strong>Kon\u00e9<\/strong>, qui dispose d\u2019une tr\u00e8s belle cote sur le march\u00e9 des transferts. Alors qu\u2019il n\u2019entre pas dans les plans de <strong>Roberto De Zerbi<\/strong>, il reste sur un pr\u00eat de six mois int\u00e9ressant au <strong>Stade<\/strong> <strong>Rennais<\/strong>. Plusieurs clubs italiens se sont r\u00e9cemment positionn\u00e9s pour le recruter.<\/p>\n<p style=\"text-align: justify;\">Alors que l\u2019<strong>AS Rome<\/strong> tenait la corde depuis plusieurs semaines, c\u2019est finalement <strong>Sassuolo<\/strong> qui va rafler la mise. Le club italien a trouv\u00e9 un accord pour un pr\u00eat \u00e0 2,5 millions, assorti d\u2019une obligation d\u2019achat \u00e0 10 millions d\u2019euros. La seule condition qui pourrait permettre \u00e0 la formation transalpine de ne pas recruter d\u00e9finitivement le joueur est une rel\u00e9gation en Serie B.<\/p>\n<p>\u00c0 ce sujet<br \/>\n<a href=\"https:\/\/dicodusport.fr\/blog\/mercato-om-2025-2026-le-tableau-complet-des-transferts-arrivees-et-departs\/\" class=\"vlp-link\" title=\"Mercato OM 2025-2026 : Le tableau complet des transferts, arriv\u00e9es et d\u00e9parts\" target=\"_blank\" rel=\"noopener\"><img loading=\"lazy\" decoding=\"async\" style=\"max-width: 792px;\" width=\"792\" height=\"445\" class=\"attachment-800x445 size-800x445 perfmatters-lazy\" alt=\"Mercato OM 2025-2026 Le tableau complet des transferts, arriv\u00e9es et d\u00e9parts\" src=\"https:\/\/www.europesays.com\/fr\/wp-content\/uploads\/2025\/06\/Mercato-OM-2025-2026-Le-tableau-complet-des-transferts-arrivees-et-departs.png\"  data-\/><\/p>\n<p>Mercato OM 2025-2026 : Le tableau complet des transferts, arriv\u00e9es et d\u00e9parts<\/p>\n<p>TRANSFERTS OM &#8211; Retrouvez tous les mouvements de l&rsquo;Olympique de Marseille pour l&rsquo;intersaison 2025 en Ligue 1. Arriv\u00e9es, d\u00e9part, pr\u00eats, transferts d\u00e9finitifs, ne ratez rien du mercato estival.\u00a0<\/p>\n<p>Lire l&rsquo;article<\/p>\n<p>dicodusport.fr<\/p>\n","protected":false},"excerpt":{"rendered":"TRANSFERTS \u2013 Selon Foot Mercato, le milieu de terrain Isma\u00ebl Kon\u00e9 va quitter l\u2019OM pour rejoindre Sassuolo en&hellip;\n","protected":false},"author":2,"featured_media":275396,"comment_status":"","ping_status":"","sticky":false,"template":"","format":"standard","meta":{"footnotes":""},"categories":[2814],"tags":[1111,11,2113,1777,674,1011,27,884,23100,12,149,882,25],"class_list":{"0":"post-275395","1":"post","2":"type-post","3":"status-publish","4":"format-standard","5":"has-post-thumbnail","7":"category-marseille","8":"tag-actu","9":"tag-actualites","10":"tag-breve","11":"tag-eu","12":"tag-europe","13":"tag-fr","14":"tag-france","15":"tag-marseille","16":"tag-mercato-football","17":"tag-news","18":"tag-om","19":"tag-provence-alpes-cote-dazur","20":"tag-republique-francaise"},"share_on_mastodon":{"url":"https:\/\/pubeurope.com\/@fr\/114920073853529440","error":""},"_links":{"self":[{"href":"https:\/\/www.europesays.com\/fr\/wp-json\/wp\/v2\/posts\/275395","targetHints":{"allow":["GET"]}}],"collection":[{"href":"https:\/\/www.europesays.com\/fr\/wp-json\/wp\/v2\/posts"}],"about":[{"href":"https:\/\/www.europesays.com\/fr\/wp-json\/wp\/v2\/types\/post"}],"author":[{"embeddable":true,"href":"https:\/\/www.europesays.com\/fr\/wp-json\/wp\/v2\/users\/2"}],"replies":[{"embeddable":true,"href":"https:\/\/www.europesays.com\/fr\/wp-json\/wp\/v2\/comments?post=275395"}],"version-history":[{"count":0,"href":"https:\/\/www.europesays.com\/fr\/wp-json\/wp\/v2\/posts\/275395\/revisions"}],"wp:featuredmedia":[{"embeddable":true,"href":"https:\/\/www.europesays.com\/fr\/wp-json\/wp\/v2\/media\/275396"}],"wp:attachment":[{"href":"https:\/\/www.europesays.com\/fr\/wp-json\/wp\/v2\/media?parent=275395"}],"wp:term":[{"taxonomy":"category","embeddable":true,"href":"https:\/\/www.europesays.com\/fr\/wp-json\/wp\/v2\/categories?post=275395"},{"taxonomy":"post_tag","embeddable":true,"href":"https:\/\/www.europesays.com\/fr\/wp-json\/wp\/v2\/tags?post=275395"}],"curies":[{"name":"wp","href":"https:\/\/api.w.org\/{rel}","templated":true}]}}