{"id":275397,"date":"2025-07-26T14:45:06","date_gmt":"2025-07-26T14:45:06","guid":{"rendered":"https:\/\/www.europesays.com\/fr\/275397\/"},"modified":"2025-07-26T14:45:06","modified_gmt":"2025-07-26T14:45:06","slug":"cet-ete-une-pluie-de-pv-a-lyon-et-villeurbanne","status":"publish","type":"post","link":"https:\/\/www.europesays.com\/fr\/275397\/","title":{"rendered":"cet \u00e9t\u00e9, une pluie de PV \u00e0 Lyon et Villeurbanne"},"content":{"rendered":"<p>Les contr\u00f4les routiers, renforc\u00e9s en cette p\u00e9riode estivale dans le d\u00e9partement du Rh\u00f4ne, sur fond de tr\u00e8s mauvais chiffres de mortalit\u00e9 routi\u00e8re, se poursuivent.<\/p>\n<p>Selon nos informations, une op\u00e9ration men\u00e9e pendant 45 minutes, vendredi matin, sur le boulevard Laurent-Bonnevay, \u00e0 Villeurbanne, s\u2019est sold\u00e9e par six PV pour exc\u00e8s de vitesse de plus de 20\u00a0km\/h. Parmi ces derniers, deux automobilistes ont \u00e9t\u00e9 verbalis\u00e9s pour un d\u00e9passement compris entre 30 et 40\u00a0km\/h et un conducteur pour un exc\u00e8s de plus de 50\u00a0km\/h par rapport \u00e0 la vitesse maximale autoris\u00e9e de 70\u00a0km\/h sur cet axe.<\/p>\n<p>  Deux fois plus d\u2019accidents mortels dans le d\u00e9partement<\/p>\n<p>Vendredi matin toujours, sur une autre op\u00e9ration de contr\u00f4le, men\u00e9e l\u00e0 encore pendant 45 minutes, avenue Berthelot et rue Raoul-Servant, \u00e0 Lyon 7e , trois infractions ont \u00e9t\u00e9 relev\u00e9es\u00a0: un d\u00e9faut de contr\u00f4le technique, un non-transfert de carte grise par le nouveau propri\u00e9taire et une non-pr\u00e9sentation du permis de conduire.<\/p>\n<p>La journ\u00e9e de vendredi a \u00e9t\u00e9 endeuill\u00e9e par un nouvel accident mortel sur les routes du Rh\u00f4ne. Vers 13\u00a0h\u00a030, un homme de 29 ans a perdu la vie, sur la RD385, \u00e0 Belmont-d\u2019Azergues, dans le Beaujolais, lors d\u2019un <a href=\"https:\/\/www.leprogres.fr\/faits-divers-justice\/2025\/07\/25\/choc-frontal-entre-un-vehicule-et-un-poids-lourd-a-belmont-d-azergues-un-automobiliste-de-29-ans-decede\" target=\"_blank\" rel=\"noopener\">choc frontal<\/a> entre une voiture et un poids lourd. Il est la 39 e victime \u00e0 d\u00e9c\u00e9der dans un accident de la circulation, cette ann\u00e9e, dans le d\u00e9partement, <a href=\"https:\/\/www.leprogres.fr\/faits-divers-justice\/2025\/07\/03\/les-accidents-mortels-ont-double-les-controles-routiers-vont-se-multiplier-pour-les-vacances\" target=\"_blank\" rel=\"noopener\">un chiffre qui a doubl\u00e9<\/a> par rapport \u00e0 2024.<\/p>\n","protected":false},"excerpt":{"rendered":"Les contr\u00f4les routiers, renforc\u00e9s en cette p\u00e9riode estivale dans le d\u00e9partement du Rh\u00f4ne, sur fond de tr\u00e8s mauvais&hellip;\n","protected":false},"author":2,"featured_media":275398,"comment_status":"","ping_status":"","sticky":false,"template":"","format":"standard","meta":{"footnotes":""},"categories":[1889],"tags":[1111,11,2430,271,272,2757,1777,674,274,107,1011,27,2428,2756,12,25,2429],"class_list":{"0":"post-275397","1":"post","2":"type-post","3":"status-publish","4":"format-standard","5":"has-post-thumbnail","7":"category-lyon","8":"tag-actu","9":"tag-actualites","10":"tag-auvergne-rhone-alpes","11":"tag-crime","12":"tag-delit-et-contravention","13":"tag-edition-lyon-villeurbanne","14":"tag-eu","15":"tag-europe","16":"tag-faits-divers-justice","17":"tag-fil-info","18":"tag-fr","19":"tag-france","20":"tag-lyon","21":"tag-lyon-bassin","22":"tag-news","23":"tag-republique-francaise","24":"tag-rhone"},"share_on_mastodon":{"url":"https:\/\/pubeurope.com\/@fr\/114920077605871839","error":""},"_links":{"self":[{"href":"https:\/\/www.europesays.com\/fr\/wp-json\/wp\/v2\/posts\/275397","targetHints":{"allow":["GET"]}}],"collection":[{"href":"https:\/\/www.europesays.com\/fr\/wp-json\/wp\/v2\/posts"}],"about":[{"href":"https:\/\/www.europesays.com\/fr\/wp-json\/wp\/v2\/types\/post"}],"author":[{"embeddable":true,"href":"https:\/\/www.europesays.com\/fr\/wp-json\/wp\/v2\/users\/2"}],"replies":[{"embeddable":true,"href":"https:\/\/www.europesays.com\/fr\/wp-json\/wp\/v2\/comments?post=275397"}],"version-history":[{"count":0,"href":"https:\/\/www.europesays.com\/fr\/wp-json\/wp\/v2\/posts\/275397\/revisions"}],"wp:featuredmedia":[{"embeddable":true,"href":"https:\/\/www.europesays.com\/fr\/wp-json\/wp\/v2\/media\/275398"}],"wp:attachment":[{"href":"https:\/\/www.europesays.com\/fr\/wp-json\/wp\/v2\/media?parent=275397"}],"wp:term":[{"taxonomy":"category","embeddable":true,"href":"https:\/\/www.europesays.com\/fr\/wp-json\/wp\/v2\/categories?post=275397"},{"taxonomy":"post_tag","embeddable":true,"href":"https:\/\/www.europesays.com\/fr\/wp-json\/wp\/v2\/tags?post=275397"}],"curies":[{"name":"wp","href":"https:\/\/api.w.org\/{rel}","templated":true}]}}