{"id":275403,"date":"2025-07-26T14:50:10","date_gmt":"2025-07-26T14:50:10","guid":{"rendered":"https:\/\/www.europesays.com\/fr\/275403\/"},"modified":"2025-07-26T14:50:10","modified_gmt":"2025-07-26T14:50:10","slug":"le-retour-de-centrale-place-le-festival-rap-en-plein-paris","status":"publish","type":"post","link":"https:\/\/www.europesays.com\/fr\/275403\/","title":{"rendered":"Le retour de \u00ab\u00a0Centrale Place\u00a0\u00bb, le festival rap en plein Paris !"},"content":{"rendered":"<p itemprop=\"description\"><strong>La Place revient fort en 2025 avec \u00ab\u00a0Centrale Place\u00a0\u00bb, son festival 100 % rap au c\u0153ur de Paris. Une \u00e9dition attendue depuis presque deux ans.<\/strong><\/p>\n<p>Depuis <strong>ses premi\u00e8res \u00e9ditions<\/strong> en 2022 et 2023, <strong>\u00ab\u00a0Centrale Place\u00a0\u00bb<\/strong> s\u2019est impos\u00e9 comme un \u00e9v\u00e9nement incontournable pour les amoureux de rap et de culture urbaine <strong>d&rsquo;\u00cele-de-France<\/strong>. Organis\u00e9 par <strong>La Place<\/strong>, centre culturel hip-hop de Paris, <strong>le festival<\/strong> promet une ambiance qui m\u00eale concerts, conf\u00e9rences et battles. Lors des deux premi\u00e8res \u00e9ditions, l\u2019\u00e9v\u00e9nement avait rassembl\u00e9 des milliers de fans <strong>aux Halles de Paris<\/strong>, en mettant \u00e0 l&rsquo;honneur les talents de demain, mais aussi des noms plus connus comme <a href=\"https:\/\/generations.fr\/video\/clip\/28937\/dj-kayz-ft-rim-k-jul-dieselle-jnoune-clip-officiel\" target=\"_blank\" rel=\"noopener nofollow\">Rim&rsquo;K<\/a>, <a href=\"https:\/\/generations.fr\/video\/clip\/76780\/small-x-yp-et-di-meh-sont-ok\" target=\"_blank\" rel=\"noopener nofollow\">DI-meh<\/a>, <a href=\"https:\/\/generations.fr\/news\/musique\/78536\/gims-doums-s-excuse-aupres-de-sa-femme-apres-leur-clash\" target=\"_blank\" rel=\"noopener nofollow\">Doums<\/a> et <strong>beaucoup d&rsquo;autres<\/strong>.<\/p>\n<p><strong>Pour 2025<\/strong>, \u00ab\u00a0Centrale Place\u00a0\u00bb a annonc\u00e9 son retour sur Instagram et revient du <strong>8 au 11 octobre<\/strong> avec une programmation qui frappe fort avec : 34Murphy, 47Meow, Akela, Diddi Trix, IGO, Jaur\u00e8s, Jeune Mort. Mais aussi Lawskie, Meech20x50, Shinobihana, Venom CZ ou encore Loxymore. <strong>D&rsquo;autres noms vont encore \u00eatre annonc\u00e9s<\/strong> dans les prochains jours sur les diff\u00e9rents r\u00e9seaux de l&rsquo;organisateur. Les artistes performeront sur <strong>deux sc\u00e8nes<\/strong>, <strong>une ext\u00e9rieur<\/strong> sous le site de la Canop\u00e9e des Halles et l&rsquo;autre <strong>\u00e0 l&rsquo;int\u00e9rieur<\/strong>, dans la salle de concert de La Place.<\/p>\n<p>Avec \u00ab\u00a0Centrale Place\u00a0\u00bb, La Place r\u00e9affirme son r\u00f4le de<strong> tremplin du rap francophone<\/strong>. Ce retour en 2025 apr\u00e8s <strong>deux ans d&rsquo;attentes<\/strong> s\u2019annonce comme une c\u00e9l\u00e9bration du rap dans toute sa diversit\u00e9, m\u00e9langeant t\u00eates d&rsquo;affiche et stars en devenir. <strong>Plus qu&rsquo;un simple festival<\/strong>, un vrai moment de culture et de sc\u00e8ne \u00e0 ne pas manquer !<\/p>\n<p>\u00a0<\/p>\n<blockquote class=\"instagram-media\" style=\"background: #FFF; border: 0; border-radius: 3px; box-shadow: 0 0 1px 0 rgba(0,0,0,0.5),0 1px 10px 0 rgba(0,0,0,0.15); margin: 1px; max-width: 540px; min-width: 326px; padding: 0; width: calc(100% - 2px);\" data-instgrm-captioned=\"\" data-instgrm-permalink=\"https:\/\/www.instagram.com\/p\/DMNjL3CNqlX\/?utm_source=ig_embed&amp;utm_campaign=loading\" data-instgrm-version=\"14\"><p>&#13;<br \/>\n&#13;\n<\/p><\/blockquote>\n<p>\t\t\t\t\t\t\t\t\t\t\t\t\t\t\t\t\t\t\t<script async src=\"\/\/www.instagram.com\/embed.js\"><\/script><\/p>\n","protected":false},"excerpt":{"rendered":"La Place revient fort en 2025 avec \u00ab\u00a0Centrale Place\u00a0\u00bb, son festival 100 % rap au c\u0153ur de Paris.&hellip;\n","protected":false},"author":2,"featured_media":275404,"comment_status":"","ping_status":"","sticky":false,"template":"","format":"standard","meta":{"footnotes":""},"categories":[1888],"tags":[3627,3628,3626,3632,3631,3630,3629,1111,1928,11,1927,3649,3634,3647,3663,3625,3623,3646,2163,3648,3645,1777,674,3660,1011,27,3612,3620,3606,3607,3605,3608,3665,3657,3622,3613,3617,3615,3609,3614,3659,3654,3643,3653,3650,3641,3636,3642,3638,3651,3635,1361,873,12,1926,3624,626,1925,3639,2189,3658,1825,3618,3616,3661,3656,3619,25,3621,3662,3640,3664,3633,3644,3611,3610,3637,1863,2955,3655,3652],"class_list":{"0":"post-275403","1":"post","2":"type-post","3":"status-publish","4":"format-standard","5":"has-post-thumbnail","7":"category-paris","8":"tag-3627","9":"tag-3628","10":"tag-3626","11":"tag-3632","12":"tag-3631","13":"tag-3630","14":"tag-3629","15":"tag-actu","16":"tag-actu-paris","17":"tag-actualites","18":"tag-actualites-paris","19":"tag-al-peco","20":"tag-alibi","21":"tag-alpeco","22":"tag-b2o","23":"tag-banlieue","24":"tag-black","25":"tag-booba","26":"tag-chroniques","27":"tag-despo","28":"tag-diams","29":"tag-eu","30":"tag-europe","31":"tag-exclus","32":"tag-fr","33":"tag-france","34":"tag-freestyles","35":"tag-funk","36":"tag-generation","37":"tag-generation88-2","38":"tag-generations","39":"tag-generations88-2","40":"tag-generationslive","41":"tag-genratio","42":"tag-grime","43":"tag-hip","44":"tag-hip-hop","45":"tag-hiphop","46":"tag-hiphopsoul","47":"tag-hop","48":"tag-hotlist","49":"tag-james","50":"tag-k1fry","51":"tag-kerry","52":"tag-larsen","53":"tag-lim","54":"tag-lskadrille","55":"tag-mafia","56":"tag-mctyer","57":"tag-medine","58":"tag-montana","59":"tag-music","60":"tag-musique","61":"tag-news","62":"tag-news-paris","63":"tag-noir","64":"tag-paris","65":"tag-paris-news","66":"tag-parishiphop","67":"tag-photos","68":"tag-playlist","69":"tag-radio","70":"tag-ragga","71":"tag-rap","72":"tag-rap-francais","73":"tag-rapfr","74":"tag-reggae","75":"tag-republique-francaise","76":"tag-rnb","77":"tag-roh2f","78":"tag-rue","79":"tag-ruskov-molotov","80":"tag-sefyu","81":"tag-sinik","82":"tag-sons","83":"tag-soul","84":"tag-tandem","85":"tag-us","86":"tag-videos","87":"tag-webradio","88":"tag-youssoupha"},"share_on_mastodon":{"url":"","error":"Validation failed: Text character limit of 500 exceeded"},"_links":{"self":[{"href":"https:\/\/www.europesays.com\/fr\/wp-json\/wp\/v2\/posts\/275403","targetHints":{"allow":["GET"]}}],"collection":[{"href":"https:\/\/www.europesays.com\/fr\/wp-json\/wp\/v2\/posts"}],"about":[{"href":"https:\/\/www.europesays.com\/fr\/wp-json\/wp\/v2\/types\/post"}],"author":[{"embeddable":true,"href":"https:\/\/www.europesays.com\/fr\/wp-json\/wp\/v2\/users\/2"}],"replies":[{"embeddable":true,"href":"https:\/\/www.europesays.com\/fr\/wp-json\/wp\/v2\/comments?post=275403"}],"version-history":[{"count":0,"href":"https:\/\/www.europesays.com\/fr\/wp-json\/wp\/v2\/posts\/275403\/revisions"}],"wp:featuredmedia":[{"embeddable":true,"href":"https:\/\/www.europesays.com\/fr\/wp-json\/wp\/v2\/media\/275404"}],"wp:attachment":[{"href":"https:\/\/www.europesays.com\/fr\/wp-json\/wp\/v2\/media?parent=275403"}],"wp:term":[{"taxonomy":"category","embeddable":true,"href":"https:\/\/www.europesays.com\/fr\/wp-json\/wp\/v2\/categories?post=275403"},{"taxonomy":"post_tag","embeddable":true,"href":"https:\/\/www.europesays.com\/fr\/wp-json\/wp\/v2\/tags?post=275403"}],"curies":[{"name":"wp","href":"https:\/\/api.w.org\/{rel}","templated":true}]}}