{"id":275405,"date":"2025-07-26T14:51:10","date_gmt":"2025-07-26T14:51:10","guid":{"rendered":"https:\/\/www.europesays.com\/fr\/275405\/"},"modified":"2025-07-26T14:51:10","modified_gmt":"2025-07-26T14:51:10","slug":"le-louvre-et-ses-10-000-marches-de-philippe-auguste-a-mitterrand-visitez-le-musee-par-ses-escaliers","status":"publish","type":"post","link":"https:\/\/www.europesays.com\/fr\/275405\/","title":{"rendered":"Le Louvre et ses 10 000 marches\u00a0: de Philippe Auguste \u00e0 Mitterrand, visitez le mus\u00e9e\u2026 par ses escaliers\u00a0!"},"content":{"rendered":"<p class=\"paragraph text_align_left lp-f-body-02\">Le Louvre compterait dix mille marches d\u2019escaliers. Nous n\u2019avons pas v\u00e9rifi\u00e9. Nous en avons emprunt\u00e9 quelques-uns, parmi les plus beaux, en compagnie de Vivien Richard, chef de service de l\u2019histoire du Louvre \u2014 qui a quitt\u00e9 son poste il y a quelques jours pour rejoindre <a href=\"https:\/\/www.leparisien.fr\/culture-loisirs\/sortir-region-parisienne\/patrimoine-en-ile-de-france-ici-osait-josephine-10-11-2017-7385832.php\" target=\"_blank\" rel=\"noreferrer noopener\">le ch\u00e2teau de Malmaison<\/a>, \u00e0 Rueil (Hauts-de-Seine).<\/p>\n<p class=\"paragraph text_align_left lp-f-body-02\">Les escaliers, quelle actualit\u00e9 ? Les emprunter plut\u00f4t que de prendre l\u2019ascenseur, c\u2019est recommand\u00e9 par votre application sant\u00e9 qui comptabilise vos pas et kilom\u00e8tres parcourus chaque jour. L\u2019\u00e9t\u00e9, <a href=\"https:\/\/www.leparisien.fr\/paris-75\/le-musee-du-louvre-maintient-sa-frequentation-en-2024-malgre-la-parenthese-jo-06-01-2025-6Z6LNYWQYNHCZPKR6SP5RBSUKU.php#:~:text=sa%20fr%C3%A9quentation%20au%20niveau%20de,du%20Louvre%20dans%20un%20communiqu%C3%A9.\" target=\"_self\" rel=\"noopener\">le Louvre est tellement fr\u00e9quent\u00e9 <\/a>que nous avons peut-\u00eatre int\u00e9r\u00eat \u00e0 regarder ailleurs. Vers les escaliers du Palais, tellement majestueux et vari\u00e9s, du Moyen \u00c2ge au Second Empire et m\u00eame \u00e0 Fran\u00e7ois Mitterrand, sous le r\u00e8gne duquel la cr\u00e9ativit\u00e9 a franchi une nouvelle marche.<\/p>\n","protected":false},"excerpt":{"rendered":"Le Louvre compterait dix mille marches d\u2019escaliers. Nous n\u2019avons pas v\u00e9rifi\u00e9. Nous en avons emprunt\u00e9 quelques-uns, parmi les&hellip;\n","protected":false},"author":2,"featured_media":275406,"comment_status":"","ping_status":"","sticky":false,"template":"","format":"standard","meta":{"footnotes":""},"categories":[1888],"tags":[11,872,1777,674,1011,27,12,626,25,6047],"class_list":{"0":"post-275405","1":"post","2":"type-post","3":"status-publish","4":"format-standard","5":"has-post-thumbnail","7":"category-paris","8":"tag-actualites","9":"tag-culture-et-loisirs","10":"tag-eu","11":"tag-europe","12":"tag-fr","13":"tag-france","14":"tag-news","15":"tag-paris","16":"tag-republique-francaise","17":"tag-sortir-en-region-parisienne"},"share_on_mastodon":{"url":"https:\/\/pubeurope.com\/@fr\/114920101265107779","error":""},"_links":{"self":[{"href":"https:\/\/www.europesays.com\/fr\/wp-json\/wp\/v2\/posts\/275405","targetHints":{"allow":["GET"]}}],"collection":[{"href":"https:\/\/www.europesays.com\/fr\/wp-json\/wp\/v2\/posts"}],"about":[{"href":"https:\/\/www.europesays.com\/fr\/wp-json\/wp\/v2\/types\/post"}],"author":[{"embeddable":true,"href":"https:\/\/www.europesays.com\/fr\/wp-json\/wp\/v2\/users\/2"}],"replies":[{"embeddable":true,"href":"https:\/\/www.europesays.com\/fr\/wp-json\/wp\/v2\/comments?post=275405"}],"version-history":[{"count":0,"href":"https:\/\/www.europesays.com\/fr\/wp-json\/wp\/v2\/posts\/275405\/revisions"}],"wp:featuredmedia":[{"embeddable":true,"href":"https:\/\/www.europesays.com\/fr\/wp-json\/wp\/v2\/media\/275406"}],"wp:attachment":[{"href":"https:\/\/www.europesays.com\/fr\/wp-json\/wp\/v2\/media?parent=275405"}],"wp:term":[{"taxonomy":"category","embeddable":true,"href":"https:\/\/www.europesays.com\/fr\/wp-json\/wp\/v2\/categories?post=275405"},{"taxonomy":"post_tag","embeddable":true,"href":"https:\/\/www.europesays.com\/fr\/wp-json\/wp\/v2\/tags?post=275405"}],"curies":[{"name":"wp","href":"https:\/\/api.w.org\/{rel}","templated":true}]}}