{"id":275407,"date":"2025-07-26T14:52:10","date_gmt":"2025-07-26T14:52:10","guid":{"rendered":"https:\/\/www.europesays.com\/fr\/275407\/"},"modified":"2025-07-26T14:52:10","modified_gmt":"2025-07-26T14:52:10","slug":"les-femmes-de-paris-un-bel-hymne-a-la-france","status":"publish","type":"post","link":"https:\/\/www.europesays.com\/fr\/275407\/","title":{"rendered":"\u201cLes Femmes de Paris\u201d, un bel hymne \u00e0 la France"},"content":{"rendered":"<p>La chanteuse australienne Nikki Nouveau enchante le public du <a href=\"https:\/\/www.laprovence.com\/article\/culture-loisirs\/65534080394297\/festival-davignon-1-6-million-de-billets-vendus-pendant-le-festival-off-2025\" target=\"_blank\" rel=\"nofollow noopener\">Festival Off d&rsquo;Avignon<\/a>, au Chapeau Rouge, avec Les Femmes de Paris, un cabaret musical aussi \u00e9l\u00e9gant que captivant. Accompagn\u00e9e au piano par Francis Squire, elle chante, avec le charme de l&rsquo;accent britannique, les grandes ic\u00f4nes f\u00e9minines qui ont marqu\u00e9 l&rsquo;histoire culturelle de Paris.<\/p>\n<p>Piaf, Baker, Bardot, Birkin ou encore Dalida<\/p>\n<p>Durant une petite heure, elle revisite avec gr\u00e2ce le r\u00e9pertoire de Piaf, Baker, Bardot, Birkin ou encore Dalida, m\u00ealant chant, narration et anecdotes personnelles dans une mise en sc\u00e8ne sobre mais raffin\u00e9e.\u00a0\u00bbMon inspiration est une exploration de moi-m\u00eame, comprendre pourquoi je suis attir\u00e9e par Paris et la culture fran\u00e7aise depuis l&rsquo;enfance\u00a0\u00bb, confie l&rsquo;artiste. Finaliste des Australian Women In Music Awards 2023, elle est \u00e9galement ambassadrice des Associations \u00c9dith Piaf \u00e0 Paris et Grasse.<\/p>\n<p>\u00a0\u00ab\u00a0Cela m&rsquo;a pris une ann\u00e9e \u00e0 me pr\u00e9parer pour venir jouer \u00e0 Avignon. Je suis venue d&rsquo;Australie pour me produire ici, en fran\u00e7ais, et j&rsquo;esp\u00e8re un jour pouvoir faire une tourn\u00e9e \u00e0 Paris.\u00a0\u00bb <br \/>Les Femmes de Paris est un hommage sinc\u00e8re et po\u00e9tique \u00e0 la f\u00e9minit\u00e9, \u00e0 la France et \u00e0 la Ville Lumi\u00e8re. Un spectacle musical \u00e0 d\u00e9couvrir et \u00e0 ne pas manquer pour la derni\u00e8re repr\u00e9sentation ce soir.<\/p>\n<p><strong>\u00ab\u00a0Les Femmes de Paris\u00a0\u00bb, th\u00e9\u00e2tre du Chapeau Rouge , 34-36 rue du Chapeau-Rouge \u00e0 Avignon, \u00e0 18 h 20, jusqu&rsquo;au 26 juillet. Tarifs : 20\u20ac et 14\u20ac.\u00a0R\u00e9servation au 04\u00a090\u00a084\u00a004\u00a003.\u00a0<\/strong><\/p>\n","protected":false},"excerpt":{"rendered":"La chanteuse australienne Nikki Nouveau enchante le public du Festival Off d&rsquo;Avignon, au Chapeau Rouge, avec Les Femmes&hellip;\n","protected":false},"author":2,"featured_media":275408,"comment_status":"","ping_status":"","sticky":false,"template":"","format":"standard","meta":{"footnotes":""},"categories":[1888],"tags":[17,11,22681,251,850,1777,674,4651,849,1011,27,151,12,13775,626,25],"class_list":{"0":"post-275407","1":"post","2":"type-post","3":"status-publish","4":"format-standard","5":"has-post-thumbnail","7":"category-paris","8":"tag-17","9":"tag-actualites","10":"tag-bel","11":"tag-culture","12":"tag-davignon","13":"tag-eu","14":"tag-europe","15":"tag-femmes","16":"tag-festival","17":"tag-fr","18":"tag-france","19":"tag-les","20":"tag-news","21":"tag-off","22":"tag-paris","23":"tag-republique-francaise"},"share_on_mastodon":{"url":"https:\/\/pubeurope.com\/@fr\/114920105255154621","error":""},"_links":{"self":[{"href":"https:\/\/www.europesays.com\/fr\/wp-json\/wp\/v2\/posts\/275407","targetHints":{"allow":["GET"]}}],"collection":[{"href":"https:\/\/www.europesays.com\/fr\/wp-json\/wp\/v2\/posts"}],"about":[{"href":"https:\/\/www.europesays.com\/fr\/wp-json\/wp\/v2\/types\/post"}],"author":[{"embeddable":true,"href":"https:\/\/www.europesays.com\/fr\/wp-json\/wp\/v2\/users\/2"}],"replies":[{"embeddable":true,"href":"https:\/\/www.europesays.com\/fr\/wp-json\/wp\/v2\/comments?post=275407"}],"version-history":[{"count":0,"href":"https:\/\/www.europesays.com\/fr\/wp-json\/wp\/v2\/posts\/275407\/revisions"}],"wp:featuredmedia":[{"embeddable":true,"href":"https:\/\/www.europesays.com\/fr\/wp-json\/wp\/v2\/media\/275408"}],"wp:attachment":[{"href":"https:\/\/www.europesays.com\/fr\/wp-json\/wp\/v2\/media?parent=275407"}],"wp:term":[{"taxonomy":"category","embeddable":true,"href":"https:\/\/www.europesays.com\/fr\/wp-json\/wp\/v2\/categories?post=275407"},{"taxonomy":"post_tag","embeddable":true,"href":"https:\/\/www.europesays.com\/fr\/wp-json\/wp\/v2\/tags?post=275407"}],"curies":[{"name":"wp","href":"https:\/\/api.w.org\/{rel}","templated":true}]}}