{"id":275413,"date":"2025-07-26T14:55:11","date_gmt":"2025-07-26T14:55:11","guid":{"rendered":"https:\/\/www.europesays.com\/fr\/275413\/"},"modified":"2025-07-26T14:55:11","modified_gmt":"2025-07-26T14:55:11","slug":"visee-par-les-coupes-de-donald-trump-la-nasa-va-perdre-pres-de-20-de-ses-effectifs","status":"publish","type":"post","link":"https:\/\/www.europesays.com\/fr\/275413\/","title":{"rendered":"vis\u00e9e par les coupes de Donald Trump, la Nasa va perdre pr\u00e8s de 20% de ses effectifs"},"content":{"rendered":"<p>Malgr\u00e9 ce d\u00e9graissage, l\u2019agence spatiale am\u00e9ricaine devra poursuivre convenablement ses missions habit\u00e9es sur la Lune et Mars, dont le pr\u00e9sident am\u00e9ricain a fait une priorit\u00e9.<\/p>\n<p class=\"fig-paragraph\">La Nasa, l&rsquo;agence spatiale am\u00e9ricaine, va perdre pr\u00e8s de 3900 employ\u00e9s dans le cadre de la politique men\u00e9e par Donald Trump de\u00a0<a href=\"http:\/\/www.lefigaro.fr\/sciences\/josef-aschbacher-les-coupes-dans-le-budget-de-la-nasa-doivent-etre-un-declic-pour-une-europe-spatiale-plus-autonome-20250615\" data-fig-type=\"Article\" data-gtm-custom-categorie=\"navigation\" data-gtm-custom-action=\"crossclick\" data-gtm-custom-label=\"Contextuel\" data-gtm-event=\"customEventSPE\" data-fig-domain=\"LEFIGARO\" target=\"_blank\" rel=\"noopener\">d\u00e9graissage des employ\u00e9s f\u00e9d\u00e9raux<\/a>, alors que le pr\u00e9sident a fait des missions habit\u00e9es sur la Lune et Mars une priorit\u00e9. Dans un communiqu\u00e9 ce samedi transmis par email, la prestigieuse agence a fait savoir qu&rsquo;environ 3000 personnes ont particip\u00e9 \u00e0 la deuxi\u00e8me vague de son programme de licenciements diff\u00e9r\u00e9s, qui s&rsquo;est achev\u00e9e vendredi.<\/p>\n<p class=\"fig-paragraph\">Si l&rsquo;on ajoute les 870 personnes qui ont particip\u00e9 au premier cycle de ce programme et les d\u00e9parts r\u00e9guliers du personnel, l&rsquo;agence spatiale am\u00e9ricaine voit ses effectifs passer de 18.000 employ\u00e9s avant l&rsquo;arriv\u00e9e de Donald Trump au pouvoir fin janvier \u00e0 14.000, soit une baisse de 20%. Ceux qui ont d\u00e9cid\u00e9 de quitter la Nasa dans le cadre du programme seront plac\u00e9s en cong\u00e9s jusqu&rsquo;\u00e0 leur date de d\u00e9part. Un porte-parole de l&rsquo;agence a fait savoir que les chiffres pouvaient sensiblement changer ces prochaines semaines.<\/p>\n<p>                                    <a class=\"fig-a11y-skip a11y-hidden\" href=\"#fig-a11y-skip-main-inarticle\"><br \/>\n        Passer la publicit\u00e9<br \/>\n    <\/a><\/p>\n<p>\u00abBattre la Chine\u00bb dans la course vers la Lune<\/p>\n<p class=\"fig-paragraph\">La Nasa souligne que \u00abla s\u00e9curit\u00e9 reste une priorit\u00e9 absolue\u00bb, alors qu&rsquo;elle cherche \u00ab\u00e0 trouver un \u00e9quilibre entre la n\u00e9cessit\u00e9 de devenir une organisation plus rationalis\u00e9e et efficace et celle de rester en pleine capacit\u00e9 de poursuivre un \u00e2ge d&rsquo;or d&rsquo;exploration et d&rsquo;innovation, notamment vers la Lune et Mars\u00bb. Plus t\u00f4t cette ann\u00e9e, l&rsquo;administration Trump a propos\u00e9 un budget de la Nasa centr\u00e9 sur un retour sur la Lune et une\u00a0<a href=\"http:\/\/www.lefigaro.fr\/economie\/space-x-missions-lunaires-megalopole-sur-mars-apres-une-annee-2024-record-les-ambitions-decuplees-d-elon-musk-20250107\" data-fig-type=\"Article\" data-gtm-custom-categorie=\"navigation\" data-gtm-custom-action=\"crossclick\" data-gtm-custom-label=\"Contextuel\" data-gtm-event=\"customEventSPE\" data-fig-domain=\"LEFIGARO\" target=\"_blank\" rel=\"noopener\">mission sur Mars<\/a>, au d\u00e9triment de programmes scientifiques et climatiques.<\/p>\n<p class=\"fig-paragraph\">La Maison-Blanche a dit qu&rsquo;elle souhaitait \u00abbattre la Chine dans la course vers la Lune et envoyer le premier humain sur Mars\u00bb. La Chine pr\u00e9voit de r\u00e9aliser son\u00a0<a href=\"https:\/\/www.lefigaro.fr\/sciences\/2018\/07\/05\/01008-20180705ARTFIG00158-la-chine-developpe-une-fusee-monumentale-pour-aller-sur-la-lune-apres-2030.php\" data-fig-type=\"Article\" data-gtm-custom-categorie=\"navigation\" data-gtm-custom-action=\"crossclick\" data-gtm-custom-label=\"Contextuel\" data-gtm-event=\"customEventSPE\" data-fig-domain=\"LEFIGARO\" target=\"_blank\" rel=\"noopener\">premier alunissage habit\u00e9 d&rsquo;ici 2030<\/a>, tandis que le programme am\u00e9ricain, baptis\u00e9 Artemis, conna\u00eet des retards \u00e0 r\u00e9p\u00e9tition. Donald Trump a nomm\u00e9 d\u00e9but juillet, Sean Duffy, son ministre des Transports, \u00e0 la t\u00eate de l&rsquo;agence f\u00e9d\u00e9rale, apr\u00e8s avoir propos\u00e9 l&rsquo;homme d&rsquo;affaires Jared Isaacman, un proche du multimilliardaire Elon Musk, finalement \u00e9cart\u00e9.<\/p>\n","protected":false},"excerpt":{"rendered":"Malgr\u00e9 ce d\u00e9graissage, l\u2019agence spatiale am\u00e9ricaine devra poursuivre convenablement ses missions habit\u00e9es sur la Lune et Mars, dont&hellip;\n","protected":false},"author":2,"featured_media":275414,"comment_status":"","ping_status":"","sticky":false,"template":"","format":"standard","meta":{"footnotes":""},"categories":[1589],"tags":[11,75,73,1866,333,12,1864,1865,1863,308],"class_list":{"0":"post-275413","1":"post","2":"type-post","3":"status-publish","4":"format-standard","5":"has-post-thumbnail","7":"category-etats-unis","8":"tag-actualites","9":"tag-donald-trump","10":"tag-etats-unis","11":"tag-etats-unis-damerique","12":"tag-nasa","13":"tag-news","14":"tag-united-states","15":"tag-united-states-of-america","16":"tag-us","17":"tag-usa"},"share_on_mastodon":{"url":"https:\/\/pubeurope.com\/@fr\/114920116967273883","error":""},"_links":{"self":[{"href":"https:\/\/www.europesays.com\/fr\/wp-json\/wp\/v2\/posts\/275413","targetHints":{"allow":["GET"]}}],"collection":[{"href":"https:\/\/www.europesays.com\/fr\/wp-json\/wp\/v2\/posts"}],"about":[{"href":"https:\/\/www.europesays.com\/fr\/wp-json\/wp\/v2\/types\/post"}],"author":[{"embeddable":true,"href":"https:\/\/www.europesays.com\/fr\/wp-json\/wp\/v2\/users\/2"}],"replies":[{"embeddable":true,"href":"https:\/\/www.europesays.com\/fr\/wp-json\/wp\/v2\/comments?post=275413"}],"version-history":[{"count":0,"href":"https:\/\/www.europesays.com\/fr\/wp-json\/wp\/v2\/posts\/275413\/revisions"}],"wp:featuredmedia":[{"embeddable":true,"href":"https:\/\/www.europesays.com\/fr\/wp-json\/wp\/v2\/media\/275414"}],"wp:attachment":[{"href":"https:\/\/www.europesays.com\/fr\/wp-json\/wp\/v2\/media?parent=275413"}],"wp:term":[{"taxonomy":"category","embeddable":true,"href":"https:\/\/www.europesays.com\/fr\/wp-json\/wp\/v2\/categories?post=275413"},{"taxonomy":"post_tag","embeddable":true,"href":"https:\/\/www.europesays.com\/fr\/wp-json\/wp\/v2\/tags?post=275413"}],"curies":[{"name":"wp","href":"https:\/\/api.w.org\/{rel}","templated":true}]}}