{"id":275415,"date":"2025-07-26T14:56:10","date_gmt":"2025-07-26T14:56:10","guid":{"rendered":"https:\/\/www.europesays.com\/fr\/275415\/"},"modified":"2025-07-26T14:56:10","modified_gmt":"2025-07-26T14:56:10","slug":"londres-veut-larguer-de-laide-humanitaire-et-evacuer-des-enfants-ayant-besoin-dune-aide-medicale","status":"publish","type":"post","link":"https:\/\/www.europesays.com\/fr\/275415\/","title":{"rendered":"Londres veut larguer de l\u2019aide humanitaire et \u00e9vacuer des enfants ayant besoin d\u2019une aide m\u00e9dicale"},"content":{"rendered":"<p>Londres veut larguer de l\u2019aide humanitaire \u00e0 Gaza et \u00e0 \u00e9vacuer des \u00ab\u00a0enfants ayant besoin d\u2019une assistance m\u00e9dicale\u00a0\u00bb. \u00ab\u00a0Le premier ministre (Keir Starmer) a expliqu\u00e9 comment le Royaume-Uni allait \u00e9galement mettre en \u0153uvre des plans visant \u00e0 collaborer avec des partenaires tels que la Jordanie pour acheminer de l\u2019aide par voie a\u00e9rienne et \u00e9vacuer les enfants ayant besoin d\u2019une assistance m\u00e9dicale\u00a0\u00bb, a d\u00e9taill\u00e9 un porte-parole\u00a0de Downing Street, samedi 26\u00a0juillet, dans un communiqu\u00e9 publi\u00e9 \u00e0 l\u2019issue d\u2019un entretien t\u00e9l\u00e9phonique entre Keir Starmer, le pr\u00e9sident fran\u00e7ais Emmanuel Macron et le chancelier allemand Friedrich Merz.<\/p>\n<p>La veille, Paris, Berlin et Londres ont exhort\u00e9 le gouvernement isra\u00e9lien \u00e0 \u00ab\u00a0lever imm\u00e9diatement les restrictions sur l\u2019acheminement de l\u2019aide\u00a0\u00bb.\u00a0Isra\u00ebl fait face \u00e0 <a target=\"_self\" href=\"https:\/\/www.lanouvellerepublique.fr\/a-la-une\/israel-d-un-soutien-planetaire-a-une-honte-internationale-1753212726\" rel=\"noopener\">une pression internationale croissante<\/a> concernant <a target=\"_self\" href=\"https:\/\/www.lanouvellerepublique.fr\/a-la-une\/il-s-agit-d-une-famine-deliberee-a-gaza-un-quart-des-jeunes-enfants-examines-la-semaine-derniere-est-malnutri-denonce-msf-1753435367\" rel=\"noopener\">la situation humanitaire dramatique de Gaza<\/a>. Il a tr\u00e8s partiellement assoupli fin mai un blocus total impos\u00e9 d\u00e9but mars \u00e0 l\u2019enclave palestinienne, qui a entra\u00een\u00e9 de tr\u00e8s graves p\u00e9nuries de nourriture, m\u00e9dicaments et autres biens de premi\u00e8re n\u00e9cessit\u00e9.<\/p>\n<p>Reprise des largages d&rsquo;aide humanitaire<\/p>\n<p>Selon le Programme alimentaire mondial, l\u2019agence de l\u2019Onu s\u2019occupant de l\u2019aide alimentaire, un tiers environ des habitants de la bande de Gaza ne mangent pas pendant des jours.<\/p>\n<p>Vendredi, un responsable isra\u00e9lien a affirm\u00e9 que les largages d\u2019aide humanitaire allaient reprendre rapidement dans la bande de Gaza, territoire ravag\u00e9 par plus de 21 mois de guerre et menac\u00e9 de famine.\u00a0Ces largages doivent se faire \u00ab\u00a0sous la coordination des \u00c9mirats arabes unis et de la Jordanie\u00a0\u00bb, a-t-il dit sous couvert d\u2019anonymat.<\/p>\n","protected":false},"excerpt":{"rendered":"Londres veut larguer de l\u2019aide humanitaire \u00e0 Gaza et \u00e0 \u00e9vacuer des \u00ab\u00a0enfants ayant besoin d\u2019une assistance m\u00e9dicale\u00a0\u00bb.&hellip;\n","protected":false},"author":2,"featured_media":275416,"comment_status":"","ping_status":"","sticky":false,"template":"","format":"standard","meta":{"footnotes":""},"categories":[1588],"tags":[328,11,1777,674,329,664,74,12,473,1853,3400,1851,1850,1852],"class_list":{"0":"post-275415","1":"post","2":"type-post","3":"status-publish","4":"format-standard","5":"has-post-thumbnail","7":"category-royaume-uni","8":"tag-a-la-une","9":"tag-actualites","10":"tag-eu","11":"tag-europe","12":"tag-france-monde","13":"tag-israel","14":"tag-monde","15":"tag-news","16":"tag-royaume-uni","17":"tag-royaume-uni-de-grande-bretagne-et-dirlande-du-nord","18":"tag-solidarite","19":"tag-uk","20":"tag-united-kingdom","21":"tag-united-kingdom-of-great-britain-and-northern-ireland"},"share_on_mastodon":{"url":"https:\/\/pubeurope.com\/@fr\/114920120946460856","error":""},"_links":{"self":[{"href":"https:\/\/www.europesays.com\/fr\/wp-json\/wp\/v2\/posts\/275415","targetHints":{"allow":["GET"]}}],"collection":[{"href":"https:\/\/www.europesays.com\/fr\/wp-json\/wp\/v2\/posts"}],"about":[{"href":"https:\/\/www.europesays.com\/fr\/wp-json\/wp\/v2\/types\/post"}],"author":[{"embeddable":true,"href":"https:\/\/www.europesays.com\/fr\/wp-json\/wp\/v2\/users\/2"}],"replies":[{"embeddable":true,"href":"https:\/\/www.europesays.com\/fr\/wp-json\/wp\/v2\/comments?post=275415"}],"version-history":[{"count":0,"href":"https:\/\/www.europesays.com\/fr\/wp-json\/wp\/v2\/posts\/275415\/revisions"}],"wp:featuredmedia":[{"embeddable":true,"href":"https:\/\/www.europesays.com\/fr\/wp-json\/wp\/v2\/media\/275416"}],"wp:attachment":[{"href":"https:\/\/www.europesays.com\/fr\/wp-json\/wp\/v2\/media?parent=275415"}],"wp:term":[{"taxonomy":"category","embeddable":true,"href":"https:\/\/www.europesays.com\/fr\/wp-json\/wp\/v2\/categories?post=275415"},{"taxonomy":"post_tag","embeddable":true,"href":"https:\/\/www.europesays.com\/fr\/wp-json\/wp\/v2\/tags?post=275415"}],"curies":[{"name":"wp","href":"https:\/\/api.w.org\/{rel}","templated":true}]}}