{"id":275417,"date":"2025-07-26T14:57:14","date_gmt":"2025-07-26T14:57:14","guid":{"rendered":"https:\/\/www.europesays.com\/fr\/275417\/"},"modified":"2025-07-26T14:57:14","modified_gmt":"2025-07-26T14:57:14","slug":"faits-et-chiffres-sur-les-allemands","status":"publish","type":"post","link":"https:\/\/www.europesays.com\/fr\/275417\/","title":{"rendered":"Faits et chiffres sur les Allemands"},"content":{"rendered":"<p>\t\t\t\t\t<strong>Combien les Allemands sont-ils r\u00e9mun\u00e9r\u00e9s\u00a0?<\/strong><\/p>\n<p>En avril\u00a02024, la personne moyenne qui est salari\u00e9e per\u00e7oit 4\u00a0634\u00a0euros bruts par mois, hors paiements exceptionnels.\u00a0Les <a href=\"https:\/\/www.deutschland.de\/fr\/topic\/vie-moderne\/les-femmes-en-allemagne-societe-politique-education\" rel=\"nofollow noopener\" target=\"_blank\">femmes<\/a> gagnent en moyenne 4\u00a0214\u00a0euros bruts, soit nettement moins que les hommes (4\u00a0830\u00a0euros).<\/p>\n<p>\u00c9tant donn\u00e9 qu\u2019un petit nombre de personnes ayant des salaires tr\u00e8s \u00e9lev\u00e9s influencent fortement la moyenne, on utilise \u00e9galement en tant que valeur moyenne la m\u00e9diane. Selon celle-ci, en avril\u00a02024, une personne travaillant \u00e0 temps plein gagne 3\u00a0978\u00a0euros bruts, en moyenne. Les femmes gagnent 3\u00a0777\u00a0euros bruts, les hommes 4\u00a0077\u00a0euros.<\/p>\n<p><strong>Combien de temps travaillent les Allemands\u00a0?<\/strong><\/p>\n<p>L\u2019Allemand moyen <a href=\"https:\/\/www.deutschland.de\/fr\/travail-en-allemagne\" rel=\"nofollow noopener\" target=\"_blank\">travaille<\/a> 40,2\u00a0heures par semaine \u00e0 temps plein. 29\u00a0pour\u00a0cent des actifs \u00e2g\u00e9s de 15\u00a0\u00e0\u00a064\u00a0ans travaillent \u00e0 temps partiel, soit 21,8\u00a0heures par semaine en moyenne. En 2024, le taux d\u2019emploi en Allemagne se situe \u00e0 77\u00a0pour\u00a0cent.<\/p>\n<p><strong>Quelle taille et quel poids font les Allemands\u00a0?<\/strong><\/p>\n<p>La femme moyenne mesure 1,66\u00a0m\u00e8tre et p\u00e8se 69,2\u00a0kilos. L\u2019homme moyen mesure 1,79\u00a0m\u00e8tre et p\u00e8se 85,8\u00a0kilos.<\/p>\n<p><strong>\u00c0 quel \u00e2ge quittent-ils le domicile familial\u00a0?<\/strong><\/p>\n<p>En Allemagne, l\u2019Allemand moyen quitte le domicile parental \u00e0 l\u2019\u00e2ge de 23,9\u00a0ans (2024). Les femmes quittent le domicile familial \u00e0 23,1\u00a0ans, soit environ un an et demi plus t\u00f4t que les hommes, \u00e0 24,6\u00a0ans.<\/p>\n","protected":false},"excerpt":{"rendered":"Combien les Allemands sont-ils r\u00e9mun\u00e9r\u00e9s\u00a0? En avril\u00a02024, la personne moyenne qui est salari\u00e9e per\u00e7oit 4\u00a0634\u00a0euros bruts par mois,&hellip;\n","protected":false},"author":2,"featured_media":275418,"comment_status":"","ping_status":"","sticky":false,"template":"","format":"standard","meta":{"footnotes":""},"categories":[1587],"tags":[11,672,1804,1805,1803,1777,674,1801,12,1802],"class_list":{"0":"post-275417","1":"post","2":"type-post","3":"status-publish","4":"format-standard","5":"has-post-thumbnail","7":"category-allemagne","8":"tag-actualites","9":"tag-allemagne","10":"tag-bundesrepublik-deutschland","11":"tag-de","12":"tag-deutschland","13":"tag-eu","14":"tag-europe","15":"tag-germany","16":"tag-news","17":"tag-republique-federale-dallemagne"},"share_on_mastodon":{"url":"https:\/\/pubeurope.com\/@fr\/114920124850033797","error":""},"_links":{"self":[{"href":"https:\/\/www.europesays.com\/fr\/wp-json\/wp\/v2\/posts\/275417","targetHints":{"allow":["GET"]}}],"collection":[{"href":"https:\/\/www.europesays.com\/fr\/wp-json\/wp\/v2\/posts"}],"about":[{"href":"https:\/\/www.europesays.com\/fr\/wp-json\/wp\/v2\/types\/post"}],"author":[{"embeddable":true,"href":"https:\/\/www.europesays.com\/fr\/wp-json\/wp\/v2\/users\/2"}],"replies":[{"embeddable":true,"href":"https:\/\/www.europesays.com\/fr\/wp-json\/wp\/v2\/comments?post=275417"}],"version-history":[{"count":0,"href":"https:\/\/www.europesays.com\/fr\/wp-json\/wp\/v2\/posts\/275417\/revisions"}],"wp:featuredmedia":[{"embeddable":true,"href":"https:\/\/www.europesays.com\/fr\/wp-json\/wp\/v2\/media\/275418"}],"wp:attachment":[{"href":"https:\/\/www.europesays.com\/fr\/wp-json\/wp\/v2\/media?parent=275417"}],"wp:term":[{"taxonomy":"category","embeddable":true,"href":"https:\/\/www.europesays.com\/fr\/wp-json\/wp\/v2\/categories?post=275417"},{"taxonomy":"post_tag","embeddable":true,"href":"https:\/\/www.europesays.com\/fr\/wp-json\/wp\/v2\/tags?post=275417"}],"curies":[{"name":"wp","href":"https:\/\/api.w.org\/{rel}","templated":true}]}}