{"id":275419,"date":"2025-07-26T14:58:13","date_gmt":"2025-07-26T14:58:13","guid":{"rendered":"https:\/\/www.europesays.com\/fr\/275419\/"},"modified":"2025-07-26T14:58:13","modified_gmt":"2025-07-26T14:58:13","slug":"les-emirats-et-lue-renforcent-leurs-liens-economiques","status":"publish","type":"post","link":"https:\/\/www.europesays.com\/fr\/275419\/","title":{"rendered":"Les \u00c9mirats et l&rsquo;UE renforcent leurs liens \u00e9conomiques"},"content":{"rendered":"<p><strong><a target=\"_blank\" href=\"https:\/\/www.atalayar.com\/fr\/articulo\/economie-et-entreprises\/entreprises-emergentes-du-moyen-orient-recoivent-peu-dinvestissements\/20250708104519216559.html\" rel=\"noopener\">Les \u00c9mirats arabes unis<\/a> et l&rsquo;Union europ\u00e9enne (UE) ont explor\u00e9 de nouvelles voies pour renforcer leur coop\u00e9ration \u00e9conomique gr\u00e2ce aux derniers contacts \u00e9tablis \u00e0 Bruxelles, entre Thani bin Ahmed Al-Zeyoudi, ministre \u00e9mirati du Commerce ext\u00e9rieur, et Maro\u0161 \u0160ef\u010dovi\u010d, commissaire europ\u00e9en au Commerce.\u00a0<\/strong><\/p>\n<p>L&rsquo;objectif des deux parties est de d\u00e9velopper davantage leurs relations commerciales et d&rsquo;investissement, en se concentrant sur des secteurs strat\u00e9giques cl\u00e9s.\u00a0<\/p>\n<p>Lors du sommet qui s&rsquo;est tenu \u00e0 Bruxelles, <strong>les deux parties ont abord\u00e9 les derniers progr\u00e8s des n\u00e9gociations visant \u00e0 conclure un accord de partenariat \u00e9conomique global (CEPA), <\/strong>apr\u00e8s le premier cycle de discussions qui s&rsquo;est tenu fin juin et d\u00e9but juillet.<\/p>\n<p>\u00c0 cet \u00e9gard, l&rsquo;accord de partenariat \u00e9conomique global propos\u00e9 devrait permettre de renforcer les liens commerciaux et d&rsquo;investissement, en accordant une place pr\u00e9pond\u00e9rante au secteur priv\u00e9 et en favorisant la croissance \u00e9conomique des deux parties.\u00a0<\/p>\n<p>\u00c0 l&rsquo;issue de ces contacts, Thani bin Ahmed Al-Zeyoudi et Maro\u0161 \u0160ef\u010dovi\u010d se sont montr\u00e9s optimistes quant aux progr\u00e8s r\u00e9alis\u00e9s et aux avantages potentiels des accords conclus, comme l&rsquo;a rapport\u00e9 l&rsquo;agence de presse officielle \u00e9miratie WAM. Le ministre \u00e9mirati du Commerce ext\u00e9rieur a indiqu\u00e9 que le dialogue continu avec l&rsquo;Union europ\u00e9enne est essentiel pour s&rsquo;adapter \u00e0 l&rsquo;\u00e9volution du paysage commercial mondial, soulignant que l&rsquo;UE est un partenaire commercial et d&rsquo;investissement pr\u00e9cieux pour les \u00c9mirats, un pays d\u00e9sireux de d\u00e9velopper davantage de secteurs strat\u00e9giques cl\u00e9s pour l&rsquo;avenir, tels que les \u00e9nergies renouvelables ou les technologies innovantes.<\/p>\n<p><img decoding=\"async\" width=\"1200\" height=\"675\" alt=\"Banderas de la Uni\u00f3n Europea - PHOTO\/FILE\" src=\"https:\/\/www.europesays.com\/fr\/wp-content\/uploads\/2025\/06\/2023112014444869584.jpg\" loading=\"lazy\"  \/><br \/>\nFlags of the European Union &#8211;<strong> PHOTO\/FILE<\/strong><\/p>\n<p><strong>Le ministre \u00e9mirati a soulign\u00e9 l&rsquo;importance de d\u00e9velopper de nouveaux liens \u00e9conomiques et commerciaux en misant sur des secteurs en plein essor, tels que ceux li\u00e9s \u00e0 la transition \u00e9nerg\u00e9tique, aux technologies de pointe et \u00e0 la s\u00e9curit\u00e9 alimentaire, en plus des \u00e9nergies renouvelables.<\/strong> Cela s&rsquo;inscrit dans le plan de l&rsquo;\u00c9tat \u00e9mirati visant \u00e0 diversifier son \u00e9conomie afin de ne pas d\u00e9pendre exclusivement des hydrocarbures, principale source de financement national, en investissant d&rsquo;importantes ressources \u00e9conomiques dans le d\u00e9veloppement d&rsquo;autres secteurs avec la collaboration d&rsquo;autres pays plus exp\u00e9riment\u00e9s dans ces nouveaux domaines de d\u00e9veloppement, tels que le tourisme, les sports, les infrastructures de toutes sortes, les nouvelles technologies, etc. Une voie de planification \u00e9conomique qui a \u00e9t\u00e9 suivie par d&rsquo;autres pays du Golfe, comme l&rsquo;Arabie saoudite.\u00a0<\/p>\n<p>La d\u00e9l\u00e9gation des \u00c9mirats arabes unis qui s&rsquo;est rendue \u00e0 Bruxelles comprenait <strong>Mohammed Al-Sahlawi, ambassadeur des \u00c9mirats arabes unis au Royaume de Belgique, \u00e0 l&rsquo;Union europ\u00e9enne et au Grand-Duch\u00e9 de Luxembourg, et Juma Mohammed Al-Kait, sous-secr\u00e9taire adjoint au minist\u00e8re du Commerce ext\u00e9rieur.\u00a0<\/strong><\/p>\n<p>Cette coop\u00e9ration est tr\u00e8s prometteuse, car les \u00c9mirats et l&rsquo;UE souhaitent renforcer leurs liens \u00e9conomiques, qui sont d\u00e9j\u00e0 tr\u00e8s solides. Il convient de rappeler qu&rsquo;en 2024, <strong>le volume des \u00e9changes commerciaux non p\u00e9troliers entre les deux pays a atteint 67 milliards de dollars, soit une augmentation de 2,4 % par rapport \u00e0 l&rsquo;ann\u00e9e pr\u00e9c\u00e9dente, et que l&rsquo;UE est rest\u00e9e le deuxi\u00e8me partenaire commercial mondial des \u00c9mirats arabes unis,<\/strong> repr\u00e9sentant 8,3 % de leur commerce non p\u00e9trolier total.<\/p>\n<p><strong>Il convient de souligner que les \u00c9mirats continuent d&rsquo;\u00e9tendre leur r\u00e9seau de partenaires commerciaux et d&rsquo;investissement \u00e0 travers le monde gr\u00e2ce au programme d&rsquo;accords de partenariat \u00e9conomique global,<\/strong> qui constituent un outil important pour promouvoir la croissance du commerce ext\u00e9rieur non p\u00e9trolier.\u00a0<\/p>\n<p>Pour les \u00c9mirats, il est tr\u00e8s important de renforcer les liens avec un partenaire tel que l&rsquo;Union europ\u00e9enne, car cela leur ouvre davantage de d\u00e9bouch\u00e9s commerciaux et favorise le d\u00e9veloppement \u00e9conomique durable, surtout si l&rsquo;on mise, comme c&rsquo;est le cas, sur des secteurs tels que les \u00e9nergies renouvelables et les technologies innovantes, en s&rsquo;\u00e9loignant des secteurs et des industries plus li\u00e9s \u00e0 la d\u00e9t\u00e9rioration de l&rsquo;environnement, comme celui des hydrocarbures. Une strat\u00e9gie qui s&rsquo;oriente sans aucun doute vers une tendance \u00e9conomique davantage tourn\u00e9e vers l&rsquo;avenir et loin de l&rsquo;ancrage dans le pass\u00e9.<\/p>\n","protected":false},"excerpt":{"rendered":"Les \u00c9mirats arabes unis et l&rsquo;Union europ\u00e9enne (UE) ont explor\u00e9 de nouvelles voies pour renforcer leur coop\u00e9ration \u00e9conomique&hellip;\n","protected":false},"author":2,"featured_media":275420,"comment_status":"","ping_status":"","sticky":false,"template":"","format":"standard","meta":{"footnotes":""},"categories":[1586],"tags":[11,41480,1777,674,1779,1011,27,1577,41482,12,25,14749,41481],"class_list":{"0":"post-275419","1":"post","2":"type-post","3":"status-publish","4":"format-standard","5":"has-post-thumbnail","7":"category-europe","8":"tag-actualites","9":"tag-emiratos-arabes-unidos","10":"tag-eu","11":"tag-europe","12":"tag-european-union","13":"tag-fr","14":"tag-france","15":"tag-l","16":"tag-les-emirats-arabes-unis","17":"tag-news","18":"tag-republique-francaise","19":"tag-union-europea","20":"tag-united-arab-emirates"},"share_on_mastodon":{"url":"https:\/\/pubeurope.com\/@fr\/114920128805449652","error":""},"_links":{"self":[{"href":"https:\/\/www.europesays.com\/fr\/wp-json\/wp\/v2\/posts\/275419","targetHints":{"allow":["GET"]}}],"collection":[{"href":"https:\/\/www.europesays.com\/fr\/wp-json\/wp\/v2\/posts"}],"about":[{"href":"https:\/\/www.europesays.com\/fr\/wp-json\/wp\/v2\/types\/post"}],"author":[{"embeddable":true,"href":"https:\/\/www.europesays.com\/fr\/wp-json\/wp\/v2\/users\/2"}],"replies":[{"embeddable":true,"href":"https:\/\/www.europesays.com\/fr\/wp-json\/wp\/v2\/comments?post=275419"}],"version-history":[{"count":0,"href":"https:\/\/www.europesays.com\/fr\/wp-json\/wp\/v2\/posts\/275419\/revisions"}],"wp:featuredmedia":[{"embeddable":true,"href":"https:\/\/www.europesays.com\/fr\/wp-json\/wp\/v2\/media\/275420"}],"wp:attachment":[{"href":"https:\/\/www.europesays.com\/fr\/wp-json\/wp\/v2\/media?parent=275419"}],"wp:term":[{"taxonomy":"category","embeddable":true,"href":"https:\/\/www.europesays.com\/fr\/wp-json\/wp\/v2\/categories?post=275419"},{"taxonomy":"post_tag","embeddable":true,"href":"https:\/\/www.europesays.com\/fr\/wp-json\/wp\/v2\/tags?post=275419"}],"curies":[{"name":"wp","href":"https:\/\/api.w.org\/{rel}","templated":true}]}}