{"id":275421,"date":"2025-07-26T14:59:12","date_gmt":"2025-07-26T14:59:12","guid":{"rendered":"https:\/\/www.europesays.com\/fr\/275421\/"},"modified":"2025-07-26T14:59:12","modified_gmt":"2025-07-26T14:59:12","slug":"pour-sauver-lue-orban-milite-pour-une-integration-europeenne-a-plusieurs-vitesses","status":"publish","type":"post","link":"https:\/\/www.europesays.com\/fr\/275421\/","title":{"rendered":"Pour \u00ab\u00a0sauver l&rsquo;UE\u00a0\u00bb, Orban milite pour une int\u00e9gration europ\u00e9enne \u00e0 plusieurs vitesses"},"content":{"rendered":"<p class=\"ap-StoryElement ap-StoryElement--mb ap-StoryText\">Interrog\u00e9 sur ce qu&rsquo;il ferait s&rsquo;il \u00e9tait \u00e0 la t\u00eate de la Commission europ\u00e9enne, M. Orban a expliqu\u00e9 qu&rsquo;il rendrait des droits aux Etats-membres et qu&rsquo;il commencerait \u00e0 b\u00e2tir une \u00ab\u00a0Europe de cercles concentriques\u00a0\u00bb.<\/p>\n<p class=\"ap-StoryElement ap-StoryElement--mb ap-StoryText\">Le premier de ces cercles serait focalis\u00e9 sur la s\u00e9curit\u00e9, incluant l&rsquo;Ukraine et la Turquie, deux Etats qui ont pour ambition de rejoindre l&rsquo;UE, a d\u00e9taill\u00e9 le dirigeant nationaliste, qui a toutefois soulev\u00e9 une s\u00e9rie d&rsquo;objections et d&rsquo;obstacles \u00e0 l&rsquo;int\u00e9gration de l&rsquo;Ukraine \u00e0 l&rsquo;Union.<\/p>\n<p class=\"ap-StoryElement ap-StoryElement--mb ap-StoryText\">Le deuxi\u00e8me cercle concernerait une int\u00e9gration \u00e9conomique et l&rsquo;espace Schengen, dans lequel il a assur\u00e9 que la Hongrie resterait.<\/p>\n<p class=\"ap-StoryElement ap-StoryElement--mb ap-StoryText\">Le troisi\u00e8me correspondrait \u00e0 la zone euro actuelle, et le quatri\u00e8me serait un cercle \u00ab\u00a0d&rsquo;institutions constitutionnelles\u00a0\u00bb, pour les Etats-membres aspirant \u00e0 \u00ab\u00a0une union encore plus forte\u00a0\u00bb.<\/p>\n<p class=\"ap-StoryElement ap-StoryElement--mb ap-StoryText\">\u00ab\u00a0Construire cette Europe faite de cercles concentriques est la seule mani\u00e8re de sauver l&rsquo;Union europ\u00e9enne. Autrement, elle va s&rsquo;\u00e9crouler, se d\u00e9sint\u00e9grer, et commencer \u00e0 se connecter avec des points de r\u00e9f\u00e9rence ext\u00e9rieurs comme les Britanniques\u00a0\u00bb, a affirm\u00e9 M. Orban.<\/p>\n<p class=\"ap-StoryElement ap-StoryElement--mb ap-StoryText\">Le Premier ministre hongrois a cit\u00e9 comme exemple l&rsquo;immigration, alors que la Hongrie, et d&rsquo;autres pays, cherchent \u00e0 se soustraire \u00e0 la politique commune d&rsquo;asile de l&rsquo;Union.<\/p>\n","protected":false},"excerpt":{"rendered":"Interrog\u00e9 sur ce qu&rsquo;il ferait s&rsquo;il \u00e9tait \u00e0 la t\u00eate de la Commission europ\u00e9enne, M. Orban a expliqu\u00e9&hellip;\n","protected":false},"author":2,"featured_media":2837,"comment_status":"","ping_status":"","sticky":false,"template":"","format":"standard","meta":{"footnotes":""},"categories":[1586],"tags":[11,312,1777,674,1779,1011,27,804,12,25,1778,364],"class_list":{"0":"post-275421","1":"post","2":"type-post","3":"status-publish","4":"format-standard","5":"has-post-thumbnail","7":"category-europe","8":"tag-actualites","9":"tag-diplomatie","10":"tag-eu","11":"tag-europe","12":"tag-european-union","13":"tag-fr","14":"tag-france","15":"tag-hongrie","16":"tag-news","17":"tag-republique-francaise","18":"tag-ue","19":"tag-union-europeenne"},"share_on_mastodon":{"url":"https:\/\/pubeurope.com\/@fr\/114920133331881187","error":""},"_links":{"self":[{"href":"https:\/\/www.europesays.com\/fr\/wp-json\/wp\/v2\/posts\/275421","targetHints":{"allow":["GET"]}}],"collection":[{"href":"https:\/\/www.europesays.com\/fr\/wp-json\/wp\/v2\/posts"}],"about":[{"href":"https:\/\/www.europesays.com\/fr\/wp-json\/wp\/v2\/types\/post"}],"author":[{"embeddable":true,"href":"https:\/\/www.europesays.com\/fr\/wp-json\/wp\/v2\/users\/2"}],"replies":[{"embeddable":true,"href":"https:\/\/www.europesays.com\/fr\/wp-json\/wp\/v2\/comments?post=275421"}],"version-history":[{"count":0,"href":"https:\/\/www.europesays.com\/fr\/wp-json\/wp\/v2\/posts\/275421\/revisions"}],"wp:featuredmedia":[{"embeddable":true,"href":"https:\/\/www.europesays.com\/fr\/wp-json\/wp\/v2\/media\/2837"}],"wp:attachment":[{"href":"https:\/\/www.europesays.com\/fr\/wp-json\/wp\/v2\/media?parent=275421"}],"wp:term":[{"taxonomy":"category","embeddable":true,"href":"https:\/\/www.europesays.com\/fr\/wp-json\/wp\/v2\/categories?post=275421"},{"taxonomy":"post_tag","embeddable":true,"href":"https:\/\/www.europesays.com\/fr\/wp-json\/wp\/v2\/tags?post=275421"}],"curies":[{"name":"wp","href":"https:\/\/api.w.org\/{rel}","templated":true}]}}