{"id":275424,"date":"2025-07-26T15:01:12","date_gmt":"2025-07-26T15:01:12","guid":{"rendered":"https:\/\/www.europesays.com\/fr\/275424\/"},"modified":"2025-07-26T15:01:12","modified_gmt":"2025-07-26T15:01:12","slug":"ol-fofana-titulaire-dans-un-onze-experimente","status":"publish","type":"post","link":"https:\/\/www.europesays.com\/fr\/275424\/","title":{"rendered":"OL : Fofana titulaire dans un onze exp\u00e9riment\u00e9"},"content":{"rendered":"<p>                            <img width=\"770\" height=\"433\" src=\"https:\/\/www.europesays.com\/fr\/wp-content\/uploads\/2025\/07\/AFP__20241212__DPPI_40424177_006__v1__HighRes__FootballEuropaLeagueLyonVFrankfurt-770x433.jpg\" class=\"attachment-article size-article wp-post-image\" alt=\"Malick Fofana lors d'OL - Francfort\" decoding=\"async\" fetchpriority=\"high\"  \/><\/p>\n<p>Malick Fofana lors d\u2019OL \u2013 Francfort (Photo by Nathan Barange \/ Nathan Barange \/ DPPI via AFP)<\/p>\n<p>Pour ce troisi\u00e8me amical de l\u2019\u00e9t\u00e9, l\u2019OL affronte Hambourg dans son stade. Apr\u00e8s avoir fait tourner lors des deux premiers matchs, Paulo Fonseca a choisi de restreindre la rotation. Malick Fofana est titulaire, tout comme le jeune Khalis Merah.<\/p>\n<p>Il avait pr\u00e9venu, il a tenu parole. Apr\u00e8s deux matchs \u00e0 faire des tests et \u00e0 limiter le temps de jeu, Paulo <strong>Fonseca<\/strong> allait profiter du <a href=\"https:\/\/www.olympique-et-lyonnais.com\/hambourg-ol-un-format-particulier-pour-ce-3e-match-amical,372738.html\" rel=\"nofollow noopener\" target=\"_blank\">format particulier<\/a> de cet Hambourg &#8211; OL (2 x 60 minutes) pour revenir \u00e0 des formations plus en ad\u00e9quation \u00e0 celle qui pourrait d\u00e9buter le championnat dans trois semaines. Le Portugais a confirm\u00e9 ce qu&rsquo;il avait dit mercredi, en alignant d&rsquo;entr\u00e9e de jeu, un onze o\u00f9 les joueurs ont l&rsquo;habitude du haut niveau. Seul le jeune Khalis <strong>Merah<\/strong> fait figure de novice, du haut de ses 17 ans. Toutefois, sa pr\u00e9sence dans l&rsquo;entrejeu aux c\u00f4t\u00e9s de Corentin <strong>Tolisso<\/strong> et Tanner <strong>Tessmann<\/strong> vient confirmer tout le bien que le staff pense de lui depuis le d\u00e9but de la pr\u00e9paration.<\/p>\n<p>Maitland-Niles ailier droit<\/p>\n<p>Le milieu est le seul jeune \u00e0 \u00eatre titularis\u00e9 ce samedi apr\u00e8s-midi. Les autres d\u00e9buteront sur le banc et <strong>Fonseca<\/strong> esp\u00e8re donc voir une premi\u00e8re mi-temps consistantes, avec des joueurs exp\u00e9riment\u00e9s. En <a href=\"https:\/\/www.olympique-et-lyonnais.com\/ol-petite-alerte-pour-fofana-perri-sur-le-retour,372634.html\" rel=\"nofollow noopener\" target=\"_blank\">d\u00e9licatesse<\/a> avec un adducteur mercredi avant Molenbeek, Malick <strong>Fofana<\/strong> retrouve une place de titulaire. Il \u00e9voluera \u00e0 gauche dans le 4-3-3, qui devrait se transformer en 4-2-3-1 avec Tolisso en position de meneur. La petite nouveaut\u00e9 se trouve dans la pr\u00e9sence d&rsquo;Ainsley <strong>Maitland-Niles<\/strong> comme ailier droit et non lat\u00e9ral. Ce poste revient \u00e0 Sa\u00ebl <strong>Kumbedi<\/strong>.<\/p>\n<p><strong>La composition de l\u2019OL : <\/strong>Descamps &#8211; Kumbedi, Mata, Niakhat\u00e9, Abner &#8211; Merah, Tessmann, Tolisso &#8211; Maitland-Niles, Mikautadze, Fofana<\/p>\n","protected":false},"excerpt":{"rendered":"Malick Fofana lors d\u2019OL \u2013 Francfort (Photo by Nathan Barange \/ Nathan Barange \/ DPPI via AFP) Pour&hellip;\n","protected":false},"author":2,"featured_media":275425,"comment_status":"","ping_status":"","sticky":false,"template":"","format":"standard","meta":{"footnotes":""},"categories":[2],"tags":[11,1011,27,12,241,978,25],"class_list":{"0":"post-275424","1":"post","2":"type-post","3":"status-publish","4":"format-standard","5":"has-post-thumbnail","7":"category-actualites","8":"tag-actualites","9":"tag-fr","10":"tag-france","11":"tag-news","12":"tag-ol","13":"tag-olympique-lyonnais","14":"tag-republique-francaise"},"share_on_mastodon":{"url":"https:\/\/pubeurope.com\/@fr\/114920140606769215","error":""},"_links":{"self":[{"href":"https:\/\/www.europesays.com\/fr\/wp-json\/wp\/v2\/posts\/275424","targetHints":{"allow":["GET"]}}],"collection":[{"href":"https:\/\/www.europesays.com\/fr\/wp-json\/wp\/v2\/posts"}],"about":[{"href":"https:\/\/www.europesays.com\/fr\/wp-json\/wp\/v2\/types\/post"}],"author":[{"embeddable":true,"href":"https:\/\/www.europesays.com\/fr\/wp-json\/wp\/v2\/users\/2"}],"replies":[{"embeddable":true,"href":"https:\/\/www.europesays.com\/fr\/wp-json\/wp\/v2\/comments?post=275424"}],"version-history":[{"count":0,"href":"https:\/\/www.europesays.com\/fr\/wp-json\/wp\/v2\/posts\/275424\/revisions"}],"wp:featuredmedia":[{"embeddable":true,"href":"https:\/\/www.europesays.com\/fr\/wp-json\/wp\/v2\/media\/275425"}],"wp:attachment":[{"href":"https:\/\/www.europesays.com\/fr\/wp-json\/wp\/v2\/media?parent=275424"}],"wp:term":[{"taxonomy":"category","embeddable":true,"href":"https:\/\/www.europesays.com\/fr\/wp-json\/wp\/v2\/categories?post=275424"},{"taxonomy":"post_tag","embeddable":true,"href":"https:\/\/www.europesays.com\/fr\/wp-json\/wp\/v2\/tags?post=275424"}],"curies":[{"name":"wp","href":"https:\/\/api.w.org\/{rel}","templated":true}]}}